{"id":2818,"date":"2024-12-26T17:16:58","date_gmt":"2024-12-26T17:16:58","guid":{"rendered":"https:\/\/fenomensassociacio.org\/?p=2818"},"modified":"2025-02-13T09:43:13","modified_gmt":"2025-02-13T09:43:13","slug":"la-discapacidad-intelectual-y-el-baloncesto","status":"publish","type":"post","link":"https:\/\/fenomensassociacio.org\/va\/la-discapacidad-intelectual-y-el-baloncesto\/","title":{"rendered":"La discapacitat intel\u00b7lectual i el b\u00e0squet"},"content":{"rendered":"<div data-elementor-type=\"wp-post\" data-elementor-id=\"2818\" class=\"elementor elementor-2818\" data-elementor-post-type=\"post\">\n\t\t\t\t<div class=\"elementor-element elementor-element-6a59e84 e-flex e-con-boxed e-con e-parent\" data-id=\"6a59e84\" data-element_type=\"container\" data-e-type=\"container\" data-settings=\"{&quot;jet_parallax_layout_list&quot;:[]}\">\n\t\t\t\t\t<div class=\"e-con-inner\">\n\t\t\t\t<div class=\"elementor-element elementor-element-6538602 elementor-drop-cap-yes elementor-drop-cap-view-default elementor-widget elementor-widget-text-editor\" data-id=\"6538602\" data-element_type=\"widget\" data-e-type=\"widget\" data-settings=\"{&quot;drop_cap&quot;:&quot;yes&quot;}\" data-widget_type=\"text-editor.default\">\n\t\t\t\t<div class=\"elementor-widget-container\">\n\t\t\t\t\t\t\t\t\t<p data-pm-slice=\"1 1 []\">L'esport \u00e9s una eina poderosa per a la inclusi\u00f3 social i el desenvolupament personal, i el b\u00e0squet no n'\u00e9s l'excepci\u00f3. En el context de la discapacitat, aquest esport ofereix m\u00faltiples beneficis que van m\u00e9s enll\u00e0 de l'aspecte f\u00edsic i impacte tamb\u00e9 en l'autoestima i les habilitats socials dels participants.<\/p><p>El b\u00e0squet adaptat \u00e9s una modalitat que s'ha desenvolupat per incloure persones amb diferents tipus de discapacitat, tant f\u00edsica com intel\u00b7lectual. Aquest esport es practica amb cadira de rodes o amb adaptacions espec\u00edfiques, depenent de les necessitats dels jugadors. La inclusi\u00f3 de normes flexibles permet que tothom pugui gaudir i competir en igualtat de condicions.<\/p><p>Un dels principals beneficis del b\u00e0squet \u00e9s el desenvolupament f\u00edsic. La pr\u00e0ctica regular millora la coordinaci\u00f3 motriu, la for\u00e7a, lequilibri i la resist\u00e8ncia. A m\u00e9s a m\u00e9s, fomenta h\u00e0bits saludables que contribueixen al benestar general de les persones amb discapacitat.<\/p><p>Des d'un punt de vista emocional, el b\u00e0squet ajuda a enfortir la confian\u00e7a i l'autoestima. En enfrontar reptes al joc i superar-los, els jugadors i jugadores experimenten una sensaci\u00f3 d'\u00e8xit que es trasllada a altres \u00e0mbits de la seva vida. A m\u00e9s, l'esport ensenya la import\u00e0ncia del treball en equip, la perseveran\u00e7a i la disciplina.<\/p><p>L\u00b4impacte social tamb\u00e9 \u00e9s significatiu. Participar en un equip de b\u00e0squet permet a les persones amb discapacitat intel\u00b7lectual ampliar les xarxes socials, establir noves amistats i sentir-se part d'una comunitat. Aix\u00f2 \u00e9s especialment important per combatre l'a\u00efllament que sovint s'enfronten.<\/p><p>Hi ha tamb\u00e9 lligues i tornejos de b\u00e0squet adaptat que destaquen el talent i l'esfor\u00e7 dels jugadors amb discapacitat. Aquestes compet\u00e8ncies no nom\u00e9s s\u00f3n una vitrina per demostrar habilitats, sin\u00f3 tamb\u00e9 una manera de sensibilitzar la societat sobre la import\u00e0ncia de la inclusi\u00f3 a l'esport.<\/p><p>Un exemple notable \u00e9s limpacte que tenen els entrenadors\/es i voluntaris\/es en aquest proc\u00e9s. Ells i elles tenen un paper clau en adaptar els entrenaments i motivar els jugadors i jugadores a superar els seus l\u00edmits. El seu comprom\u00eds contribueix a fer que el b\u00e0squet sigui una experi\u00e8ncia enriquidora per als participants.<\/p><p>\u00c9s fonamental que les institucions esportives i les comunitats continu\u00efn promovent l'acc\u00e9s al b\u00e0squet adaptat. Aix\u00f2 inclou des de ladequaci\u00f3 dinstal\u00b7lacions fins a la creaci\u00f3 de programes espec\u00edfics que permetin a les persones amb discapacitat participar plenament.<\/p><p>En conclusi\u00f3, el b\u00e0squet \u00e9s molt m\u00e9s que un esport per a les persones amb discapacitat intel\u00b7lectual; \u00e9s una eina d'apoderament, inclusi\u00f3 i transformaci\u00f3 personal. A trav\u00e9s de la seva pr\u00e0ctica, els jugadors i jugadores no nom\u00e9s milloren la seva condici\u00f3 f\u00edsica, sin\u00f3 que tamb\u00e9 desenvolupen habilitats i valors essencials que enriqueixen les seves vides i les dels qui els envolten.<\/p>\t\t\t\t\t\t\t\t<\/div>\n\t\t\t\t<\/div>\n\t\t\t\t\t<\/div>\n\t\t\t\t<\/div>\n\t\t\t\t<\/div>","protected":false},"excerpt":{"rendered":"<p>El deporte es una herramienta poderosa para la inclusi\u00f3n social y el desarrollo personal, y el baloncesto no es la excepci\u00f3n. En el contexto de la discapacidad, este deporte ofrece m\u00faltiples beneficios que van m\u00e1s all\u00e1 del aspecto f\u00edsico, impactando tambi\u00e9n en la autoestima y las habilidades sociales de los participantes. El baloncesto adaptado es [&hellip;]<\/p>\n","protected":false},"author":1,"featured_media":3654,"comment_status":"open","ping_status":"closed","sticky":false,"template":"","format":"standard","meta":{"footnotes":""},"categories":[1],"tags":[],"class_list":["post-2818","post","type-post","status-publish","format-standard","has-post-thumbnail","hentry","category-uncategorized"],"yoast_head":"<!-- This site is optimized with the Yoast SEO plugin v27.5 - https:\/\/yoast.com\/product\/yoast-seo-wordpress\/ -->\n<title>La discapacidad intelectual y el baloncesto - Fenomens<\/title>\n<meta name=\"description\" content=\"El deporte es una herramienta poderosa para la inclusi\u00f3n social y el desarrollo personal, y el baloncesto no es la excepci\u00f3n. En el contexto de la discapacidad, este deporte ofrece ...\" \/>\n<meta name=\"robots\" content=\"index, follow, max-snippet:-1, max-image-preview:large, max-video-preview:-1\" \/>\n<link rel=\"canonical\" href=\"https:\/\/fenomensassociacio.org\/va\/la-discapacidad-intelectual-y-el-baloncesto\/\" \/>\n<meta property=\"og:locale\" content=\"ca_ES\" \/>\n<meta property=\"og:type\" content=\"article\" \/>\n<meta property=\"og:title\" content=\"La discapacidad intelectual y el baloncesto - Fenomens\" \/>\n<meta property=\"og:description\" content=\"El deporte es una herramienta poderosa para la inclusi\u00f3n social y el desarrollo personal, y el baloncesto no es la excepci\u00f3n. En el contexto de la discapacidad, este deporte ofrece ...\" \/>\n<meta property=\"og:url\" content=\"https:\/\/fenomensassociacio.org\/va\/la-discapacidad-intelectual-y-el-baloncesto\/\" \/>\n<meta property=\"og:site_name\" content=\"Fenomens\" \/>\n<meta property=\"article:publisher\" content=\"https:\/\/www.facebook.com\/elsfenomens\/?locale=es_ES\" \/>\n<meta property=\"article:published_time\" content=\"2024-12-26T17:16:58+00:00\" \/>\n<meta property=\"article:modified_time\" content=\"2025-02-13T09:43:13+00:00\" \/>\n<meta property=\"og:image\" content=\"https:\/\/fenomensassociacio.org\/wp-content\/uploads\/2025\/01\/DSCF4035-scaled.webp\" \/>\n\t<meta property=\"og:image:width\" content=\"1707\" \/>\n\t<meta property=\"og:image:height\" content=\"2560\" \/>\n\t<meta property=\"og:image:type\" content=\"image\/webp\" \/>\n<meta name=\"author\" content=\"admin\" \/>\n<meta name=\"twitter:card\" content=\"summary_large_image\" \/>\n<meta name=\"twitter:label1\" content=\"Escrit per\" \/>\n\t<meta name=\"twitter:data1\" content=\"admin\" \/>\n\t<meta name=\"twitter:label2\" content=\"Temps estimat de lectura\" \/>\n\t<meta name=\"twitter:data2\" content=\"3 minuts\" \/>\n<script type=\"application\/ld+json\" class=\"yoast-schema-graph\">{\"@context\":\"https:\\\/\\\/schema.org\",\"@graph\":[{\"@type\":\"Article\",\"@id\":\"https:\\\/\\\/fenomensassociacio.org\\\/la-discapacidad-intelectual-y-el-baloncesto\\\/#article\",\"isPartOf\":{\"@id\":\"https:\\\/\\\/fenomensassociacio.org\\\/la-discapacidad-intelectual-y-el-baloncesto\\\/\"},\"author\":{\"name\":\"admin\",\"@id\":\"https:\\\/\\\/fenomensassociacio.org\\\/#\\\/schema\\\/person\\\/c1734ce1d720ad761110f905c22e4a6a\"},\"headline\":\"La discapacidad intelectual y el baloncesto\",\"datePublished\":\"2024-12-26T17:16:58+00:00\",\"dateModified\":\"2025-02-13T09:43:13+00:00\",\"mainEntityOfPage\":{\"@id\":\"https:\\\/\\\/fenomensassociacio.org\\\/la-discapacidad-intelectual-y-el-baloncesto\\\/\"},\"wordCount\":489,\"commentCount\":0,\"publisher\":{\"@id\":\"https:\\\/\\\/fenomensassociacio.org\\\/#organization\"},\"image\":{\"@id\":\"https:\\\/\\\/fenomensassociacio.org\\\/la-discapacidad-intelectual-y-el-baloncesto\\\/#primaryimage\"},\"thumbnailUrl\":\"https:\\\/\\\/fenomensassociacio.org\\\/wp-content\\\/uploads\\\/2025\\\/01\\\/DSCF4035-scaled.webp\",\"articleSection\":[\"Uncategorized\"],\"inLanguage\":\"ca\",\"potentialAction\":[{\"@type\":\"CommentAction\",\"name\":\"Comment\",\"target\":[\"https:\\\/\\\/fenomensassociacio.org\\\/la-discapacidad-intelectual-y-el-baloncesto\\\/#respond\"]}]},{\"@type\":\"WebPage\",\"@id\":\"https:\\\/\\\/fenomensassociacio.org\\\/la-discapacidad-intelectual-y-el-baloncesto\\\/\",\"url\":\"https:\\\/\\\/fenomensassociacio.org\\\/la-discapacidad-intelectual-y-el-baloncesto\\\/\",\"name\":\"La discapacidad intelectual y el baloncesto - Fenomens\",\"isPartOf\":{\"@id\":\"https:\\\/\\\/fenomensassociacio.org\\\/#website\"},\"primaryImageOfPage\":{\"@id\":\"https:\\\/\\\/fenomensassociacio.org\\\/la-discapacidad-intelectual-y-el-baloncesto\\\/#primaryimage\"},\"image\":{\"@id\":\"https:\\\/\\\/fenomensassociacio.org\\\/la-discapacidad-intelectual-y-el-baloncesto\\\/#primaryimage\"},\"thumbnailUrl\":\"https:\\\/\\\/fenomensassociacio.org\\\/wp-content\\\/uploads\\\/2025\\\/01\\\/DSCF4035-scaled.webp\",\"datePublished\":\"2024-12-26T17:16:58+00:00\",\"dateModified\":\"2025-02-13T09:43:13+00:00\",\"description\":\"El deporte es una herramienta poderosa para la inclusi\u00f3n social y el desarrollo personal, y el baloncesto no es la excepci\u00f3n. En el contexto de la discapacidad, este deporte ofrece ...\",\"breadcrumb\":{\"@id\":\"https:\\\/\\\/fenomensassociacio.org\\\/la-discapacidad-intelectual-y-el-baloncesto\\\/#breadcrumb\"},\"inLanguage\":\"ca\",\"potentialAction\":[{\"@type\":\"ReadAction\",\"target\":[\"https:\\\/\\\/fenomensassociacio.org\\\/la-discapacidad-intelectual-y-el-baloncesto\\\/\"]}]},{\"@type\":\"ImageObject\",\"inLanguage\":\"ca\",\"@id\":\"https:\\\/\\\/fenomensassociacio.org\\\/la-discapacidad-intelectual-y-el-baloncesto\\\/#primaryimage\",\"url\":\"https:\\\/\\\/fenomensassociacio.org\\\/wp-content\\\/uploads\\\/2025\\\/01\\\/DSCF4035-scaled.webp\",\"contentUrl\":\"https:\\\/\\\/fenomensassociacio.org\\\/wp-content\\\/uploads\\\/2025\\\/01\\\/DSCF4035-scaled.webp\",\"width\":1707,\"height\":2560,\"caption\":\"imagen de un jugador de baloncesto de fenomens\"},{\"@type\":\"BreadcrumbList\",\"@id\":\"https:\\\/\\\/fenomensassociacio.org\\\/la-discapacidad-intelectual-y-el-baloncesto\\\/#breadcrumb\",\"itemListElement\":[{\"@type\":\"ListItem\",\"position\":1,\"name\":\"Portada\",\"item\":\"https:\\\/\\\/fenomensassociacio.org\\\/\"},{\"@type\":\"ListItem\",\"position\":2,\"name\":\"La discapacidad intelectual y el baloncesto\"}]},{\"@type\":\"WebSite\",\"@id\":\"https:\\\/\\\/fenomensassociacio.org\\\/#website\",\"url\":\"https:\\\/\\\/fenomensassociacio.org\\\/\",\"name\":\"Fenomens\",\"description\":\"Associaci\u00f3 de persones amb discapacitat intel.lectual\",\"publisher\":{\"@id\":\"https:\\\/\\\/fenomensassociacio.org\\\/#organization\"},\"potentialAction\":[{\"@type\":\"SearchAction\",\"target\":{\"@type\":\"EntryPoint\",\"urlTemplate\":\"https:\\\/\\\/fenomensassociacio.org\\\/?s={search_term_string}\"},\"query-input\":{\"@type\":\"PropertyValueSpecification\",\"valueRequired\":true,\"valueName\":\"search_term_string\"}}],\"inLanguage\":\"ca\"},{\"@type\":\"Organization\",\"@id\":\"https:\\\/\\\/fenomensassociacio.org\\\/#organization\",\"name\":\"Fenomens\",\"url\":\"https:\\\/\\\/fenomensassociacio.org\\\/\",\"logo\":{\"@type\":\"ImageObject\",\"inLanguage\":\"ca\",\"@id\":\"https:\\\/\\\/fenomensassociacio.org\\\/#\\\/schema\\\/logo\\\/image\\\/\",\"url\":\"https:\\\/\\\/fenomensassociacio.org\\\/wp-content\\\/uploads\\\/2020\\\/06\\\/logo_fenomens_color_sin_fondo_subtitulo.webp\",\"contentUrl\":\"https:\\\/\\\/fenomensassociacio.org\\\/wp-content\\\/uploads\\\/2020\\\/06\\\/logo_fenomens_color_sin_fondo_subtitulo.webp\",\"width\":2048,\"height\":1707,\"caption\":\"Fenomens\"},\"image\":{\"@id\":\"https:\\\/\\\/fenomensassociacio.org\\\/#\\\/schema\\\/logo\\\/image\\\/\"},\"sameAs\":[\"https:\\\/\\\/www.facebook.com\\\/elsfenomens\\\/?locale=es_ES\",\"https:\\\/\\\/www.instagram.com\\\/associacio_fenomens\\\/p\\\/DDjl2kbIsrU\\\/?img_index=1\"]},{\"@type\":\"Person\",\"@id\":\"https:\\\/\\\/fenomensassociacio.org\\\/#\\\/schema\\\/person\\\/c1734ce1d720ad761110f905c22e4a6a\",\"name\":\"admin\",\"image\":{\"@type\":\"ImageObject\",\"inLanguage\":\"ca\",\"@id\":\"https:\\\/\\\/fenomensassociacio.org\\\/wp-content\\\/litespeed\\\/avatar\\\/8a4c5022de4aad7118ebd8830ae8ea5f.jpg?ver=1776947167\",\"url\":\"https:\\\/\\\/fenomensassociacio.org\\\/wp-content\\\/litespeed\\\/avatar\\\/8a4c5022de4aad7118ebd8830ae8ea5f.jpg?ver=1776947167\",\"contentUrl\":\"https:\\\/\\\/fenomensassociacio.org\\\/wp-content\\\/litespeed\\\/avatar\\\/8a4c5022de4aad7118ebd8830ae8ea5f.jpg?ver=1776947167\",\"caption\":\"admin\"},\"sameAs\":[\"https:\\\/\\\/fenomensassociacio.org\"],\"url\":\"https:\\\/\\\/fenomensassociacio.org\\\/va\\\/author\\\/fenomensa\\\/\"}]}<\/script>\n<!-- \/ Yoast SEO plugin. -->","yoast_head_json":{"title":"La discapacidad intelectual y el baloncesto - Fenomens","description":"El deporte es una herramienta poderosa para la inclusi\u00f3n social y el desarrollo personal, y el baloncesto no es la excepci\u00f3n. En el contexto de la discapacidad, este deporte ofrece ...","robots":{"index":"index","follow":"follow","max-snippet":"max-snippet:-1","max-image-preview":"max-image-preview:large","max-video-preview":"max-video-preview:-1"},"canonical":"https:\/\/fenomensassociacio.org\/va\/la-discapacidad-intelectual-y-el-baloncesto\/","og_locale":"ca_ES","og_type":"article","og_title":"La discapacidad intelectual y el baloncesto - Fenomens","og_description":"El deporte es una herramienta poderosa para la inclusi\u00f3n social y el desarrollo personal, y el baloncesto no es la excepci\u00f3n. En el contexto de la discapacidad, este deporte ofrece ...","og_url":"https:\/\/fenomensassociacio.org\/va\/la-discapacidad-intelectual-y-el-baloncesto\/","og_site_name":"Fenomens","article_publisher":"https:\/\/www.facebook.com\/elsfenomens\/?locale=es_ES","article_published_time":"2024-12-26T17:16:58+00:00","article_modified_time":"2025-02-13T09:43:13+00:00","og_image":[{"width":1707,"height":2560,"url":"https:\/\/fenomensassociacio.org\/wp-content\/uploads\/2025\/01\/DSCF4035-scaled.webp","type":"image\/webp"}],"author":"admin","twitter_card":"summary_large_image","twitter_misc":{"Escrit per":"admin","Temps estimat de lectura":"3 minuts"},"schema":{"@context":"https:\/\/schema.org","@graph":[{"@type":"Article","@id":"https:\/\/fenomensassociacio.org\/la-discapacidad-intelectual-y-el-baloncesto\/#article","isPartOf":{"@id":"https:\/\/fenomensassociacio.org\/la-discapacidad-intelectual-y-el-baloncesto\/"},"author":{"name":"admin","@id":"https:\/\/fenomensassociacio.org\/#\/schema\/person\/c1734ce1d720ad761110f905c22e4a6a"},"headline":"La discapacidad intelectual y el baloncesto","datePublished":"2024-12-26T17:16:58+00:00","dateModified":"2025-02-13T09:43:13+00:00","mainEntityOfPage":{"@id":"https:\/\/fenomensassociacio.org\/la-discapacidad-intelectual-y-el-baloncesto\/"},"wordCount":489,"commentCount":0,"publisher":{"@id":"https:\/\/fenomensassociacio.org\/#organization"},"image":{"@id":"https:\/\/fenomensassociacio.org\/la-discapacidad-intelectual-y-el-baloncesto\/#primaryimage"},"thumbnailUrl":"https:\/\/fenomensassociacio.org\/wp-content\/uploads\/2025\/01\/DSCF4035-scaled.webp","articleSection":["Uncategorized"],"inLanguage":"ca","potentialAction":[{"@type":"CommentAction","name":"Comment","target":["https:\/\/fenomensassociacio.org\/la-discapacidad-intelectual-y-el-baloncesto\/#respond"]}]},{"@type":"WebPage","@id":"https:\/\/fenomensassociacio.org\/la-discapacidad-intelectual-y-el-baloncesto\/","url":"https:\/\/fenomensassociacio.org\/la-discapacidad-intelectual-y-el-baloncesto\/","name":"La discapacidad intelectual y el baloncesto - Fenomens","isPartOf":{"@id":"https:\/\/fenomensassociacio.org\/#website"},"primaryImageOfPage":{"@id":"https:\/\/fenomensassociacio.org\/la-discapacidad-intelectual-y-el-baloncesto\/#primaryimage"},"image":{"@id":"https:\/\/fenomensassociacio.org\/la-discapacidad-intelectual-y-el-baloncesto\/#primaryimage"},"thumbnailUrl":"https:\/\/fenomensassociacio.org\/wp-content\/uploads\/2025\/01\/DSCF4035-scaled.webp","datePublished":"2024-12-26T17:16:58+00:00","dateModified":"2025-02-13T09:43:13+00:00","description":"El deporte es una herramienta poderosa para la inclusi\u00f3n social y el desarrollo personal, y el baloncesto no es la excepci\u00f3n. En el contexto de la discapacidad, este deporte ofrece ...","breadcrumb":{"@id":"https:\/\/fenomensassociacio.org\/la-discapacidad-intelectual-y-el-baloncesto\/#breadcrumb"},"inLanguage":"ca","potentialAction":[{"@type":"ReadAction","target":["https:\/\/fenomensassociacio.org\/la-discapacidad-intelectual-y-el-baloncesto\/"]}]},{"@type":"ImageObject","inLanguage":"ca","@id":"https:\/\/fenomensassociacio.org\/la-discapacidad-intelectual-y-el-baloncesto\/#primaryimage","url":"https:\/\/fenomensassociacio.org\/wp-content\/uploads\/2025\/01\/DSCF4035-scaled.webp","contentUrl":"https:\/\/fenomensassociacio.org\/wp-content\/uploads\/2025\/01\/DSCF4035-scaled.webp","width":1707,"height":2560,"caption":"imagen de un jugador de baloncesto de fenomens"},{"@type":"BreadcrumbList","@id":"https:\/\/fenomensassociacio.org\/la-discapacidad-intelectual-y-el-baloncesto\/#breadcrumb","itemListElement":[{"@type":"ListItem","position":1,"name":"Portada","item":"https:\/\/fenomensassociacio.org\/"},{"@type":"ListItem","position":2,"name":"La discapacidad intelectual y el baloncesto"}]},{"@type":"WebSite","@id":"https:\/\/fenomensassociacio.org\/#website","url":"https:\/\/fenomensassociacio.org\/","name":"Fenomens","description":"Associaci\u00f3 de persones amb discapacitat intel.lectual","publisher":{"@id":"https:\/\/fenomensassociacio.org\/#organization"},"potentialAction":[{"@type":"SearchAction","target":{"@type":"EntryPoint","urlTemplate":"https:\/\/fenomensassociacio.org\/?s={search_term_string}"},"query-input":{"@type":"PropertyValueSpecification","valueRequired":true,"valueName":"search_term_string"}}],"inLanguage":"ca"},{"@type":"Organization","@id":"https:\/\/fenomensassociacio.org\/#organization","name":"Fenomens","url":"https:\/\/fenomensassociacio.org\/","logo":{"@type":"ImageObject","inLanguage":"ca","@id":"https:\/\/fenomensassociacio.org\/#\/schema\/logo\/image\/","url":"https:\/\/fenomensassociacio.org\/wp-content\/uploads\/2020\/06\/logo_fenomens_color_sin_fondo_subtitulo.webp","contentUrl":"https:\/\/fenomensassociacio.org\/wp-content\/uploads\/2020\/06\/logo_fenomens_color_sin_fondo_subtitulo.webp","width":2048,"height":1707,"caption":"Fenomens"},"image":{"@id":"https:\/\/fenomensassociacio.org\/#\/schema\/logo\/image\/"},"sameAs":["https:\/\/www.facebook.com\/elsfenomens\/?locale=es_ES","https:\/\/www.instagram.com\/associacio_fenomens\/p\/DDjl2kbIsrU\/?img_index=1"]},{"@type":"Person","@id":"https:\/\/fenomensassociacio.org\/#\/schema\/person\/c1734ce1d720ad761110f905c22e4a6a","name":"admin","image":{"@type":"ImageObject","inLanguage":"ca","@id":"https:\/\/fenomensassociacio.org\/wp-content\/litespeed\/avatar\/8a4c5022de4aad7118ebd8830ae8ea5f.jpg?ver=1776947167","url":"https:\/\/fenomensassociacio.org\/wp-content\/litespeed\/avatar\/8a4c5022de4aad7118ebd8830ae8ea5f.jpg?ver=1776947167","contentUrl":"https:\/\/fenomensassociacio.org\/wp-content\/litespeed\/avatar\/8a4c5022de4aad7118ebd8830ae8ea5f.jpg?ver=1776947167","caption":"admin"},"sameAs":["https:\/\/fenomensassociacio.org"],"url":"https:\/\/fenomensassociacio.org\/va\/author\/fenomensa\/"}]}},"_links":{"self":[{"href":"https:\/\/fenomensassociacio.org\/va\/wp-json\/wp\/v2\/posts\/2818","targetHints":{"allow":["GET"]}}],"collection":[{"href":"https:\/\/fenomensassociacio.org\/va\/wp-json\/wp\/v2\/posts"}],"about":[{"href":"https:\/\/fenomensassociacio.org\/va\/wp-json\/wp\/v2\/types\/post"}],"author":[{"embeddable":true,"href":"https:\/\/fenomensassociacio.org\/va\/wp-json\/wp\/v2\/users\/1"}],"replies":[{"embeddable":true,"href":"https:\/\/fenomensassociacio.org\/va\/wp-json\/wp\/v2\/comments?post=2818"}],"version-history":[{"count":12,"href":"https:\/\/fenomensassociacio.org\/va\/wp-json\/wp\/v2\/posts\/2818\/revisions"}],"predecessor-version":[{"id":4195,"href":"https:\/\/fenomensassociacio.org\/va\/wp-json\/wp\/v2\/posts\/2818\/revisions\/4195"}],"wp:featuredmedia":[{"embeddable":true,"href":"https:\/\/fenomensassociacio.org\/va\/wp-json\/wp\/v2\/media\/3654"}],"wp:attachment":[{"href":"https:\/\/fenomensassociacio.org\/va\/wp-json\/wp\/v2\/media?parent=2818"}],"wp:term":[{"taxonomy":"category","embeddable":true,"href":"https:\/\/fenomensassociacio.org\/va\/wp-json\/wp\/v2\/categories?post=2818"},{"taxonomy":"post_tag","embeddable":true,"href":"https:\/\/fenomensassociacio.org\/va\/wp-json\/wp\/v2\/tags?post=2818"}],"curies":[{"name":"wp","href":"https:\/\/api.w.org\/{rel}","templated":true}]}}