{"id":2918,"date":"2024-12-31T10:20:40","date_gmt":"2024-12-31T10:20:40","guid":{"rendered":"https:\/\/fenomensassociacio.org\/?p=2918"},"modified":"2025-02-13T09:40:23","modified_gmt":"2025-02-13T09:40:23","slug":"fiesta-fin-de-ano","status":"publish","type":"post","link":"https:\/\/fenomensassociacio.org\/va\/fiesta-fin-de-ano\/","title":{"rendered":"Festa cap d'any"},"content":{"rendered":"<div data-elementor-type=\"wp-post\" data-elementor-id=\"2918\" class=\"elementor elementor-2918\" data-elementor-post-type=\"post\">\n\t\t\t\t<div class=\"elementor-element elementor-element-dea3565 e-flex e-con-boxed e-con e-parent\" data-id=\"dea3565\" data-element_type=\"container\" data-e-type=\"container\" data-settings=\"{&quot;jet_parallax_layout_list&quot;:[]}\">\n\t\t\t\t\t<div class=\"e-con-inner\">\n\t\t\t\t<div class=\"elementor-element elementor-element-be7e81e elementor-drop-cap-yes elementor-drop-cap-view-default elementor-widget elementor-widget-text-editor\" data-id=\"be7e81e\" data-element_type=\"widget\" data-e-type=\"widget\" data-settings=\"{&quot;drop_cap&quot;:&quot;yes&quot;}\" data-widget_type=\"text-editor.default\">\n\t\t\t\t<div class=\"elementor-widget-container\">\n\t\t\t\t\t\t\t\t\t<p>El 30 de desembre passat, els FEN\u00d2MENS es van sumar a la celebraci\u00f3 de cap d'any organitzada per l'associaci\u00f3, creant un ambient carregat d'alegria, m\u00fasica i camaraderia per acomiadar el 2024 i donar la benvinguda al 2025. Va ser una tarda inoblidable, on la diversi\u00f3 i la bona companyia van ser els grans protagonistes.<\/p><p>Els assistents van gaudir d'un berenar delici\u00f3s amb varietat d'aperitius. Com no podia faltar, els tradicionals ra\u00efms de la sort van marcar el moment m\u00e9s esperat, encara que alguns van optar per acomiadar l'any amb els seus snacks favorits. Les cl\u00e0ssiques bosses de cotill\u00f3, plenes de serpentines i accessoris festius, van afegir un toc de color i entusiasme mentre les campanades ressonaven.<\/p><p>La m\u00fasica va anar a c\u00e0rrec de Dj Eric, membre destacat dels FEN\u00d2MENS, que amb la seva selecci\u00f3 de temes i la seva energia contagiosa va mantenir tothom ballant i gaudint durant tota la vetllada. Des dels \u00e8xits del moment fins als cl\u00e0ssics m\u00e9s estimats, el seu repertori va ser clau perqu\u00e8 la festa esdevingu\u00e9s un \u00e8xit rotund.<\/p><p>L\u00b4esperit festiu i la uni\u00f3 de tots els assistents van fer d\u00b4aquesta celebraci\u00f3 un moment especial per tancar l\u00b4any amb gratitud i bons desitjos. Els FEN\u00d2MENS van demostrar, una vegada m\u00e9s, que la seva energia i el seu comprom\u00eds s\u00f3n essencials per crear esdeveniments inoblidables.<\/p><p>Feli\u00e7 Any Nou 2025! Que aquest nou any porti m\u00e9s moments compartits i alegria per a tothom.<\/p>\t\t\t\t\t\t\t\t<\/div>\n\t\t\t\t<\/div>\n\t\t\t\t\t<\/div>\n\t\t\t\t<\/div>\n\t\t\t\t<\/div>","protected":false},"excerpt":{"rendered":"<p>El pasado 30 de diciembre, los FEN\u00d2MENS se sumaron a la celebraci\u00f3n de fin de a\u00f1o organizada por la asociaci\u00f3n, creando un ambiente cargado de alegr\u00eda, m\u00fasica y camarader\u00eda para despedir el 2024 y dar la bienvenida al 2025. Fue una tarde inolvidable, donde la diversi\u00f3n y la buena compa\u00f1\u00eda fueron los grandes protagonistas. Los [&hellip;]<\/p>\n","protected":false},"author":1,"featured_media":2924,"comment_status":"open","ping_status":"closed","sticky":false,"template":"","format":"standard","meta":{"footnotes":""},"categories":[1],"tags":[],"class_list":["post-2918","post","type-post","status-publish","format-standard","has-post-thumbnail","hentry","category-uncategorized"],"yoast_head":"<!-- This site is optimized with the Yoast SEO plugin v27.5 - https:\/\/yoast.com\/product\/yoast-seo-wordpress\/ -->\n<title>Fiesta fin de a\u00f1o - Fenomens<\/title>\n<meta name=\"description\" content=\"El pasado 30 de diciembre, los FEN\u00d2MENS se sumaron a la celebraci\u00f3n de fin de a\u00f1o organizada por la asociaci\u00f3n, creando un ambiente cargado de alegr\u00eda, m\u00fasica y camarader\u00eda para...\" \/>\n<meta name=\"robots\" content=\"index, follow, max-snippet:-1, max-image-preview:large, max-video-preview:-1\" \/>\n<link rel=\"canonical\" href=\"https:\/\/fenomensassociacio.org\/va\/fiesta-fin-de-ano\/\" \/>\n<meta property=\"og:locale\" content=\"ca_ES\" \/>\n<meta property=\"og:type\" content=\"article\" \/>\n<meta property=\"og:title\" content=\"Fiesta fin de a\u00f1o - Fenomens\" \/>\n<meta property=\"og:description\" content=\"El pasado 30 de diciembre, los FEN\u00d2MENS se sumaron a la celebraci\u00f3n de fin de a\u00f1o organizada por la asociaci\u00f3n, creando un ambiente cargado de alegr\u00eda, m\u00fasica y camarader\u00eda para...\" \/>\n<meta property=\"og:url\" content=\"https:\/\/fenomensassociacio.org\/va\/fiesta-fin-de-ano\/\" \/>\n<meta property=\"og:site_name\" content=\"Fenomens\" \/>\n<meta property=\"article:publisher\" content=\"https:\/\/www.facebook.com\/elsfenomens\/?locale=es_ES\" \/>\n<meta property=\"article:published_time\" content=\"2024-12-31T10:20:40+00:00\" \/>\n<meta property=\"article:modified_time\" content=\"2025-02-13T09:40:23+00:00\" \/>\n<meta property=\"og:image\" content=\"https:\/\/fenomensassociacio.org\/wp-content\/uploads\/2024\/12\/IMG_20241230_174657-scaled.webp\" \/>\n\t<meta property=\"og:image:width\" content=\"2560\" \/>\n\t<meta property=\"og:image:height\" content=\"1928\" \/>\n\t<meta property=\"og:image:type\" content=\"image\/webp\" \/>\n<meta name=\"author\" content=\"admin\" \/>\n<meta name=\"twitter:card\" content=\"summary_large_image\" \/>\n<meta name=\"twitter:label1\" content=\"Escrit per\" \/>\n\t<meta name=\"twitter:data1\" content=\"admin\" \/>\n\t<meta name=\"twitter:label2\" content=\"Temps estimat de lectura\" \/>\n\t<meta name=\"twitter:data2\" content=\"2 minuts\" \/>\n<script type=\"application\/ld+json\" class=\"yoast-schema-graph\">{\"@context\":\"https:\\\/\\\/schema.org\",\"@graph\":[{\"@type\":\"Article\",\"@id\":\"https:\\\/\\\/fenomensassociacio.org\\\/fiesta-fin-de-ano\\\/#article\",\"isPartOf\":{\"@id\":\"https:\\\/\\\/fenomensassociacio.org\\\/fiesta-fin-de-ano\\\/\"},\"author\":{\"name\":\"admin\",\"@id\":\"https:\\\/\\\/fenomensassociacio.org\\\/#\\\/schema\\\/person\\\/c1734ce1d720ad761110f905c22e4a6a\"},\"headline\":\"Fiesta fin de a\u00f1o\",\"datePublished\":\"2024-12-31T10:20:40+00:00\",\"dateModified\":\"2025-02-13T09:40:23+00:00\",\"mainEntityOfPage\":{\"@id\":\"https:\\\/\\\/fenomensassociacio.org\\\/fiesta-fin-de-ano\\\/\"},\"wordCount\":262,\"commentCount\":0,\"publisher\":{\"@id\":\"https:\\\/\\\/fenomensassociacio.org\\\/#organization\"},\"image\":{\"@id\":\"https:\\\/\\\/fenomensassociacio.org\\\/fiesta-fin-de-ano\\\/#primaryimage\"},\"thumbnailUrl\":\"https:\\\/\\\/fenomensassociacio.org\\\/wp-content\\\/uploads\\\/2024\\\/12\\\/IMG_20241230_174657-scaled.webp\",\"articleSection\":[\"Uncategorized\"],\"inLanguage\":\"ca\",\"potentialAction\":[{\"@type\":\"CommentAction\",\"name\":\"Comment\",\"target\":[\"https:\\\/\\\/fenomensassociacio.org\\\/fiesta-fin-de-ano\\\/#respond\"]}]},{\"@type\":\"WebPage\",\"@id\":\"https:\\\/\\\/fenomensassociacio.org\\\/fiesta-fin-de-ano\\\/\",\"url\":\"https:\\\/\\\/fenomensassociacio.org\\\/fiesta-fin-de-ano\\\/\",\"name\":\"Fiesta fin de a\u00f1o - Fenomens\",\"isPartOf\":{\"@id\":\"https:\\\/\\\/fenomensassociacio.org\\\/#website\"},\"primaryImageOfPage\":{\"@id\":\"https:\\\/\\\/fenomensassociacio.org\\\/fiesta-fin-de-ano\\\/#primaryimage\"},\"image\":{\"@id\":\"https:\\\/\\\/fenomensassociacio.org\\\/fiesta-fin-de-ano\\\/#primaryimage\"},\"thumbnailUrl\":\"https:\\\/\\\/fenomensassociacio.org\\\/wp-content\\\/uploads\\\/2024\\\/12\\\/IMG_20241230_174657-scaled.webp\",\"datePublished\":\"2024-12-31T10:20:40+00:00\",\"dateModified\":\"2025-02-13T09:40:23+00:00\",\"description\":\"El pasado 30 de diciembre, los FEN\u00d2MENS se sumaron a la celebraci\u00f3n de fin de a\u00f1o organizada por la asociaci\u00f3n, creando un ambiente cargado de alegr\u00eda, m\u00fasica y camarader\u00eda para...\",\"breadcrumb\":{\"@id\":\"https:\\\/\\\/fenomensassociacio.org\\\/fiesta-fin-de-ano\\\/#breadcrumb\"},\"inLanguage\":\"ca\",\"potentialAction\":[{\"@type\":\"ReadAction\",\"target\":[\"https:\\\/\\\/fenomensassociacio.org\\\/fiesta-fin-de-ano\\\/\"]}]},{\"@type\":\"ImageObject\",\"inLanguage\":\"ca\",\"@id\":\"https:\\\/\\\/fenomensassociacio.org\\\/fiesta-fin-de-ano\\\/#primaryimage\",\"url\":\"https:\\\/\\\/fenomensassociacio.org\\\/wp-content\\\/uploads\\\/2024\\\/12\\\/IMG_20241230_174657-scaled.webp\",\"contentUrl\":\"https:\\\/\\\/fenomensassociacio.org\\\/wp-content\\\/uploads\\\/2024\\\/12\\\/IMG_20241230_174657-scaled.webp\",\"width\":2560,\"height\":1928,\"caption\":\"fotos de Fenomens en la fiesta de fin de a\u00f1o\"},{\"@type\":\"BreadcrumbList\",\"@id\":\"https:\\\/\\\/fenomensassociacio.org\\\/fiesta-fin-de-ano\\\/#breadcrumb\",\"itemListElement\":[{\"@type\":\"ListItem\",\"position\":1,\"name\":\"Portada\",\"item\":\"https:\\\/\\\/fenomensassociacio.org\\\/\"},{\"@type\":\"ListItem\",\"position\":2,\"name\":\"Fiesta fin de a\u00f1o\"}]},{\"@type\":\"WebSite\",\"@id\":\"https:\\\/\\\/fenomensassociacio.org\\\/#website\",\"url\":\"https:\\\/\\\/fenomensassociacio.org\\\/\",\"name\":\"Fenomens\",\"description\":\"Associaci\u00f3 de persones amb discapacitat intel.lectual\",\"publisher\":{\"@id\":\"https:\\\/\\\/fenomensassociacio.org\\\/#organization\"},\"potentialAction\":[{\"@type\":\"SearchAction\",\"target\":{\"@type\":\"EntryPoint\",\"urlTemplate\":\"https:\\\/\\\/fenomensassociacio.org\\\/?s={search_term_string}\"},\"query-input\":{\"@type\":\"PropertyValueSpecification\",\"valueRequired\":true,\"valueName\":\"search_term_string\"}}],\"inLanguage\":\"ca\"},{\"@type\":\"Organization\",\"@id\":\"https:\\\/\\\/fenomensassociacio.org\\\/#organization\",\"name\":\"Fenomens\",\"url\":\"https:\\\/\\\/fenomensassociacio.org\\\/\",\"logo\":{\"@type\":\"ImageObject\",\"inLanguage\":\"ca\",\"@id\":\"https:\\\/\\\/fenomensassociacio.org\\\/#\\\/schema\\\/logo\\\/image\\\/\",\"url\":\"https:\\\/\\\/fenomensassociacio.org\\\/wp-content\\\/uploads\\\/2020\\\/06\\\/logo_fenomens_color_sin_fondo_subtitulo.webp\",\"contentUrl\":\"https:\\\/\\\/fenomensassociacio.org\\\/wp-content\\\/uploads\\\/2020\\\/06\\\/logo_fenomens_color_sin_fondo_subtitulo.webp\",\"width\":2048,\"height\":1707,\"caption\":\"Fenomens\"},\"image\":{\"@id\":\"https:\\\/\\\/fenomensassociacio.org\\\/#\\\/schema\\\/logo\\\/image\\\/\"},\"sameAs\":[\"https:\\\/\\\/www.facebook.com\\\/elsfenomens\\\/?locale=es_ES\",\"https:\\\/\\\/www.instagram.com\\\/associacio_fenomens\\\/p\\\/DDjl2kbIsrU\\\/?img_index=1\"]},{\"@type\":\"Person\",\"@id\":\"https:\\\/\\\/fenomensassociacio.org\\\/#\\\/schema\\\/person\\\/c1734ce1d720ad761110f905c22e4a6a\",\"name\":\"admin\",\"image\":{\"@type\":\"ImageObject\",\"inLanguage\":\"ca\",\"@id\":\"https:\\\/\\\/fenomensassociacio.org\\\/wp-content\\\/litespeed\\\/avatar\\\/8a4c5022de4aad7118ebd8830ae8ea5f.jpg?ver=1776947167\",\"url\":\"https:\\\/\\\/fenomensassociacio.org\\\/wp-content\\\/litespeed\\\/avatar\\\/8a4c5022de4aad7118ebd8830ae8ea5f.jpg?ver=1776947167\",\"contentUrl\":\"https:\\\/\\\/fenomensassociacio.org\\\/wp-content\\\/litespeed\\\/avatar\\\/8a4c5022de4aad7118ebd8830ae8ea5f.jpg?ver=1776947167\",\"caption\":\"admin\"},\"sameAs\":[\"https:\\\/\\\/fenomensassociacio.org\"],\"url\":\"https:\\\/\\\/fenomensassociacio.org\\\/va\\\/author\\\/fenomensa\\\/\"}]}<\/script>\n<!-- \/ Yoast SEO plugin. -->","yoast_head_json":{"title":"Fiesta fin de a\u00f1o - Fenomens","description":"El pasado 30 de diciembre, los FEN\u00d2MENS se sumaron a la celebraci\u00f3n de fin de a\u00f1o organizada por la asociaci\u00f3n, creando un ambiente cargado de alegr\u00eda, m\u00fasica y camarader\u00eda para...","robots":{"index":"index","follow":"follow","max-snippet":"max-snippet:-1","max-image-preview":"max-image-preview:large","max-video-preview":"max-video-preview:-1"},"canonical":"https:\/\/fenomensassociacio.org\/va\/fiesta-fin-de-ano\/","og_locale":"ca_ES","og_type":"article","og_title":"Fiesta fin de a\u00f1o - Fenomens","og_description":"El pasado 30 de diciembre, los FEN\u00d2MENS se sumaron a la celebraci\u00f3n de fin de a\u00f1o organizada por la asociaci\u00f3n, creando un ambiente cargado de alegr\u00eda, m\u00fasica y camarader\u00eda para...","og_url":"https:\/\/fenomensassociacio.org\/va\/fiesta-fin-de-ano\/","og_site_name":"Fenomens","article_publisher":"https:\/\/www.facebook.com\/elsfenomens\/?locale=es_ES","article_published_time":"2024-12-31T10:20:40+00:00","article_modified_time":"2025-02-13T09:40:23+00:00","og_image":[{"width":2560,"height":1928,"url":"https:\/\/fenomensassociacio.org\/wp-content\/uploads\/2024\/12\/IMG_20241230_174657-scaled.webp","type":"image\/webp"}],"author":"admin","twitter_card":"summary_large_image","twitter_misc":{"Escrit per":"admin","Temps estimat de lectura":"2 minuts"},"schema":{"@context":"https:\/\/schema.org","@graph":[{"@type":"Article","@id":"https:\/\/fenomensassociacio.org\/fiesta-fin-de-ano\/#article","isPartOf":{"@id":"https:\/\/fenomensassociacio.org\/fiesta-fin-de-ano\/"},"author":{"name":"admin","@id":"https:\/\/fenomensassociacio.org\/#\/schema\/person\/c1734ce1d720ad761110f905c22e4a6a"},"headline":"Fiesta fin de a\u00f1o","datePublished":"2024-12-31T10:20:40+00:00","dateModified":"2025-02-13T09:40:23+00:00","mainEntityOfPage":{"@id":"https:\/\/fenomensassociacio.org\/fiesta-fin-de-ano\/"},"wordCount":262,"commentCount":0,"publisher":{"@id":"https:\/\/fenomensassociacio.org\/#organization"},"image":{"@id":"https:\/\/fenomensassociacio.org\/fiesta-fin-de-ano\/#primaryimage"},"thumbnailUrl":"https:\/\/fenomensassociacio.org\/wp-content\/uploads\/2024\/12\/IMG_20241230_174657-scaled.webp","articleSection":["Uncategorized"],"inLanguage":"ca","potentialAction":[{"@type":"CommentAction","name":"Comment","target":["https:\/\/fenomensassociacio.org\/fiesta-fin-de-ano\/#respond"]}]},{"@type":"WebPage","@id":"https:\/\/fenomensassociacio.org\/fiesta-fin-de-ano\/","url":"https:\/\/fenomensassociacio.org\/fiesta-fin-de-ano\/","name":"Fiesta fin de a\u00f1o - Fenomens","isPartOf":{"@id":"https:\/\/fenomensassociacio.org\/#website"},"primaryImageOfPage":{"@id":"https:\/\/fenomensassociacio.org\/fiesta-fin-de-ano\/#primaryimage"},"image":{"@id":"https:\/\/fenomensassociacio.org\/fiesta-fin-de-ano\/#primaryimage"},"thumbnailUrl":"https:\/\/fenomensassociacio.org\/wp-content\/uploads\/2024\/12\/IMG_20241230_174657-scaled.webp","datePublished":"2024-12-31T10:20:40+00:00","dateModified":"2025-02-13T09:40:23+00:00","description":"El pasado 30 de diciembre, los FEN\u00d2MENS se sumaron a la celebraci\u00f3n de fin de a\u00f1o organizada por la asociaci\u00f3n, creando un ambiente cargado de alegr\u00eda, m\u00fasica y camarader\u00eda para...","breadcrumb":{"@id":"https:\/\/fenomensassociacio.org\/fiesta-fin-de-ano\/#breadcrumb"},"inLanguage":"ca","potentialAction":[{"@type":"ReadAction","target":["https:\/\/fenomensassociacio.org\/fiesta-fin-de-ano\/"]}]},{"@type":"ImageObject","inLanguage":"ca","@id":"https:\/\/fenomensassociacio.org\/fiesta-fin-de-ano\/#primaryimage","url":"https:\/\/fenomensassociacio.org\/wp-content\/uploads\/2024\/12\/IMG_20241230_174657-scaled.webp","contentUrl":"https:\/\/fenomensassociacio.org\/wp-content\/uploads\/2024\/12\/IMG_20241230_174657-scaled.webp","width":2560,"height":1928,"caption":"fotos de Fenomens en la fiesta de fin de a\u00f1o"},{"@type":"BreadcrumbList","@id":"https:\/\/fenomensassociacio.org\/fiesta-fin-de-ano\/#breadcrumb","itemListElement":[{"@type":"ListItem","position":1,"name":"Portada","item":"https:\/\/fenomensassociacio.org\/"},{"@type":"ListItem","position":2,"name":"Fiesta fin de a\u00f1o"}]},{"@type":"WebSite","@id":"https:\/\/fenomensassociacio.org\/#website","url":"https:\/\/fenomensassociacio.org\/","name":"Fenomens","description":"Associaci\u00f3 de persones amb discapacitat intel.lectual","publisher":{"@id":"https:\/\/fenomensassociacio.org\/#organization"},"potentialAction":[{"@type":"SearchAction","target":{"@type":"EntryPoint","urlTemplate":"https:\/\/fenomensassociacio.org\/?s={search_term_string}"},"query-input":{"@type":"PropertyValueSpecification","valueRequired":true,"valueName":"search_term_string"}}],"inLanguage":"ca"},{"@type":"Organization","@id":"https:\/\/fenomensassociacio.org\/#organization","name":"Fenomens","url":"https:\/\/fenomensassociacio.org\/","logo":{"@type":"ImageObject","inLanguage":"ca","@id":"https:\/\/fenomensassociacio.org\/#\/schema\/logo\/image\/","url":"https:\/\/fenomensassociacio.org\/wp-content\/uploads\/2020\/06\/logo_fenomens_color_sin_fondo_subtitulo.webp","contentUrl":"https:\/\/fenomensassociacio.org\/wp-content\/uploads\/2020\/06\/logo_fenomens_color_sin_fondo_subtitulo.webp","width":2048,"height":1707,"caption":"Fenomens"},"image":{"@id":"https:\/\/fenomensassociacio.org\/#\/schema\/logo\/image\/"},"sameAs":["https:\/\/www.facebook.com\/elsfenomens\/?locale=es_ES","https:\/\/www.instagram.com\/associacio_fenomens\/p\/DDjl2kbIsrU\/?img_index=1"]},{"@type":"Person","@id":"https:\/\/fenomensassociacio.org\/#\/schema\/person\/c1734ce1d720ad761110f905c22e4a6a","name":"admin","image":{"@type":"ImageObject","inLanguage":"ca","@id":"https:\/\/fenomensassociacio.org\/wp-content\/litespeed\/avatar\/8a4c5022de4aad7118ebd8830ae8ea5f.jpg?ver=1776947167","url":"https:\/\/fenomensassociacio.org\/wp-content\/litespeed\/avatar\/8a4c5022de4aad7118ebd8830ae8ea5f.jpg?ver=1776947167","contentUrl":"https:\/\/fenomensassociacio.org\/wp-content\/litespeed\/avatar\/8a4c5022de4aad7118ebd8830ae8ea5f.jpg?ver=1776947167","caption":"admin"},"sameAs":["https:\/\/fenomensassociacio.org"],"url":"https:\/\/fenomensassociacio.org\/va\/author\/fenomensa\/"}]}},"_links":{"self":[{"href":"https:\/\/fenomensassociacio.org\/va\/wp-json\/wp\/v2\/posts\/2918","targetHints":{"allow":["GET"]}}],"collection":[{"href":"https:\/\/fenomensassociacio.org\/va\/wp-json\/wp\/v2\/posts"}],"about":[{"href":"https:\/\/fenomensassociacio.org\/va\/wp-json\/wp\/v2\/types\/post"}],"author":[{"embeddable":true,"href":"https:\/\/fenomensassociacio.org\/va\/wp-json\/wp\/v2\/users\/1"}],"replies":[{"embeddable":true,"href":"https:\/\/fenomensassociacio.org\/va\/wp-json\/wp\/v2\/comments?post=2918"}],"version-history":[{"count":13,"href":"https:\/\/fenomensassociacio.org\/va\/wp-json\/wp\/v2\/posts\/2918\/revisions"}],"predecessor-version":[{"id":4188,"href":"https:\/\/fenomensassociacio.org\/va\/wp-json\/wp\/v2\/posts\/2918\/revisions\/4188"}],"wp:featuredmedia":[{"embeddable":true,"href":"https:\/\/fenomensassociacio.org\/va\/wp-json\/wp\/v2\/media\/2924"}],"wp:attachment":[{"href":"https:\/\/fenomensassociacio.org\/va\/wp-json\/wp\/v2\/media?parent=2918"}],"wp:term":[{"taxonomy":"category","embeddable":true,"href":"https:\/\/fenomensassociacio.org\/va\/wp-json\/wp\/v2\/categories?post=2918"},{"taxonomy":"post_tag","embeddable":true,"href":"https:\/\/fenomensassociacio.org\/va\/wp-json\/wp\/v2\/tags?post=2918"}],"curies":[{"name":"wp","href":"https:\/\/api.w.org\/{rel}","templated":true}]}}