{"id":3591,"date":"2025-01-12T16:31:30","date_gmt":"2025-01-12T16:31:30","guid":{"rendered":"https:\/\/fenomensassociacio.org\/?p=3591"},"modified":"2025-03-19T18:09:29","modified_gmt":"2025-03-19T17:09:29","slug":"actuacion-percufenomens-reyes-2025","status":"publish","type":"post","link":"https:\/\/fenomensassociacio.org\/va\/actuacion-percufenomens-reyes-2025\/","title":{"rendered":"Actuaci\u00f3 PERCUFEN\u00d2MENS Reis 2025"},"content":{"rendered":"<div data-elementor-type=\"wp-post\" data-elementor-id=\"3591\" class=\"elementor elementor-3591\" data-elementor-post-type=\"post\">\n\t\t\t\t<div class=\"elementor-element elementor-element-85cbeec e-flex e-con-boxed e-con e-parent\" data-id=\"85cbeec\" data-element_type=\"container\" data-e-type=\"container\" data-settings=\"{&quot;jet_parallax_layout_list&quot;:[]}\">\n\t\t\t\t\t<div class=\"e-con-inner\">\n\t\t\t\t<div class=\"elementor-element elementor-element-bb6b90a elementor-drop-cap-yes elementor-drop-cap-view-default elementor-widget elementor-widget-text-editor\" data-id=\"bb6b90a\" data-element_type=\"widget\" data-e-type=\"widget\" data-settings=\"{&quot;drop_cap&quot;:&quot;yes&quot;}\" data-widget_type=\"text-editor.default\">\n\t\t\t\t<div class=\"elementor-widget-container\">\n\t\t\t\t\t\t\t\t\t<p>El 5 de gener passat, la m\u00e0gia de la Cavalcada de Reis a Benicarl\u00f3 es va omplir de ritme gr\u00e0cies a l'actuaci\u00f3 de la batucada PERCUFEN\u00d2MENS. Aquest grup de percussi\u00f3, conegut per la seva energia i talent, va convertir els carrers de la localitat en un escenari vibrant, portant alegria i entusiasme tots els assistents.<\/p><p>Ataviats amb colorits vestits inspirats en la tradici\u00f3 dels Reis Mags, els integrants de PERCUFEN\u00d2MENS van oferir un espectacle inoblidable. Els tambors, els surds i els repics van ressonar amb for\u00e7a, marcant el ritme d'una nit carregada d'il\u00b7lusi\u00f3. A m\u00e9s de la m\u00fasica, van sorprendre amb coreografies din\u00e0miques i una interacci\u00f3 constant amb el p\u00fablic, aconseguint connectar amb persones de totes les edats.<\/p><p>Els assistents aplaudien i ballaven al comp\u00e0s, mentre els m\u00e9s petits gaudien de la m\u00e0gia dels Reis que avan\u00e7aven acompanyats pel ritme contagi\u00f3s de la batucada. L'actuaci\u00f3 de PERCUFEN\u00d2MENS va ser, sens dubte, un dels moments m\u00e9s destacats d'aquesta celebraci\u00f3 tradicional, omplint Benicarl\u00f3 de llum, so i alegria.<\/p><p>Amb aquesta participaci\u00f3, la batucada reafirma el seu comprom\u00eds amb la cultura local, deixant una empremta inesborrable als cors de tots els presents. Un espectacle que ser\u00e0 recordat durant molt de temps!<\/p>\t\t\t\t\t\t\t\t<\/div>\n\t\t\t\t<\/div>\n\t\t\t\t\t<\/div>\n\t\t\t\t<\/div>\n\t\t\t\t<\/div>","protected":false},"excerpt":{"rendered":"<p>El pasado 5 de enero, la magia de la Cabalgata de Reyes en Benicarl\u00f3 se llen\u00f3 de ritmo gracias a la actuaci\u00f3n de la batucada PERCUFEN\u00d2MENS. Este grupo de percusi\u00f3n, conocido por su energ\u00eda y talento, convirti\u00f3 las calles de la localidad en un escenario vibrante, llevando alegr\u00eda y entusiasmo a todos los asistentes. Ataviados [&hellip;]<\/p>\n","protected":false},"author":1,"featured_media":3592,"comment_status":"open","ping_status":"closed","sticky":false,"template":"","format":"standard","meta":{"footnotes":""},"categories":[1],"tags":[],"class_list":["post-3591","post","type-post","status-publish","format-standard","has-post-thumbnail","hentry","category-uncategorized"],"yoast_head":"<!-- This site is optimized with the Yoast SEO plugin v27.5 - https:\/\/yoast.com\/product\/yoast-seo-wordpress\/ -->\n<title>Actuaci\u00f3n PERCUFEN\u00d2MENS Reyes 2025 - Fenomens<\/title>\n<meta name=\"description\" content=\"El pasado 5 de enero, la magia de la Cabalgata de Reyes en Benicarl\u00f3 se llen\u00f3 de ritmo gracias a la actuaci\u00f3n de la batucada PERCUFEN\u00d2MENS. Este grupo de percusi\u00f3n,\" \/>\n<meta name=\"robots\" content=\"index, follow, max-snippet:-1, max-image-preview:large, max-video-preview:-1\" \/>\n<link rel=\"canonical\" href=\"https:\/\/fenomensassociacio.org\/va\/actuacion-percufenomens-reyes-2025\/\" \/>\n<meta property=\"og:locale\" content=\"ca_ES\" \/>\n<meta property=\"og:type\" content=\"article\" \/>\n<meta property=\"og:title\" content=\"Actuaci\u00f3n PERCUFEN\u00d2MENS Reyes 2025 - Fenomens\" \/>\n<meta property=\"og:description\" content=\"El pasado 5 de enero, la magia de la Cabalgata de Reyes en Benicarl\u00f3 se llen\u00f3 de ritmo gracias a la actuaci\u00f3n de la batucada PERCUFEN\u00d2MENS. Este grupo de percusi\u00f3n,\" \/>\n<meta property=\"og:url\" content=\"https:\/\/fenomensassociacio.org\/va\/actuacion-percufenomens-reyes-2025\/\" \/>\n<meta property=\"og:site_name\" content=\"Fenomens\" \/>\n<meta property=\"article:publisher\" content=\"https:\/\/www.facebook.com\/elsfenomens\/?locale=es_ES\" \/>\n<meta property=\"article:published_time\" content=\"2025-01-12T16:31:30+00:00\" \/>\n<meta property=\"article:modified_time\" content=\"2025-03-19T17:09:29+00:00\" \/>\n<meta property=\"og:image\" content=\"https:\/\/fenomensassociacio.org\/wp-content\/uploads\/2025\/01\/IMG_20250105_192159-1-scaled.webp\" \/>\n\t<meta property=\"og:image:width\" content=\"2560\" \/>\n\t<meta property=\"og:image:height\" content=\"1117\" \/>\n\t<meta property=\"og:image:type\" content=\"image\/webp\" \/>\n<meta name=\"author\" content=\"admin\" \/>\n<meta name=\"twitter:card\" content=\"summary_large_image\" \/>\n<meta name=\"twitter:label1\" content=\"Escrit per\" \/>\n\t<meta name=\"twitter:data1\" content=\"admin\" \/>\n\t<meta name=\"twitter:label2\" content=\"Temps estimat de lectura\" \/>\n\t<meta name=\"twitter:data2\" content=\"2 minuts\" \/>\n<script type=\"application\/ld+json\" class=\"yoast-schema-graph\">{\"@context\":\"https:\\\/\\\/schema.org\",\"@graph\":[{\"@type\":\"Article\",\"@id\":\"https:\\\/\\\/fenomensassociacio.org\\\/actuacion-percufenomens-reyes-2025\\\/#article\",\"isPartOf\":{\"@id\":\"https:\\\/\\\/fenomensassociacio.org\\\/actuacion-percufenomens-reyes-2025\\\/\"},\"author\":{\"name\":\"admin\",\"@id\":\"https:\\\/\\\/fenomensassociacio.org\\\/#\\\/schema\\\/person\\\/c1734ce1d720ad761110f905c22e4a6a\"},\"headline\":\"Actuaci\u00f3n PERCUFEN\u00d2MENS Reyes 2025\",\"datePublished\":\"2025-01-12T16:31:30+00:00\",\"dateModified\":\"2025-03-19T17:09:29+00:00\",\"mainEntityOfPage\":{\"@id\":\"https:\\\/\\\/fenomensassociacio.org\\\/actuacion-percufenomens-reyes-2025\\\/\"},\"wordCount\":228,\"commentCount\":0,\"publisher\":{\"@id\":\"https:\\\/\\\/fenomensassociacio.org\\\/#organization\"},\"image\":{\"@id\":\"https:\\\/\\\/fenomensassociacio.org\\\/actuacion-percufenomens-reyes-2025\\\/#primaryimage\"},\"thumbnailUrl\":\"https:\\\/\\\/fenomensassociacio.org\\\/wp-content\\\/uploads\\\/2025\\\/01\\\/IMG_20250105_192159-1-scaled.webp\",\"articleSection\":[\"Uncategorized\"],\"inLanguage\":\"ca\",\"potentialAction\":[{\"@type\":\"CommentAction\",\"name\":\"Comment\",\"target\":[\"https:\\\/\\\/fenomensassociacio.org\\\/actuacion-percufenomens-reyes-2025\\\/#respond\"]}]},{\"@type\":\"WebPage\",\"@id\":\"https:\\\/\\\/fenomensassociacio.org\\\/actuacion-percufenomens-reyes-2025\\\/\",\"url\":\"https:\\\/\\\/fenomensassociacio.org\\\/actuacion-percufenomens-reyes-2025\\\/\",\"name\":\"Actuaci\u00f3n PERCUFEN\u00d2MENS Reyes 2025 - Fenomens\",\"isPartOf\":{\"@id\":\"https:\\\/\\\/fenomensassociacio.org\\\/#website\"},\"primaryImageOfPage\":{\"@id\":\"https:\\\/\\\/fenomensassociacio.org\\\/actuacion-percufenomens-reyes-2025\\\/#primaryimage\"},\"image\":{\"@id\":\"https:\\\/\\\/fenomensassociacio.org\\\/actuacion-percufenomens-reyes-2025\\\/#primaryimage\"},\"thumbnailUrl\":\"https:\\\/\\\/fenomensassociacio.org\\\/wp-content\\\/uploads\\\/2025\\\/01\\\/IMG_20250105_192159-1-scaled.webp\",\"datePublished\":\"2025-01-12T16:31:30+00:00\",\"dateModified\":\"2025-03-19T17:09:29+00:00\",\"description\":\"El pasado 5 de enero, la magia de la Cabalgata de Reyes en Benicarl\u00f3 se llen\u00f3 de ritmo gracias a la actuaci\u00f3n de la batucada PERCUFEN\u00d2MENS. Este grupo de percusi\u00f3n,\",\"breadcrumb\":{\"@id\":\"https:\\\/\\\/fenomensassociacio.org\\\/actuacion-percufenomens-reyes-2025\\\/#breadcrumb\"},\"inLanguage\":\"ca\",\"potentialAction\":[{\"@type\":\"ReadAction\",\"target\":[\"https:\\\/\\\/fenomensassociacio.org\\\/actuacion-percufenomens-reyes-2025\\\/\"]}]},{\"@type\":\"ImageObject\",\"inLanguage\":\"ca\",\"@id\":\"https:\\\/\\\/fenomensassociacio.org\\\/actuacion-percufenomens-reyes-2025\\\/#primaryimage\",\"url\":\"https:\\\/\\\/fenomensassociacio.org\\\/wp-content\\\/uploads\\\/2025\\\/01\\\/IMG_20250105_192159-1-scaled.webp\",\"contentUrl\":\"https:\\\/\\\/fenomensassociacio.org\\\/wp-content\\\/uploads\\\/2025\\\/01\\\/IMG_20250105_192159-1-scaled.webp\",\"width\":2560,\"height\":1117,\"caption\":\"actuaci\u00f3n batucada el d\u00eda de reyes\"},{\"@type\":\"BreadcrumbList\",\"@id\":\"https:\\\/\\\/fenomensassociacio.org\\\/actuacion-percufenomens-reyes-2025\\\/#breadcrumb\",\"itemListElement\":[{\"@type\":\"ListItem\",\"position\":1,\"name\":\"Portada\",\"item\":\"https:\\\/\\\/fenomensassociacio.org\\\/\"},{\"@type\":\"ListItem\",\"position\":2,\"name\":\"Actuaci\u00f3n PERCUFEN\u00d2MENS Reyes 2025\"}]},{\"@type\":\"WebSite\",\"@id\":\"https:\\\/\\\/fenomensassociacio.org\\\/#website\",\"url\":\"https:\\\/\\\/fenomensassociacio.org\\\/\",\"name\":\"Fenomens\",\"description\":\"Associaci\u00f3 de persones amb discapacitat intel.lectual\",\"publisher\":{\"@id\":\"https:\\\/\\\/fenomensassociacio.org\\\/#organization\"},\"potentialAction\":[{\"@type\":\"SearchAction\",\"target\":{\"@type\":\"EntryPoint\",\"urlTemplate\":\"https:\\\/\\\/fenomensassociacio.org\\\/?s={search_term_string}\"},\"query-input\":{\"@type\":\"PropertyValueSpecification\",\"valueRequired\":true,\"valueName\":\"search_term_string\"}}],\"inLanguage\":\"ca\"},{\"@type\":\"Organization\",\"@id\":\"https:\\\/\\\/fenomensassociacio.org\\\/#organization\",\"name\":\"Fenomens\",\"url\":\"https:\\\/\\\/fenomensassociacio.org\\\/\",\"logo\":{\"@type\":\"ImageObject\",\"inLanguage\":\"ca\",\"@id\":\"https:\\\/\\\/fenomensassociacio.org\\\/#\\\/schema\\\/logo\\\/image\\\/\",\"url\":\"https:\\\/\\\/fenomensassociacio.org\\\/wp-content\\\/uploads\\\/2020\\\/06\\\/logo_fenomens_color_sin_fondo_subtitulo.webp\",\"contentUrl\":\"https:\\\/\\\/fenomensassociacio.org\\\/wp-content\\\/uploads\\\/2020\\\/06\\\/logo_fenomens_color_sin_fondo_subtitulo.webp\",\"width\":2048,\"height\":1707,\"caption\":\"Fenomens\"},\"image\":{\"@id\":\"https:\\\/\\\/fenomensassociacio.org\\\/#\\\/schema\\\/logo\\\/image\\\/\"},\"sameAs\":[\"https:\\\/\\\/www.facebook.com\\\/elsfenomens\\\/?locale=es_ES\",\"https:\\\/\\\/www.instagram.com\\\/associacio_fenomens\\\/p\\\/DDjl2kbIsrU\\\/?img_index=1\"]},{\"@type\":\"Person\",\"@id\":\"https:\\\/\\\/fenomensassociacio.org\\\/#\\\/schema\\\/person\\\/c1734ce1d720ad761110f905c22e4a6a\",\"name\":\"admin\",\"image\":{\"@type\":\"ImageObject\",\"inLanguage\":\"ca\",\"@id\":\"https:\\\/\\\/fenomensassociacio.org\\\/wp-content\\\/litespeed\\\/avatar\\\/8a4c5022de4aad7118ebd8830ae8ea5f.jpg?ver=1776947167\",\"url\":\"https:\\\/\\\/fenomensassociacio.org\\\/wp-content\\\/litespeed\\\/avatar\\\/8a4c5022de4aad7118ebd8830ae8ea5f.jpg?ver=1776947167\",\"contentUrl\":\"https:\\\/\\\/fenomensassociacio.org\\\/wp-content\\\/litespeed\\\/avatar\\\/8a4c5022de4aad7118ebd8830ae8ea5f.jpg?ver=1776947167\",\"caption\":\"admin\"},\"sameAs\":[\"https:\\\/\\\/fenomensassociacio.org\"],\"url\":\"https:\\\/\\\/fenomensassociacio.org\\\/va\\\/author\\\/fenomensa\\\/\"}]}<\/script>\n<!-- \/ Yoast SEO plugin. -->","yoast_head_json":{"title":"Actuaci\u00f3n PERCUFEN\u00d2MENS Reyes 2025 - Fenomens","description":"El 5 de gener passat, la m\u00e0gia de la Cavalcada de Reis a Benicarl\u00f3 es va omplir de ritme gr\u00e0cies a l'actuaci\u00f3 de la batucada PERCUFEN\u00d2MENS. Aquest grup de percussi\u00f3,","robots":{"index":"index","follow":"follow","max-snippet":"max-snippet:-1","max-image-preview":"max-image-preview:large","max-video-preview":"max-video-preview:-1"},"canonical":"https:\/\/fenomensassociacio.org\/va\/actuacion-percufenomens-reyes-2025\/","og_locale":"ca_ES","og_type":"article","og_title":"Actuaci\u00f3n PERCUFEN\u00d2MENS Reyes 2025 - Fenomens","og_description":"El pasado 5 de enero, la magia de la Cabalgata de Reyes en Benicarl\u00f3 se llen\u00f3 de ritmo gracias a la actuaci\u00f3n de la batucada PERCUFEN\u00d2MENS. Este grupo de percusi\u00f3n,","og_url":"https:\/\/fenomensassociacio.org\/va\/actuacion-percufenomens-reyes-2025\/","og_site_name":"Fenomens","article_publisher":"https:\/\/www.facebook.com\/elsfenomens\/?locale=es_ES","article_published_time":"2025-01-12T16:31:30+00:00","article_modified_time":"2025-03-19T17:09:29+00:00","og_image":[{"width":2560,"height":1117,"url":"https:\/\/fenomensassociacio.org\/wp-content\/uploads\/2025\/01\/IMG_20250105_192159-1-scaled.webp","type":"image\/webp"}],"author":"admin","twitter_card":"summary_large_image","twitter_misc":{"Escrit per":"admin","Temps estimat de lectura":"2 minuts"},"schema":{"@context":"https:\/\/schema.org","@graph":[{"@type":"Article","@id":"https:\/\/fenomensassociacio.org\/actuacion-percufenomens-reyes-2025\/#article","isPartOf":{"@id":"https:\/\/fenomensassociacio.org\/actuacion-percufenomens-reyes-2025\/"},"author":{"name":"admin","@id":"https:\/\/fenomensassociacio.org\/#\/schema\/person\/c1734ce1d720ad761110f905c22e4a6a"},"headline":"Actuaci\u00f3n PERCUFEN\u00d2MENS Reyes 2025","datePublished":"2025-01-12T16:31:30+00:00","dateModified":"2025-03-19T17:09:29+00:00","mainEntityOfPage":{"@id":"https:\/\/fenomensassociacio.org\/actuacion-percufenomens-reyes-2025\/"},"wordCount":228,"commentCount":0,"publisher":{"@id":"https:\/\/fenomensassociacio.org\/#organization"},"image":{"@id":"https:\/\/fenomensassociacio.org\/actuacion-percufenomens-reyes-2025\/#primaryimage"},"thumbnailUrl":"https:\/\/fenomensassociacio.org\/wp-content\/uploads\/2025\/01\/IMG_20250105_192159-1-scaled.webp","articleSection":["Uncategorized"],"inLanguage":"ca","potentialAction":[{"@type":"CommentAction","name":"Comment","target":["https:\/\/fenomensassociacio.org\/actuacion-percufenomens-reyes-2025\/#respond"]}]},{"@type":"WebPage","@id":"https:\/\/fenomensassociacio.org\/actuacion-percufenomens-reyes-2025\/","url":"https:\/\/fenomensassociacio.org\/actuacion-percufenomens-reyes-2025\/","name":"Actuaci\u00f3n PERCUFEN\u00d2MENS Reyes 2025 - Fenomens","isPartOf":{"@id":"https:\/\/fenomensassociacio.org\/#website"},"primaryImageOfPage":{"@id":"https:\/\/fenomensassociacio.org\/actuacion-percufenomens-reyes-2025\/#primaryimage"},"image":{"@id":"https:\/\/fenomensassociacio.org\/actuacion-percufenomens-reyes-2025\/#primaryimage"},"thumbnailUrl":"https:\/\/fenomensassociacio.org\/wp-content\/uploads\/2025\/01\/IMG_20250105_192159-1-scaled.webp","datePublished":"2025-01-12T16:31:30+00:00","dateModified":"2025-03-19T17:09:29+00:00","description":"El 5 de gener passat, la m\u00e0gia de la Cavalcada de Reis a Benicarl\u00f3 es va omplir de ritme gr\u00e0cies a l'actuaci\u00f3 de la batucada PERCUFEN\u00d2MENS. Aquest grup de percussi\u00f3,","breadcrumb":{"@id":"https:\/\/fenomensassociacio.org\/actuacion-percufenomens-reyes-2025\/#breadcrumb"},"inLanguage":"ca","potentialAction":[{"@type":"ReadAction","target":["https:\/\/fenomensassociacio.org\/actuacion-percufenomens-reyes-2025\/"]}]},{"@type":"ImageObject","inLanguage":"ca","@id":"https:\/\/fenomensassociacio.org\/actuacion-percufenomens-reyes-2025\/#primaryimage","url":"https:\/\/fenomensassociacio.org\/wp-content\/uploads\/2025\/01\/IMG_20250105_192159-1-scaled.webp","contentUrl":"https:\/\/fenomensassociacio.org\/wp-content\/uploads\/2025\/01\/IMG_20250105_192159-1-scaled.webp","width":2560,"height":1117,"caption":"actuaci\u00f3n batucada el d\u00eda de reyes"},{"@type":"BreadcrumbList","@id":"https:\/\/fenomensassociacio.org\/actuacion-percufenomens-reyes-2025\/#breadcrumb","itemListElement":[{"@type":"ListItem","position":1,"name":"Portada","item":"https:\/\/fenomensassociacio.org\/"},{"@type":"ListItem","position":2,"name":"Actuaci\u00f3n PERCUFEN\u00d2MENS Reyes 2025"}]},{"@type":"WebSite","@id":"https:\/\/fenomensassociacio.org\/#website","url":"https:\/\/fenomensassociacio.org\/","name":"Fenomens","description":"Associaci\u00f3 de persones amb discapacitat intel.lectual","publisher":{"@id":"https:\/\/fenomensassociacio.org\/#organization"},"potentialAction":[{"@type":"SearchAction","target":{"@type":"EntryPoint","urlTemplate":"https:\/\/fenomensassociacio.org\/?s={search_term_string}"},"query-input":{"@type":"PropertyValueSpecification","valueRequired":true,"valueName":"search_term_string"}}],"inLanguage":"ca"},{"@type":"Organization","@id":"https:\/\/fenomensassociacio.org\/#organization","name":"Fenomens","url":"https:\/\/fenomensassociacio.org\/","logo":{"@type":"ImageObject","inLanguage":"ca","@id":"https:\/\/fenomensassociacio.org\/#\/schema\/logo\/image\/","url":"https:\/\/fenomensassociacio.org\/wp-content\/uploads\/2020\/06\/logo_fenomens_color_sin_fondo_subtitulo.webp","contentUrl":"https:\/\/fenomensassociacio.org\/wp-content\/uploads\/2020\/06\/logo_fenomens_color_sin_fondo_subtitulo.webp","width":2048,"height":1707,"caption":"Fenomens"},"image":{"@id":"https:\/\/fenomensassociacio.org\/#\/schema\/logo\/image\/"},"sameAs":["https:\/\/www.facebook.com\/elsfenomens\/?locale=es_ES","https:\/\/www.instagram.com\/associacio_fenomens\/p\/DDjl2kbIsrU\/?img_index=1"]},{"@type":"Person","@id":"https:\/\/fenomensassociacio.org\/#\/schema\/person\/c1734ce1d720ad761110f905c22e4a6a","name":"admin","image":{"@type":"ImageObject","inLanguage":"ca","@id":"https:\/\/fenomensassociacio.org\/wp-content\/litespeed\/avatar\/8a4c5022de4aad7118ebd8830ae8ea5f.jpg?ver=1776947167","url":"https:\/\/fenomensassociacio.org\/wp-content\/litespeed\/avatar\/8a4c5022de4aad7118ebd8830ae8ea5f.jpg?ver=1776947167","contentUrl":"https:\/\/fenomensassociacio.org\/wp-content\/litespeed\/avatar\/8a4c5022de4aad7118ebd8830ae8ea5f.jpg?ver=1776947167","caption":"admin"},"sameAs":["https:\/\/fenomensassociacio.org"],"url":"https:\/\/fenomensassociacio.org\/va\/author\/fenomensa\/"}]}},"_links":{"self":[{"href":"https:\/\/fenomensassociacio.org\/va\/wp-json\/wp\/v2\/posts\/3591","targetHints":{"allow":["GET"]}}],"collection":[{"href":"https:\/\/fenomensassociacio.org\/va\/wp-json\/wp\/v2\/posts"}],"about":[{"href":"https:\/\/fenomensassociacio.org\/va\/wp-json\/wp\/v2\/types\/post"}],"author":[{"embeddable":true,"href":"https:\/\/fenomensassociacio.org\/va\/wp-json\/wp\/v2\/users\/1"}],"replies":[{"embeddable":true,"href":"https:\/\/fenomensassociacio.org\/va\/wp-json\/wp\/v2\/comments?post=3591"}],"version-history":[{"count":18,"href":"https:\/\/fenomensassociacio.org\/va\/wp-json\/wp\/v2\/posts\/3591\/revisions"}],"predecessor-version":[{"id":4182,"href":"https:\/\/fenomensassociacio.org\/va\/wp-json\/wp\/v2\/posts\/3591\/revisions\/4182"}],"wp:featuredmedia":[{"embeddable":true,"href":"https:\/\/fenomensassociacio.org\/va\/wp-json\/wp\/v2\/media\/3592"}],"wp:attachment":[{"href":"https:\/\/fenomensassociacio.org\/va\/wp-json\/wp\/v2\/media?parent=3591"}],"wp:term":[{"taxonomy":"category","embeddable":true,"href":"https:\/\/fenomensassociacio.org\/va\/wp-json\/wp\/v2\/categories?post=3591"},{"taxonomy":"post_tag","embeddable":true,"href":"https:\/\/fenomensassociacio.org\/va\/wp-json\/wp\/v2\/tags?post=3591"}],"curies":[{"name":"wp","href":"https:\/\/api.w.org\/{rel}","templated":true}]}}