{"id":3932,"date":"2025-01-21T09:27:21","date_gmt":"2025-01-21T09:27:21","guid":{"rendered":"https:\/\/fenomensassociacio.org\/?p=3932"},"modified":"2025-03-19T18:09:18","modified_gmt":"2025-03-19T17:09:18","slug":"fenomens-celebra-sant-antoni","status":"publish","type":"post","link":"https:\/\/fenomensassociacio.org\/va\/fenomens-celebra-sant-antoni\/","title":{"rendered":"FEN\u00d2MENS celebra Sant Antoni"},"content":{"rendered":"<div data-elementor-type=\"wp-post\" data-elementor-id=\"3932\" class=\"elementor elementor-3932\" data-elementor-post-type=\"post\">\n\t\t\t\t<div class=\"elementor-element elementor-element-37c2843 e-flex e-con-boxed e-con e-parent\" data-id=\"37c2843\" data-element_type=\"container\" data-e-type=\"container\" data-settings=\"{&quot;jet_parallax_layout_list&quot;:[]}\">\n\t\t\t\t\t<div class=\"e-con-inner\">\n\t\t\t\t<div class=\"elementor-element elementor-element-df94da5 elementor-drop-cap-yes elementor-drop-cap-view-default elementor-widget elementor-widget-text-editor\" data-id=\"df94da5\" data-element_type=\"widget\" data-e-type=\"widget\" data-settings=\"{&quot;drop_cap&quot;:&quot;yes&quot;}\" data-widget_type=\"text-editor.default\">\n\t\t\t\t<div class=\"elementor-widget-container\">\n\t\t\t\t\t\t\t\t\t<p>El dissabte 18 de gener, l'associaci\u00f3 FEN\u00d2MENS va celebrar la festivitat de Sant Antoni, un dels dies m\u00e9s especials i esperats per la nostra comunitat. Aquest esdeveniment va reunir socis\/es, familiars i amics en una jornada plena de tradici\u00f3, bon menjar i, sobretot, companyerisme.<\/p><p>La celebraci\u00f3 va comen\u00e7ar amb la preparaci\u00f3 d\u00b4una gran barbacoa en un ambient carregat de rialles i col\u00b7laboraci\u00f3. Les brases espurnejaven mentre es rostiven carns, embotits i les tradicionals carxofes.<\/p><p>Tot es va preparar amb l'afecte i la dedicaci\u00f3 que caracteritza la nostra associaci\u00f3.<\/p><p>El moment m\u00e9s emotiu de la jornada va arribar amb la lectura de les lloes a Sant Antoni. Aquestes composicions populars, carregades d'enginy i devoci\u00f3, van ser recitades pels membres de FEN\u00d2MENS. Cada vers va arrencar rialles, somriures i c\u00e0lids aplaudiments, generant un ambient de proximitat i complicitat entre els assistents.<\/p><p>La celebraci\u00f3 de Sant Antoni no nom\u00e9s va ser una ocasi\u00f3 per honrar les nostres arrels culturals, sin\u00f3 tamb\u00e9 una oportunitat per enfortir els lla\u00e7os que ens uneixen com a comunitat. A FEN\u00d2MENS creiem que aquestes tradicions s\u00f3n fonamentals per mantenir viu l'esperit de col\u00b7laboraci\u00f3 i de suport mutu que ens defineix.<\/p><p>Volem agrair a totes les persones que van fer possible aquest esdeveniment: des dels que van organitzar cada detall fins als que van participar amb entusiasme. Ja estem comptant els dies per a la propera edici\u00f3! Visca Sant Antoni!<\/p>\t\t\t\t\t\t\t\t<\/div>\n\t\t\t\t<\/div>\n\t\t\t\t\t<\/div>\n\t\t\t\t<\/div>\n\t\t\t\t<\/div>","protected":false},"excerpt":{"rendered":"<p>El s\u00e1bado 18 de Enero, la asociaci\u00f3n FEN\u00d2MENS celebr\u00f3 la festividad de Sant Antoni, uno de los d\u00edas m\u00e1s especiales y esperados por nuestra comunidad. Este evento reuni\u00f3 a socios\/as, familiares y amigos en una jornada llena de tradici\u00f3n, buena comida y, sobre todo, compa\u00f1erismo. La celebraci\u00f3n comenz\u00f3 con la preparaci\u00f3n de una gran barbacoa [&hellip;]<\/p>\n","protected":false},"author":1,"featured_media":3933,"comment_status":"open","ping_status":"closed","sticky":false,"template":"","format":"standard","meta":{"footnotes":""},"categories":[1],"tags":[],"class_list":["post-3932","post","type-post","status-publish","format-standard","has-post-thumbnail","hentry","category-uncategorized"],"yoast_head":"<!-- This site is optimized with the Yoast SEO plugin v27.5 - https:\/\/yoast.com\/product\/yoast-seo-wordpress\/ -->\n<title>FEN\u00d2MENS celebra Sant Antoni - Fenomens<\/title>\n<meta name=\"description\" content=\"El s\u00e1bado 18 de Enero, la asociaci\u00f3n FEN\u00d2MENS celebr\u00f3 la festividad de Sant Antoni, uno de los d\u00edas m\u00e1s especiales y esperados por nuestra comunidad\" \/>\n<meta name=\"robots\" content=\"index, follow, max-snippet:-1, max-image-preview:large, max-video-preview:-1\" \/>\n<link rel=\"canonical\" href=\"https:\/\/fenomensassociacio.org\/va\/fenomens-celebra-sant-antoni\/\" \/>\n<meta property=\"og:locale\" content=\"ca_ES\" \/>\n<meta property=\"og:type\" content=\"article\" \/>\n<meta property=\"og:title\" content=\"FEN\u00d2MENS celebra Sant Antoni - Fenomens\" \/>\n<meta property=\"og:description\" content=\"El s\u00e1bado 18 de Enero, la asociaci\u00f3n FEN\u00d2MENS celebr\u00f3 la festividad de Sant Antoni, uno de los d\u00edas m\u00e1s especiales y esperados por nuestra comunidad\" \/>\n<meta property=\"og:url\" content=\"https:\/\/fenomensassociacio.org\/va\/fenomens-celebra-sant-antoni\/\" \/>\n<meta property=\"og:site_name\" content=\"Fenomens\" \/>\n<meta property=\"article:publisher\" content=\"https:\/\/www.facebook.com\/elsfenomens\/?locale=es_ES\" \/>\n<meta property=\"article:published_time\" content=\"2025-01-21T09:27:21+00:00\" \/>\n<meta property=\"article:modified_time\" content=\"2025-03-19T17:09:18+00:00\" \/>\n<meta property=\"og:image\" content=\"https:\/\/fenomensassociacio.org\/wp-content\/uploads\/2025\/01\/IMG-20250121-WA0004.webp\" \/>\n\t<meta property=\"og:image:width\" content=\"2000\" \/>\n\t<meta property=\"og:image:height\" content=\"1496\" \/>\n\t<meta property=\"og:image:type\" content=\"image\/webp\" \/>\n<meta name=\"author\" content=\"admin\" \/>\n<meta name=\"twitter:card\" content=\"summary_large_image\" \/>\n<meta name=\"twitter:label1\" content=\"Escrit per\" \/>\n\t<meta name=\"twitter:data1\" content=\"admin\" \/>\n\t<meta name=\"twitter:label2\" content=\"Temps estimat de lectura\" \/>\n\t<meta name=\"twitter:data2\" content=\"2 minuts\" \/>\n<script type=\"application\/ld+json\" class=\"yoast-schema-graph\">{\"@context\":\"https:\\\/\\\/schema.org\",\"@graph\":[{\"@type\":\"Article\",\"@id\":\"https:\\\/\\\/fenomensassociacio.org\\\/fenomens-celebra-sant-antoni\\\/#article\",\"isPartOf\":{\"@id\":\"https:\\\/\\\/fenomensassociacio.org\\\/fenomens-celebra-sant-antoni\\\/\"},\"author\":{\"name\":\"admin\",\"@id\":\"https:\\\/\\\/fenomensassociacio.org\\\/#\\\/schema\\\/person\\\/c1734ce1d720ad761110f905c22e4a6a\"},\"headline\":\"FEN\u00d2MENS celebra Sant Antoni\",\"datePublished\":\"2025-01-21T09:27:21+00:00\",\"dateModified\":\"2025-03-19T17:09:18+00:00\",\"mainEntityOfPage\":{\"@id\":\"https:\\\/\\\/fenomensassociacio.org\\\/fenomens-celebra-sant-antoni\\\/\"},\"wordCount\":254,\"commentCount\":0,\"publisher\":{\"@id\":\"https:\\\/\\\/fenomensassociacio.org\\\/#organization\"},\"image\":{\"@id\":\"https:\\\/\\\/fenomensassociacio.org\\\/fenomens-celebra-sant-antoni\\\/#primaryimage\"},\"thumbnailUrl\":\"https:\\\/\\\/fenomensassociacio.org\\\/wp-content\\\/uploads\\\/2025\\\/01\\\/IMG-20250121-WA0004.webp\",\"articleSection\":[\"Uncategorized\"],\"inLanguage\":\"ca\",\"potentialAction\":[{\"@type\":\"CommentAction\",\"name\":\"Comment\",\"target\":[\"https:\\\/\\\/fenomensassociacio.org\\\/fenomens-celebra-sant-antoni\\\/#respond\"]}]},{\"@type\":\"WebPage\",\"@id\":\"https:\\\/\\\/fenomensassociacio.org\\\/fenomens-celebra-sant-antoni\\\/\",\"url\":\"https:\\\/\\\/fenomensassociacio.org\\\/fenomens-celebra-sant-antoni\\\/\",\"name\":\"FEN\u00d2MENS celebra Sant Antoni - Fenomens\",\"isPartOf\":{\"@id\":\"https:\\\/\\\/fenomensassociacio.org\\\/#website\"},\"primaryImageOfPage\":{\"@id\":\"https:\\\/\\\/fenomensassociacio.org\\\/fenomens-celebra-sant-antoni\\\/#primaryimage\"},\"image\":{\"@id\":\"https:\\\/\\\/fenomensassociacio.org\\\/fenomens-celebra-sant-antoni\\\/#primaryimage\"},\"thumbnailUrl\":\"https:\\\/\\\/fenomensassociacio.org\\\/wp-content\\\/uploads\\\/2025\\\/01\\\/IMG-20250121-WA0004.webp\",\"datePublished\":\"2025-01-21T09:27:21+00:00\",\"dateModified\":\"2025-03-19T17:09:18+00:00\",\"description\":\"El s\u00e1bado 18 de Enero, la asociaci\u00f3n FEN\u00d2MENS celebr\u00f3 la festividad de Sant Antoni, uno de los d\u00edas m\u00e1s especiales y esperados por nuestra comunidad\",\"breadcrumb\":{\"@id\":\"https:\\\/\\\/fenomensassociacio.org\\\/fenomens-celebra-sant-antoni\\\/#breadcrumb\"},\"inLanguage\":\"ca\",\"potentialAction\":[{\"@type\":\"ReadAction\",\"target\":[\"https:\\\/\\\/fenomensassociacio.org\\\/fenomens-celebra-sant-antoni\\\/\"]}]},{\"@type\":\"ImageObject\",\"inLanguage\":\"ca\",\"@id\":\"https:\\\/\\\/fenomensassociacio.org\\\/fenomens-celebra-sant-antoni\\\/#primaryimage\",\"url\":\"https:\\\/\\\/fenomensassociacio.org\\\/wp-content\\\/uploads\\\/2025\\\/01\\\/IMG-20250121-WA0004.webp\",\"contentUrl\":\"https:\\\/\\\/fenomensassociacio.org\\\/wp-content\\\/uploads\\\/2025\\\/01\\\/IMG-20250121-WA0004.webp\",\"width\":2000,\"height\":1496,\"caption\":\"foto de la cena de Sant Antoni\"},{\"@type\":\"BreadcrumbList\",\"@id\":\"https:\\\/\\\/fenomensassociacio.org\\\/fenomens-celebra-sant-antoni\\\/#breadcrumb\",\"itemListElement\":[{\"@type\":\"ListItem\",\"position\":1,\"name\":\"Portada\",\"item\":\"https:\\\/\\\/fenomensassociacio.org\\\/\"},{\"@type\":\"ListItem\",\"position\":2,\"name\":\"FEN\u00d2MENS celebra Sant Antoni\"}]},{\"@type\":\"WebSite\",\"@id\":\"https:\\\/\\\/fenomensassociacio.org\\\/#website\",\"url\":\"https:\\\/\\\/fenomensassociacio.org\\\/\",\"name\":\"Fenomens\",\"description\":\"Associaci\u00f3 de persones amb discapacitat intel.lectual\",\"publisher\":{\"@id\":\"https:\\\/\\\/fenomensassociacio.org\\\/#organization\"},\"potentialAction\":[{\"@type\":\"SearchAction\",\"target\":{\"@type\":\"EntryPoint\",\"urlTemplate\":\"https:\\\/\\\/fenomensassociacio.org\\\/?s={search_term_string}\"},\"query-input\":{\"@type\":\"PropertyValueSpecification\",\"valueRequired\":true,\"valueName\":\"search_term_string\"}}],\"inLanguage\":\"ca\"},{\"@type\":\"Organization\",\"@id\":\"https:\\\/\\\/fenomensassociacio.org\\\/#organization\",\"name\":\"Fenomens\",\"url\":\"https:\\\/\\\/fenomensassociacio.org\\\/\",\"logo\":{\"@type\":\"ImageObject\",\"inLanguage\":\"ca\",\"@id\":\"https:\\\/\\\/fenomensassociacio.org\\\/#\\\/schema\\\/logo\\\/image\\\/\",\"url\":\"https:\\\/\\\/fenomensassociacio.org\\\/wp-content\\\/uploads\\\/2020\\\/06\\\/logo_fenomens_color_sin_fondo_subtitulo.webp\",\"contentUrl\":\"https:\\\/\\\/fenomensassociacio.org\\\/wp-content\\\/uploads\\\/2020\\\/06\\\/logo_fenomens_color_sin_fondo_subtitulo.webp\",\"width\":2048,\"height\":1707,\"caption\":\"Fenomens\"},\"image\":{\"@id\":\"https:\\\/\\\/fenomensassociacio.org\\\/#\\\/schema\\\/logo\\\/image\\\/\"},\"sameAs\":[\"https:\\\/\\\/www.facebook.com\\\/elsfenomens\\\/?locale=es_ES\",\"https:\\\/\\\/www.instagram.com\\\/associacio_fenomens\\\/p\\\/DDjl2kbIsrU\\\/?img_index=1\"]},{\"@type\":\"Person\",\"@id\":\"https:\\\/\\\/fenomensassociacio.org\\\/#\\\/schema\\\/person\\\/c1734ce1d720ad761110f905c22e4a6a\",\"name\":\"admin\",\"image\":{\"@type\":\"ImageObject\",\"inLanguage\":\"ca\",\"@id\":\"https:\\\/\\\/fenomensassociacio.org\\\/wp-content\\\/litespeed\\\/avatar\\\/8a4c5022de4aad7118ebd8830ae8ea5f.jpg?ver=1776947167\",\"url\":\"https:\\\/\\\/fenomensassociacio.org\\\/wp-content\\\/litespeed\\\/avatar\\\/8a4c5022de4aad7118ebd8830ae8ea5f.jpg?ver=1776947167\",\"contentUrl\":\"https:\\\/\\\/fenomensassociacio.org\\\/wp-content\\\/litespeed\\\/avatar\\\/8a4c5022de4aad7118ebd8830ae8ea5f.jpg?ver=1776947167\",\"caption\":\"admin\"},\"sameAs\":[\"https:\\\/\\\/fenomensassociacio.org\"],\"url\":\"https:\\\/\\\/fenomensassociacio.org\\\/va\\\/author\\\/fenomensa\\\/\"}]}<\/script>\n<!-- \/ Yoast SEO plugin. -->","yoast_head_json":{"title":"FEN\u00d2MENS celebra Sant Antoni - Fenomens","description":"El s\u00e1bado 18 de Enero, la asociaci\u00f3n FEN\u00d2MENS celebr\u00f3 la festividad de Sant Antoni, uno de los d\u00edas m\u00e1s especiales y esperados por nuestra comunidad","robots":{"index":"index","follow":"follow","max-snippet":"max-snippet:-1","max-image-preview":"max-image-preview:large","max-video-preview":"max-video-preview:-1"},"canonical":"https:\/\/fenomensassociacio.org\/va\/fenomens-celebra-sant-antoni\/","og_locale":"ca_ES","og_type":"article","og_title":"FEN\u00d2MENS celebra Sant Antoni - Fenomens","og_description":"El s\u00e1bado 18 de Enero, la asociaci\u00f3n FEN\u00d2MENS celebr\u00f3 la festividad de Sant Antoni, uno de los d\u00edas m\u00e1s especiales y esperados por nuestra comunidad","og_url":"https:\/\/fenomensassociacio.org\/va\/fenomens-celebra-sant-antoni\/","og_site_name":"Fenomens","article_publisher":"https:\/\/www.facebook.com\/elsfenomens\/?locale=es_ES","article_published_time":"2025-01-21T09:27:21+00:00","article_modified_time":"2025-03-19T17:09:18+00:00","og_image":[{"width":2000,"height":1496,"url":"https:\/\/fenomensassociacio.org\/wp-content\/uploads\/2025\/01\/IMG-20250121-WA0004.webp","type":"image\/webp"}],"author":"admin","twitter_card":"summary_large_image","twitter_misc":{"Escrit per":"admin","Temps estimat de lectura":"2 minuts"},"schema":{"@context":"https:\/\/schema.org","@graph":[{"@type":"Article","@id":"https:\/\/fenomensassociacio.org\/fenomens-celebra-sant-antoni\/#article","isPartOf":{"@id":"https:\/\/fenomensassociacio.org\/fenomens-celebra-sant-antoni\/"},"author":{"name":"admin","@id":"https:\/\/fenomensassociacio.org\/#\/schema\/person\/c1734ce1d720ad761110f905c22e4a6a"},"headline":"FEN\u00d2MENS celebra Sant Antoni","datePublished":"2025-01-21T09:27:21+00:00","dateModified":"2025-03-19T17:09:18+00:00","mainEntityOfPage":{"@id":"https:\/\/fenomensassociacio.org\/fenomens-celebra-sant-antoni\/"},"wordCount":254,"commentCount":0,"publisher":{"@id":"https:\/\/fenomensassociacio.org\/#organization"},"image":{"@id":"https:\/\/fenomensassociacio.org\/fenomens-celebra-sant-antoni\/#primaryimage"},"thumbnailUrl":"https:\/\/fenomensassociacio.org\/wp-content\/uploads\/2025\/01\/IMG-20250121-WA0004.webp","articleSection":["Uncategorized"],"inLanguage":"ca","potentialAction":[{"@type":"CommentAction","name":"Comment","target":["https:\/\/fenomensassociacio.org\/fenomens-celebra-sant-antoni\/#respond"]}]},{"@type":"WebPage","@id":"https:\/\/fenomensassociacio.org\/fenomens-celebra-sant-antoni\/","url":"https:\/\/fenomensassociacio.org\/fenomens-celebra-sant-antoni\/","name":"FEN\u00d2MENS celebra Sant Antoni - Fenomens","isPartOf":{"@id":"https:\/\/fenomensassociacio.org\/#website"},"primaryImageOfPage":{"@id":"https:\/\/fenomensassociacio.org\/fenomens-celebra-sant-antoni\/#primaryimage"},"image":{"@id":"https:\/\/fenomensassociacio.org\/fenomens-celebra-sant-antoni\/#primaryimage"},"thumbnailUrl":"https:\/\/fenomensassociacio.org\/wp-content\/uploads\/2025\/01\/IMG-20250121-WA0004.webp","datePublished":"2025-01-21T09:27:21+00:00","dateModified":"2025-03-19T17:09:18+00:00","description":"El s\u00e1bado 18 de Enero, la asociaci\u00f3n FEN\u00d2MENS celebr\u00f3 la festividad de Sant Antoni, uno de los d\u00edas m\u00e1s especiales y esperados por nuestra comunidad","breadcrumb":{"@id":"https:\/\/fenomensassociacio.org\/fenomens-celebra-sant-antoni\/#breadcrumb"},"inLanguage":"ca","potentialAction":[{"@type":"ReadAction","target":["https:\/\/fenomensassociacio.org\/fenomens-celebra-sant-antoni\/"]}]},{"@type":"ImageObject","inLanguage":"ca","@id":"https:\/\/fenomensassociacio.org\/fenomens-celebra-sant-antoni\/#primaryimage","url":"https:\/\/fenomensassociacio.org\/wp-content\/uploads\/2025\/01\/IMG-20250121-WA0004.webp","contentUrl":"https:\/\/fenomensassociacio.org\/wp-content\/uploads\/2025\/01\/IMG-20250121-WA0004.webp","width":2000,"height":1496,"caption":"foto de la cena de Sant Antoni"},{"@type":"BreadcrumbList","@id":"https:\/\/fenomensassociacio.org\/fenomens-celebra-sant-antoni\/#breadcrumb","itemListElement":[{"@type":"ListItem","position":1,"name":"Portada","item":"https:\/\/fenomensassociacio.org\/"},{"@type":"ListItem","position":2,"name":"FEN\u00d2MENS celebra Sant Antoni"}]},{"@type":"WebSite","@id":"https:\/\/fenomensassociacio.org\/#website","url":"https:\/\/fenomensassociacio.org\/","name":"Fenomens","description":"Associaci\u00f3 de persones amb discapacitat intel.lectual","publisher":{"@id":"https:\/\/fenomensassociacio.org\/#organization"},"potentialAction":[{"@type":"SearchAction","target":{"@type":"EntryPoint","urlTemplate":"https:\/\/fenomensassociacio.org\/?s={search_term_string}"},"query-input":{"@type":"PropertyValueSpecification","valueRequired":true,"valueName":"search_term_string"}}],"inLanguage":"ca"},{"@type":"Organization","@id":"https:\/\/fenomensassociacio.org\/#organization","name":"Fenomens","url":"https:\/\/fenomensassociacio.org\/","logo":{"@type":"ImageObject","inLanguage":"ca","@id":"https:\/\/fenomensassociacio.org\/#\/schema\/logo\/image\/","url":"https:\/\/fenomensassociacio.org\/wp-content\/uploads\/2020\/06\/logo_fenomens_color_sin_fondo_subtitulo.webp","contentUrl":"https:\/\/fenomensassociacio.org\/wp-content\/uploads\/2020\/06\/logo_fenomens_color_sin_fondo_subtitulo.webp","width":2048,"height":1707,"caption":"Fenomens"},"image":{"@id":"https:\/\/fenomensassociacio.org\/#\/schema\/logo\/image\/"},"sameAs":["https:\/\/www.facebook.com\/elsfenomens\/?locale=es_ES","https:\/\/www.instagram.com\/associacio_fenomens\/p\/DDjl2kbIsrU\/?img_index=1"]},{"@type":"Person","@id":"https:\/\/fenomensassociacio.org\/#\/schema\/person\/c1734ce1d720ad761110f905c22e4a6a","name":"admin","image":{"@type":"ImageObject","inLanguage":"ca","@id":"https:\/\/fenomensassociacio.org\/wp-content\/litespeed\/avatar\/8a4c5022de4aad7118ebd8830ae8ea5f.jpg?ver=1776947167","url":"https:\/\/fenomensassociacio.org\/wp-content\/litespeed\/avatar\/8a4c5022de4aad7118ebd8830ae8ea5f.jpg?ver=1776947167","contentUrl":"https:\/\/fenomensassociacio.org\/wp-content\/litespeed\/avatar\/8a4c5022de4aad7118ebd8830ae8ea5f.jpg?ver=1776947167","caption":"admin"},"sameAs":["https:\/\/fenomensassociacio.org"],"url":"https:\/\/fenomensassociacio.org\/va\/author\/fenomensa\/"}]}},"_links":{"self":[{"href":"https:\/\/fenomensassociacio.org\/va\/wp-json\/wp\/v2\/posts\/3932","targetHints":{"allow":["GET"]}}],"collection":[{"href":"https:\/\/fenomensassociacio.org\/va\/wp-json\/wp\/v2\/posts"}],"about":[{"href":"https:\/\/fenomensassociacio.org\/va\/wp-json\/wp\/v2\/types\/post"}],"author":[{"embeddable":true,"href":"https:\/\/fenomensassociacio.org\/va\/wp-json\/wp\/v2\/users\/1"}],"replies":[{"embeddable":true,"href":"https:\/\/fenomensassociacio.org\/va\/wp-json\/wp\/v2\/comments?post=3932"}],"version-history":[{"count":11,"href":"https:\/\/fenomensassociacio.org\/va\/wp-json\/wp\/v2\/posts\/3932\/revisions"}],"predecessor-version":[{"id":4735,"href":"https:\/\/fenomensassociacio.org\/va\/wp-json\/wp\/v2\/posts\/3932\/revisions\/4735"}],"wp:featuredmedia":[{"embeddable":true,"href":"https:\/\/fenomensassociacio.org\/va\/wp-json\/wp\/v2\/media\/3933"}],"wp:attachment":[{"href":"https:\/\/fenomensassociacio.org\/va\/wp-json\/wp\/v2\/media?parent=3932"}],"wp:term":[{"taxonomy":"category","embeddable":true,"href":"https:\/\/fenomensassociacio.org\/va\/wp-json\/wp\/v2\/categories?post=3932"},{"taxonomy":"post_tag","embeddable":true,"href":"https:\/\/fenomensassociacio.org\/va\/wp-json\/wp\/v2\/tags?post=3932"}],"curies":[{"name":"wp","href":"https:\/\/api.w.org\/{rel}","templated":true}]}}