{"id":4963,"date":"2025-05-22T12:20:38","date_gmt":"2025-05-22T11:20:38","guid":{"rendered":"https:\/\/fenomensassociacio.org\/?p=4963"},"modified":"2025-05-30T11:24:39","modified_gmt":"2025-05-30T10:24:39","slug":"damos-la-bienvenida-a-tres-nuevas-voluntarias","status":"publish","type":"post","link":"https:\/\/fenomensassociacio.org\/va\/damos-la-bienvenida-a-tres-nuevas-voluntarias\/","title":{"rendered":"Donem la benvinguda a tres noves volunt\u00e0ries a FEN\u00d2MENS"},"content":{"rendered":"<div data-elementor-type=\"wp-post\" data-elementor-id=\"4963\" class=\"elementor elementor-4963\" data-elementor-post-type=\"post\">\n\t\t\t\t<div class=\"elementor-element elementor-element-72322a7 e-flex e-con-boxed e-con e-parent\" data-id=\"72322a7\" data-element_type=\"container\" data-e-type=\"container\" data-settings=\"{&quot;jet_parallax_layout_list&quot;:[]}\">\n\t\t\t\t\t<div class=\"e-con-inner\">\n\t\t\t\t<div class=\"elementor-element elementor-element-d0a3e95 elementor-drop-cap-yes elementor-drop-cap-view-default elementor-widget elementor-widget-text-editor\" data-id=\"d0a3e95\" data-element_type=\"widget\" data-e-type=\"widget\" data-settings=\"{&quot;drop_cap&quot;:&quot;yes&quot;}\" data-widget_type=\"text-editor.default\">\n\t\t\t\t<div class=\"elementor-widget-container\">\n\t\t\t\t\t\t\t\t\t<p data-start=\"118\" data-end=\"268\">Des de <strong><span style=\"color: #ff9900;\">FEN\u00d2MENS<\/span><\/strong> estem molt contents d'anunciar la incorporaci\u00f3 de tres noves volunt\u00e0ries que se sumen al nostre equip amb moltes ganes i il\u00b7lusi\u00f3.<\/p><p data-start=\"270\" data-end=\"409\"><span style=\"color: #ff6600;\"><strong>Laura<\/strong><\/span> col\u00b7laborar\u00e0 en l'activitat de <strong data-start=\"306\" data-end=\"322\">\u00abAuto-cura\u00bb<\/strong>, el seu comprom\u00eds i calidesa la converteixen en una gran aliada en aquest espai de cura.<\/p><p data-start=\"411\" data-end=\"551\"><strong><span style=\"color: #ff6600;\">Bel\u00e9n<\/span><\/strong> s'uneix a l'activitat de <strong data-start=\"442\" data-end=\"451\">\u00abOci\u00bb<\/strong>, ajudant a crear espais de temps lliure inclusius i enriquidors per als nostres participants.<\/p><p data-start=\"553\" data-end=\"727\"><strong><span style=\"color: #ff6600;\">Paula<\/span><\/strong> aportar\u00e0 la seva energia tant a <strong data-start=\"588\" data-end=\"600\">\u00abTeatre\u00bb<\/strong>, fomentant l'expressi\u00f3 art\u00edstica i la creativitat, com tamb\u00e9 a <strong data-start=\"670\" data-end=\"679\">\u00abOci\u00bb<\/strong>, compartint moments de diversi\u00f3 i connexi\u00f3.<\/p><p data-start=\"729\" data-end=\"902\">Us donem una c\u00e0lida benvinguda i us agra\u00efm profundament el vostre comprom\u00eds i dedicaci\u00f3. Junts continuarem construint una comunitat m\u00e9s inclusiva, creativa i solid\u00e0ria.<\/p>\t\t\t\t\t\t\t\t<\/div>\n\t\t\t\t<\/div>\n\t\t\t\t\t<\/div>\n\t\t\t\t<\/div>\n\t\t\t\t<\/div>","protected":false},"excerpt":{"rendered":"<p>Desde FEN\u00d2MENS estamos muy contentos\/as de anunciar la incorporaci\u00f3n de tres nuevas voluntarias que se suman a nuestro equipo con muchas ganas e ilusi\u00f3n. Laura colaborar\u00e1 en la actividad de \u00abAuto-cura\u00bb, su compromiso y calidez la convierten en una gran aliada en este espacio de cuidado. Bel\u00e9n se une a la actividad de \u00abOci\u00bb, ayudando [&hellip;]<\/p>\n","protected":false},"author":1,"featured_media":1304,"comment_status":"open","ping_status":"closed","sticky":false,"template":"","format":"standard","meta":{"footnotes":""},"categories":[1],"tags":[],"class_list":["post-4963","post","type-post","status-publish","format-standard","has-post-thumbnail","hentry","category-uncategorized"],"yoast_head":"<!-- This site is optimized with the Yoast SEO plugin v27.5 - https:\/\/yoast.com\/product\/yoast-seo-wordpress\/ -->\n<title>Damos la bienvenida a tres nuevas voluntarias en FEN\u00d2MENS - Fenomens<\/title>\n<meta name=\"description\" content=\"FEN\u00d2MENS da la bienvenida a Laura, Bel\u00e9n y Paula, nuevas voluntarias que se suman a las actividades de Fem Cercle, Oci y Teatre.\" \/>\n<meta name=\"robots\" content=\"index, follow, max-snippet:-1, max-image-preview:large, max-video-preview:-1\" \/>\n<link rel=\"canonical\" href=\"https:\/\/fenomensassociacio.org\/va\/damos-la-bienvenida-a-tres-nuevas-voluntarias\/\" \/>\n<meta property=\"og:locale\" content=\"ca_ES\" \/>\n<meta property=\"og:type\" content=\"article\" \/>\n<meta property=\"og:title\" content=\"Damos la bienvenida a tres nuevas voluntarias en FEN\u00d2MENS - Fenomens\" \/>\n<meta property=\"og:description\" content=\"FEN\u00d2MENS da la bienvenida a Laura, Bel\u00e9n y Paula, nuevas voluntarias que se suman a las actividades de Fem Cercle, Oci y Teatre.\" \/>\n<meta property=\"og:url\" content=\"https:\/\/fenomensassociacio.org\/va\/damos-la-bienvenida-a-tres-nuevas-voluntarias\/\" \/>\n<meta property=\"og:site_name\" content=\"Fenomens\" \/>\n<meta property=\"article:publisher\" content=\"https:\/\/www.facebook.com\/elsfenomens\/?locale=es_ES\" \/>\n<meta property=\"article:published_time\" content=\"2025-05-22T11:20:38+00:00\" \/>\n<meta property=\"article:modified_time\" content=\"2025-05-30T10:24:39+00:00\" \/>\n<meta property=\"og:image\" content=\"https:\/\/fenomensassociacio.org\/wp-content\/uploads\/2020\/06\/logo_fenomens_color_sin_fondo_subtitulo.webp\" \/>\n\t<meta property=\"og:image:width\" content=\"2048\" \/>\n\t<meta property=\"og:image:height\" content=\"1707\" \/>\n\t<meta property=\"og:image:type\" content=\"image\/webp\" \/>\n<meta name=\"author\" content=\"admin\" \/>\n<meta name=\"twitter:card\" content=\"summary_large_image\" \/>\n<meta name=\"twitter:label1\" content=\"Escrit per\" \/>\n\t<meta name=\"twitter:data1\" content=\"admin\" \/>\n\t<meta name=\"twitter:label2\" content=\"Temps estimat de lectura\" \/>\n\t<meta name=\"twitter:data2\" content=\"1 minut\" \/>\n<script type=\"application\/ld+json\" class=\"yoast-schema-graph\">{\"@context\":\"https:\\\/\\\/schema.org\",\"@graph\":[{\"@type\":\"Article\",\"@id\":\"https:\\\/\\\/fenomensassociacio.org\\\/damos-la-bienvenida-a-tres-nuevas-voluntarias\\\/#article\",\"isPartOf\":{\"@id\":\"https:\\\/\\\/fenomensassociacio.org\\\/damos-la-bienvenida-a-tres-nuevas-voluntarias\\\/\"},\"author\":{\"name\":\"admin\",\"@id\":\"https:\\\/\\\/fenomensassociacio.org\\\/#\\\/schema\\\/person\\\/c1734ce1d720ad761110f905c22e4a6a\"},\"headline\":\"Damos la bienvenida a tres nuevas voluntarias en FEN\u00d2MENS\",\"datePublished\":\"2025-05-22T11:20:38+00:00\",\"dateModified\":\"2025-05-30T10:24:39+00:00\",\"mainEntityOfPage\":{\"@id\":\"https:\\\/\\\/fenomensassociacio.org\\\/damos-la-bienvenida-a-tres-nuevas-voluntarias\\\/\"},\"wordCount\":139,\"commentCount\":0,\"publisher\":{\"@id\":\"https:\\\/\\\/fenomensassociacio.org\\\/#organization\"},\"image\":{\"@id\":\"https:\\\/\\\/fenomensassociacio.org\\\/damos-la-bienvenida-a-tres-nuevas-voluntarias\\\/#primaryimage\"},\"thumbnailUrl\":\"https:\\\/\\\/fenomensassociacio.org\\\/wp-content\\\/uploads\\\/2020\\\/06\\\/logo_fenomens_color_sin_fondo_subtitulo.webp\",\"articleSection\":[\"Uncategorized\"],\"inLanguage\":\"ca\",\"potentialAction\":[{\"@type\":\"CommentAction\",\"name\":\"Comment\",\"target\":[\"https:\\\/\\\/fenomensassociacio.org\\\/damos-la-bienvenida-a-tres-nuevas-voluntarias\\\/#respond\"]}]},{\"@type\":\"WebPage\",\"@id\":\"https:\\\/\\\/fenomensassociacio.org\\\/damos-la-bienvenida-a-tres-nuevas-voluntarias\\\/\",\"url\":\"https:\\\/\\\/fenomensassociacio.org\\\/damos-la-bienvenida-a-tres-nuevas-voluntarias\\\/\",\"name\":\"Damos la bienvenida a tres nuevas voluntarias en FEN\u00d2MENS - Fenomens\",\"isPartOf\":{\"@id\":\"https:\\\/\\\/fenomensassociacio.org\\\/#website\"},\"primaryImageOfPage\":{\"@id\":\"https:\\\/\\\/fenomensassociacio.org\\\/damos-la-bienvenida-a-tres-nuevas-voluntarias\\\/#primaryimage\"},\"image\":{\"@id\":\"https:\\\/\\\/fenomensassociacio.org\\\/damos-la-bienvenida-a-tres-nuevas-voluntarias\\\/#primaryimage\"},\"thumbnailUrl\":\"https:\\\/\\\/fenomensassociacio.org\\\/wp-content\\\/uploads\\\/2020\\\/06\\\/logo_fenomens_color_sin_fondo_subtitulo.webp\",\"datePublished\":\"2025-05-22T11:20:38+00:00\",\"dateModified\":\"2025-05-30T10:24:39+00:00\",\"description\":\"FEN\u00d2MENS da la bienvenida a Laura, Bel\u00e9n y Paula, nuevas voluntarias que se suman a las actividades de Fem Cercle, Oci y Teatre.\",\"breadcrumb\":{\"@id\":\"https:\\\/\\\/fenomensassociacio.org\\\/damos-la-bienvenida-a-tres-nuevas-voluntarias\\\/#breadcrumb\"},\"inLanguage\":\"ca\",\"potentialAction\":[{\"@type\":\"ReadAction\",\"target\":[\"https:\\\/\\\/fenomensassociacio.org\\\/damos-la-bienvenida-a-tres-nuevas-voluntarias\\\/\"]}]},{\"@type\":\"ImageObject\",\"inLanguage\":\"ca\",\"@id\":\"https:\\\/\\\/fenomensassociacio.org\\\/damos-la-bienvenida-a-tres-nuevas-voluntarias\\\/#primaryimage\",\"url\":\"https:\\\/\\\/fenomensassociacio.org\\\/wp-content\\\/uploads\\\/2020\\\/06\\\/logo_fenomens_color_sin_fondo_subtitulo.webp\",\"contentUrl\":\"https:\\\/\\\/fenomensassociacio.org\\\/wp-content\\\/uploads\\\/2020\\\/06\\\/logo_fenomens_color_sin_fondo_subtitulo.webp\",\"width\":2048,\"height\":1707,\"caption\":\"logo fenomens\"},{\"@type\":\"BreadcrumbList\",\"@id\":\"https:\\\/\\\/fenomensassociacio.org\\\/damos-la-bienvenida-a-tres-nuevas-voluntarias\\\/#breadcrumb\",\"itemListElement\":[{\"@type\":\"ListItem\",\"position\":1,\"name\":\"Portada\",\"item\":\"https:\\\/\\\/fenomensassociacio.org\\\/\"},{\"@type\":\"ListItem\",\"position\":2,\"name\":\"Damos la bienvenida a tres nuevas voluntarias en FEN\u00d2MENS\"}]},{\"@type\":\"WebSite\",\"@id\":\"https:\\\/\\\/fenomensassociacio.org\\\/#website\",\"url\":\"https:\\\/\\\/fenomensassociacio.org\\\/\",\"name\":\"Fenomens\",\"description\":\"Associaci\u00f3 de persones amb discapacitat intel.lectual\",\"publisher\":{\"@id\":\"https:\\\/\\\/fenomensassociacio.org\\\/#organization\"},\"potentialAction\":[{\"@type\":\"SearchAction\",\"target\":{\"@type\":\"EntryPoint\",\"urlTemplate\":\"https:\\\/\\\/fenomensassociacio.org\\\/?s={search_term_string}\"},\"query-input\":{\"@type\":\"PropertyValueSpecification\",\"valueRequired\":true,\"valueName\":\"search_term_string\"}}],\"inLanguage\":\"ca\"},{\"@type\":\"Organization\",\"@id\":\"https:\\\/\\\/fenomensassociacio.org\\\/#organization\",\"name\":\"Fenomens\",\"url\":\"https:\\\/\\\/fenomensassociacio.org\\\/\",\"logo\":{\"@type\":\"ImageObject\",\"inLanguage\":\"ca\",\"@id\":\"https:\\\/\\\/fenomensassociacio.org\\\/#\\\/schema\\\/logo\\\/image\\\/\",\"url\":\"https:\\\/\\\/fenomensassociacio.org\\\/wp-content\\\/uploads\\\/2020\\\/06\\\/logo_fenomens_color_sin_fondo_subtitulo.webp\",\"contentUrl\":\"https:\\\/\\\/fenomensassociacio.org\\\/wp-content\\\/uploads\\\/2020\\\/06\\\/logo_fenomens_color_sin_fondo_subtitulo.webp\",\"width\":2048,\"height\":1707,\"caption\":\"Fenomens\"},\"image\":{\"@id\":\"https:\\\/\\\/fenomensassociacio.org\\\/#\\\/schema\\\/logo\\\/image\\\/\"},\"sameAs\":[\"https:\\\/\\\/www.facebook.com\\\/elsfenomens\\\/?locale=es_ES\",\"https:\\\/\\\/www.instagram.com\\\/associacio_fenomens\\\/p\\\/DDjl2kbIsrU\\\/?img_index=1\"]},{\"@type\":\"Person\",\"@id\":\"https:\\\/\\\/fenomensassociacio.org\\\/#\\\/schema\\\/person\\\/c1734ce1d720ad761110f905c22e4a6a\",\"name\":\"admin\",\"image\":{\"@type\":\"ImageObject\",\"inLanguage\":\"ca\",\"@id\":\"https:\\\/\\\/fenomensassociacio.org\\\/wp-content\\\/litespeed\\\/avatar\\\/8a4c5022de4aad7118ebd8830ae8ea5f.jpg?ver=1777553393\",\"url\":\"https:\\\/\\\/fenomensassociacio.org\\\/wp-content\\\/litespeed\\\/avatar\\\/8a4c5022de4aad7118ebd8830ae8ea5f.jpg?ver=1777553393\",\"contentUrl\":\"https:\\\/\\\/fenomensassociacio.org\\\/wp-content\\\/litespeed\\\/avatar\\\/8a4c5022de4aad7118ebd8830ae8ea5f.jpg?ver=1777553393\",\"caption\":\"admin\"},\"sameAs\":[\"https:\\\/\\\/fenomensassociacio.org\"],\"url\":\"https:\\\/\\\/fenomensassociacio.org\\\/va\\\/author\\\/fenomensa\\\/\"}]}<\/script>\n<!-- \/ Yoast SEO plugin. -->","yoast_head_json":{"title":"Damos la bienvenida a tres nuevas voluntarias en FEN\u00d2MENS - Fenomens","description":"FEN\u00d2MENS da la bienvenida a Laura, Bel\u00e9n y Paula, nuevas voluntarias que se suman a las actividades de Fem Cercle, Oci y Teatre.","robots":{"index":"index","follow":"follow","max-snippet":"max-snippet:-1","max-image-preview":"max-image-preview:large","max-video-preview":"max-video-preview:-1"},"canonical":"https:\/\/fenomensassociacio.org\/va\/damos-la-bienvenida-a-tres-nuevas-voluntarias\/","og_locale":"ca_ES","og_type":"article","og_title":"Damos la bienvenida a tres nuevas voluntarias en FEN\u00d2MENS - Fenomens","og_description":"FEN\u00d2MENS da la bienvenida a Laura, Bel\u00e9n y Paula, nuevas voluntarias que se suman a las actividades de Fem Cercle, Oci y Teatre.","og_url":"https:\/\/fenomensassociacio.org\/va\/damos-la-bienvenida-a-tres-nuevas-voluntarias\/","og_site_name":"Fenomens","article_publisher":"https:\/\/www.facebook.com\/elsfenomens\/?locale=es_ES","article_published_time":"2025-05-22T11:20:38+00:00","article_modified_time":"2025-05-30T10:24:39+00:00","og_image":[{"width":2048,"height":1707,"url":"https:\/\/fenomensassociacio.org\/wp-content\/uploads\/2020\/06\/logo_fenomens_color_sin_fondo_subtitulo.webp","type":"image\/webp"}],"author":"admin","twitter_card":"summary_large_image","twitter_misc":{"Escrit per":"admin","Temps estimat de lectura":"1 minut"},"schema":{"@context":"https:\/\/schema.org","@graph":[{"@type":"Article","@id":"https:\/\/fenomensassociacio.org\/damos-la-bienvenida-a-tres-nuevas-voluntarias\/#article","isPartOf":{"@id":"https:\/\/fenomensassociacio.org\/damos-la-bienvenida-a-tres-nuevas-voluntarias\/"},"author":{"name":"admin","@id":"https:\/\/fenomensassociacio.org\/#\/schema\/person\/c1734ce1d720ad761110f905c22e4a6a"},"headline":"Damos la bienvenida a tres nuevas voluntarias en FEN\u00d2MENS","datePublished":"2025-05-22T11:20:38+00:00","dateModified":"2025-05-30T10:24:39+00:00","mainEntityOfPage":{"@id":"https:\/\/fenomensassociacio.org\/damos-la-bienvenida-a-tres-nuevas-voluntarias\/"},"wordCount":139,"commentCount":0,"publisher":{"@id":"https:\/\/fenomensassociacio.org\/#organization"},"image":{"@id":"https:\/\/fenomensassociacio.org\/damos-la-bienvenida-a-tres-nuevas-voluntarias\/#primaryimage"},"thumbnailUrl":"https:\/\/fenomensassociacio.org\/wp-content\/uploads\/2020\/06\/logo_fenomens_color_sin_fondo_subtitulo.webp","articleSection":["Uncategorized"],"inLanguage":"ca","potentialAction":[{"@type":"CommentAction","name":"Comment","target":["https:\/\/fenomensassociacio.org\/damos-la-bienvenida-a-tres-nuevas-voluntarias\/#respond"]}]},{"@type":"WebPage","@id":"https:\/\/fenomensassociacio.org\/damos-la-bienvenida-a-tres-nuevas-voluntarias\/","url":"https:\/\/fenomensassociacio.org\/damos-la-bienvenida-a-tres-nuevas-voluntarias\/","name":"Damos la bienvenida a tres nuevas voluntarias en FEN\u00d2MENS - Fenomens","isPartOf":{"@id":"https:\/\/fenomensassociacio.org\/#website"},"primaryImageOfPage":{"@id":"https:\/\/fenomensassociacio.org\/damos-la-bienvenida-a-tres-nuevas-voluntarias\/#primaryimage"},"image":{"@id":"https:\/\/fenomensassociacio.org\/damos-la-bienvenida-a-tres-nuevas-voluntarias\/#primaryimage"},"thumbnailUrl":"https:\/\/fenomensassociacio.org\/wp-content\/uploads\/2020\/06\/logo_fenomens_color_sin_fondo_subtitulo.webp","datePublished":"2025-05-22T11:20:38+00:00","dateModified":"2025-05-30T10:24:39+00:00","description":"FEN\u00d2MENS da la bienvenida a Laura, Bel\u00e9n y Paula, nuevas voluntarias que se suman a las actividades de Fem Cercle, Oci y Teatre.","breadcrumb":{"@id":"https:\/\/fenomensassociacio.org\/damos-la-bienvenida-a-tres-nuevas-voluntarias\/#breadcrumb"},"inLanguage":"ca","potentialAction":[{"@type":"ReadAction","target":["https:\/\/fenomensassociacio.org\/damos-la-bienvenida-a-tres-nuevas-voluntarias\/"]}]},{"@type":"ImageObject","inLanguage":"ca","@id":"https:\/\/fenomensassociacio.org\/damos-la-bienvenida-a-tres-nuevas-voluntarias\/#primaryimage","url":"https:\/\/fenomensassociacio.org\/wp-content\/uploads\/2020\/06\/logo_fenomens_color_sin_fondo_subtitulo.webp","contentUrl":"https:\/\/fenomensassociacio.org\/wp-content\/uploads\/2020\/06\/logo_fenomens_color_sin_fondo_subtitulo.webp","width":2048,"height":1707,"caption":"logo fenomens"},{"@type":"BreadcrumbList","@id":"https:\/\/fenomensassociacio.org\/damos-la-bienvenida-a-tres-nuevas-voluntarias\/#breadcrumb","itemListElement":[{"@type":"ListItem","position":1,"name":"Portada","item":"https:\/\/fenomensassociacio.org\/"},{"@type":"ListItem","position":2,"name":"Damos la bienvenida a tres nuevas voluntarias en FEN\u00d2MENS"}]},{"@type":"WebSite","@id":"https:\/\/fenomensassociacio.org\/#website","url":"https:\/\/fenomensassociacio.org\/","name":"Fenomens","description":"Associaci\u00f3 de persones amb discapacitat intel.lectual","publisher":{"@id":"https:\/\/fenomensassociacio.org\/#organization"},"potentialAction":[{"@type":"SearchAction","target":{"@type":"EntryPoint","urlTemplate":"https:\/\/fenomensassociacio.org\/?s={search_term_string}"},"query-input":{"@type":"PropertyValueSpecification","valueRequired":true,"valueName":"search_term_string"}}],"inLanguage":"ca"},{"@type":"Organization","@id":"https:\/\/fenomensassociacio.org\/#organization","name":"Fenomens","url":"https:\/\/fenomensassociacio.org\/","logo":{"@type":"ImageObject","inLanguage":"ca","@id":"https:\/\/fenomensassociacio.org\/#\/schema\/logo\/image\/","url":"https:\/\/fenomensassociacio.org\/wp-content\/uploads\/2020\/06\/logo_fenomens_color_sin_fondo_subtitulo.webp","contentUrl":"https:\/\/fenomensassociacio.org\/wp-content\/uploads\/2020\/06\/logo_fenomens_color_sin_fondo_subtitulo.webp","width":2048,"height":1707,"caption":"Fenomens"},"image":{"@id":"https:\/\/fenomensassociacio.org\/#\/schema\/logo\/image\/"},"sameAs":["https:\/\/www.facebook.com\/elsfenomens\/?locale=es_ES","https:\/\/www.instagram.com\/associacio_fenomens\/p\/DDjl2kbIsrU\/?img_index=1"]},{"@type":"Person","@id":"https:\/\/fenomensassociacio.org\/#\/schema\/person\/c1734ce1d720ad761110f905c22e4a6a","name":"admin","image":{"@type":"ImageObject","inLanguage":"ca","@id":"https:\/\/fenomensassociacio.org\/wp-content\/litespeed\/avatar\/8a4c5022de4aad7118ebd8830ae8ea5f.jpg?ver=1777553393","url":"https:\/\/fenomensassociacio.org\/wp-content\/litespeed\/avatar\/8a4c5022de4aad7118ebd8830ae8ea5f.jpg?ver=1777553393","contentUrl":"https:\/\/fenomensassociacio.org\/wp-content\/litespeed\/avatar\/8a4c5022de4aad7118ebd8830ae8ea5f.jpg?ver=1777553393","caption":"admin"},"sameAs":["https:\/\/fenomensassociacio.org"],"url":"https:\/\/fenomensassociacio.org\/va\/author\/fenomensa\/"}]}},"_links":{"self":[{"href":"https:\/\/fenomensassociacio.org\/va\/wp-json\/wp\/v2\/posts\/4963","targetHints":{"allow":["GET"]}}],"collection":[{"href":"https:\/\/fenomensassociacio.org\/va\/wp-json\/wp\/v2\/posts"}],"about":[{"href":"https:\/\/fenomensassociacio.org\/va\/wp-json\/wp\/v2\/types\/post"}],"author":[{"embeddable":true,"href":"https:\/\/fenomensassociacio.org\/va\/wp-json\/wp\/v2\/users\/1"}],"replies":[{"embeddable":true,"href":"https:\/\/fenomensassociacio.org\/va\/wp-json\/wp\/v2\/comments?post=4963"}],"version-history":[{"count":7,"href":"https:\/\/fenomensassociacio.org\/va\/wp-json\/wp\/v2\/posts\/4963\/revisions"}],"predecessor-version":[{"id":5000,"href":"https:\/\/fenomensassociacio.org\/va\/wp-json\/wp\/v2\/posts\/4963\/revisions\/5000"}],"wp:featuredmedia":[{"embeddable":true,"href":"https:\/\/fenomensassociacio.org\/va\/wp-json\/wp\/v2\/media\/1304"}],"wp:attachment":[{"href":"https:\/\/fenomensassociacio.org\/va\/wp-json\/wp\/v2\/media?parent=4963"}],"wp:term":[{"taxonomy":"category","embeddable":true,"href":"https:\/\/fenomensassociacio.org\/va\/wp-json\/wp\/v2\/categories?post=4963"},{"taxonomy":"post_tag","embeddable":true,"href":"https:\/\/fenomensassociacio.org\/va\/wp-json\/wp\/v2\/tags?post=4963"}],"curies":[{"name":"wp","href":"https:\/\/api.w.org\/{rel}","templated":true}]}}