{"id":4985,"date":"2025-05-23T11:34:14","date_gmt":"2025-05-23T10:34:14","guid":{"rendered":"https:\/\/fenomensassociacio.org\/?p=4985"},"modified":"2025-05-23T11:41:48","modified_gmt":"2025-05-23T10:41:48","slug":"xvi-jornada-deporte-adaptado","status":"publish","type":"post","link":"https:\/\/fenomensassociacio.org\/va\/xvi-jornada-deporte-adaptado\/","title":{"rendered":"XVI Jornada d'Esport Adaptat"},"content":{"rendered":"<div data-elementor-type=\"wp-post\" data-elementor-id=\"4985\" class=\"elementor elementor-4985\" data-elementor-post-type=\"post\">\n\t\t\t\t<div class=\"elementor-element elementor-element-bec6ff3 e-flex e-con-boxed e-con e-parent\" data-id=\"bec6ff3\" data-element_type=\"container\" data-e-type=\"container\" data-settings=\"{&quot;jet_parallax_layout_list&quot;:[]}\">\n\t\t\t\t\t<div class=\"e-con-inner\">\n\t\t<div class=\"elementor-element elementor-element-e6a85e7 e-con-full e-flex e-con e-child\" data-id=\"e6a85e7\" data-element_type=\"container\" data-e-type=\"container\" data-settings=\"{&quot;jet_parallax_layout_list&quot;:[]}\">\n\t\t\t\t<div class=\"elementor-element elementor-element-8cd1725 elementor-widget elementor-widget-image\" data-id=\"8cd1725\" data-element_type=\"widget\" data-e-type=\"widget\" data-widget_type=\"image.default\">\n\t\t\t\t<div class=\"elementor-widget-container\">\n\t\t\t\t\t\t\t\t\t\t\t\t\t\t\t<img fetchpriority=\"high\" decoding=\"async\" width=\"1024\" height=\"1024\" src=\"https:\/\/fenomensassociacio.org\/wp-content\/uploads\/2025\/05\/IMG-20250522-WA0044-1024x1024.webp\" class=\"attachment-large size-large wp-image-4987\" alt=\"Foto grupo fen\u00f3mens\" srcset=\"https:\/\/fenomensassociacio.org\/wp-content\/uploads\/2025\/05\/IMG-20250522-WA0044-1024x1024.webp 1024w, https:\/\/fenomensassociacio.org\/wp-content\/uploads\/2025\/05\/IMG-20250522-WA0044-300x300.webp 300w, https:\/\/fenomensassociacio.org\/wp-content\/uploads\/2025\/05\/IMG-20250522-WA0044-150x150.webp 150w, https:\/\/fenomensassociacio.org\/wp-content\/uploads\/2025\/05\/IMG-20250522-WA0044-768x768.webp 768w, https:\/\/fenomensassociacio.org\/wp-content\/uploads\/2025\/05\/IMG-20250522-WA0044-1536x1536.webp 1536w, https:\/\/fenomensassociacio.org\/wp-content\/uploads\/2025\/05\/IMG-20250522-WA0044-230x230.webp 230w, https:\/\/fenomensassociacio.org\/wp-content\/uploads\/2025\/05\/IMG-20250522-WA0044-400x400.webp 400w, https:\/\/fenomensassociacio.org\/wp-content\/uploads\/2025\/05\/IMG-20250522-WA0044-600x600.webp 600w, https:\/\/fenomensassociacio.org\/wp-content\/uploads\/2025\/05\/IMG-20250522-WA0044-640x640.webp 640w, https:\/\/fenomensassociacio.org\/wp-content\/uploads\/2025\/05\/IMG-20250522-WA0044.webp 1600w\" sizes=\"(max-width: 1024px) 100vw, 1024px\" \/>\t\t\t\t\t\t\t\t\t\t\t\t\t\t\t<\/div>\n\t\t\t\t<\/div>\n\t\t\t\t<div class=\"elementor-element elementor-element-4c523c7 elementor-widget elementor-widget-image\" data-id=\"4c523c7\" data-element_type=\"widget\" data-e-type=\"widget\" data-widget_type=\"image.default\">\n\t\t\t\t<div class=\"elementor-widget-container\">\n\t\t\t\t\t\t\t\t\t\t\t\t\t\t\t<img decoding=\"async\" width=\"1024\" height=\"1024\" src=\"https:\/\/fenomensassociacio.org\/wp-content\/uploads\/2025\/05\/IMG-20250522-WA0038-1024x1024.webp\" class=\"attachment-large size-large wp-image-4993\" alt=\"Fen\u00f2mens bailando\" srcset=\"https:\/\/fenomensassociacio.org\/wp-content\/uploads\/2025\/05\/IMG-20250522-WA0038-1024x1024.webp 1024w, https:\/\/fenomensassociacio.org\/wp-content\/uploads\/2025\/05\/IMG-20250522-WA0038-300x300.webp 300w, https:\/\/fenomensassociacio.org\/wp-content\/uploads\/2025\/05\/IMG-20250522-WA0038-150x150.webp 150w, https:\/\/fenomensassociacio.org\/wp-content\/uploads\/2025\/05\/IMG-20250522-WA0038-768x768.webp 768w, https:\/\/fenomensassociacio.org\/wp-content\/uploads\/2025\/05\/IMG-20250522-WA0038-1536x1536.webp 1536w, https:\/\/fenomensassociacio.org\/wp-content\/uploads\/2025\/05\/IMG-20250522-WA0038-230x230.webp 230w, https:\/\/fenomensassociacio.org\/wp-content\/uploads\/2025\/05\/IMG-20250522-WA0038-400x400.webp 400w, https:\/\/fenomensassociacio.org\/wp-content\/uploads\/2025\/05\/IMG-20250522-WA0038-600x600.webp 600w, https:\/\/fenomensassociacio.org\/wp-content\/uploads\/2025\/05\/IMG-20250522-WA0038-640x640.webp 640w, https:\/\/fenomensassociacio.org\/wp-content\/uploads\/2025\/05\/IMG-20250522-WA0038.webp 1600w\" sizes=\"(max-width: 1024px) 100vw, 1024px\" \/>\t\t\t\t\t\t\t\t\t\t\t\t\t\t\t<\/div>\n\t\t\t\t<\/div>\n\t\t\t\t<\/div>\n\t\t<div class=\"elementor-element elementor-element-4326583 e-con-full e-flex e-con e-child\" data-id=\"4326583\" data-element_type=\"container\" data-e-type=\"container\" data-settings=\"{&quot;jet_parallax_layout_list&quot;:[]}\">\n\t\t\t\t<div class=\"elementor-element elementor-element-38fc527 elementor-drop-cap-yes elementor-drop-cap-view-default elementor-widget elementor-widget-text-editor\" data-id=\"38fc527\" data-element_type=\"widget\" data-e-type=\"widget\" data-settings=\"{&quot;drop_cap&quot;:&quot;yes&quot;}\" data-widget_type=\"text-editor.default\">\n\t\t\t\t<div class=\"elementor-widget-container\">\n\t\t\t\t\t\t\t\t\t<p data-start=\"183\" data-end=\"605\">La Taula de Discapacitat ha celebrat enguany la XVI Jornada d'Esport Adaptat, consolidant una vegada m\u00e9s el seu comprom\u00eds amb la inclusi\u00f3 i la visibilitzaci\u00f3 de les persones amb diversitat funcional. L'edici\u00f3 d'enguany ha estat sobretot una jornada de conviv\u00e8ncia entre els diferents centres participants, que han compartit experi\u00e8ncies i activitats esportives en un ambient de respecte, col\u00b7laboraci\u00f3 i alegria.<\/p><p data-start=\"607\" data-end=\"840\">Els centres participants en aquesta edici\u00f3 han estat: IVASS, El Collet, AFARE, Ateneu, COCEMFE, ACEMYF, AFANIES, Fibromi\u00e0lgia, Vivendes Tutelades i <strong><span style=\"color: #ff6600;\">FEN\u00d2MENS<\/span><\/strong>Tots han aportat el seu entusiasme i han contribu\u00eft a l'\u00e8xit de l'esdeveniment.<\/p><p data-start=\"842\" data-end=\"1020\">Tot i les dificultats t\u00e8cniques recurrents amb el funcionament de l'elevador del poliesportiu, la jornada ha estat un veritable exemple de superaci\u00f3 i treball en equip.<\/p><p data-start=\"1022\" data-end=\"1272\">L'acte de lliurament de diplomes, que reconeixia la participaci\u00f3 i l'esfor\u00e7 de totes les entitats, va comptar amb la pres\u00e8ncia del Sr. Alcalde, Juanma Cerd\u00e0, i de la regidora N\u00faria Isern, que van felicitar els assistents per la seva implicaci\u00f3 i esperit esportiu.<\/p><p data-start=\"1274\" data-end=\"1499\" data-is-last-node=\"\" data-is-only-node=\"\">La jornada va culminar amb un dinar excel\u00b7lent preparat i servit per l'equip del bar San Rafael, amb Iv\u00e1n al capdavant de l'organitzaci\u00f3. Sens dubte, va ser el colof\u00f3 \u200b\u200bperfecte per a un dia ple d'emocions, inclusi\u00f3 i comunitat.<\/p>\t\t\t\t\t\t\t\t<\/div>\n\t\t\t\t<\/div>\n\t\t\t\t<\/div>\n\t\t\t\t\t<\/div>\n\t\t\t\t<\/div>\n\t\t\t\t<\/div>","protected":false},"excerpt":{"rendered":"<p>La Taula de Discapacitat ha celebrado este a\u00f1o su XVI Jornada de Deporte Adaptado, consolidando una vez m\u00e1s su compromiso con la inclusi\u00f3n y la visibilizaci\u00f3n de las personas con diversidad funcional. La edici\u00f3n de este a\u00f1o ha sido, sobre todo, una jornada de convivencia entre los distintos centros participantes, que han compartido experiencias y [&hellip;]<\/p>\n","protected":false},"author":1,"featured_media":4986,"comment_status":"open","ping_status":"closed","sticky":false,"template":"","format":"standard","meta":{"footnotes":""},"categories":[1],"tags":[],"class_list":["post-4985","post","type-post","status-publish","format-standard","has-post-thumbnail","hentry","category-uncategorized"],"yoast_head":"<!-- This site is optimized with the Yoast SEO plugin v27.5 - https:\/\/yoast.com\/product\/yoast-seo-wordpress\/ -->\n<title>XVI Jornada de Deporte Adaptado - Fenomens<\/title>\n<meta name=\"description\" content=\"Celebramos la XVI Jornada de Deporte Adaptado: convivencia, inclusi\u00f3n y deporte con la participaci\u00f3n de centros y apoyo institucional.\" \/>\n<meta name=\"robots\" content=\"index, follow, max-snippet:-1, max-image-preview:large, max-video-preview:-1\" \/>\n<link rel=\"canonical\" href=\"https:\/\/fenomensassociacio.org\/va\/xvi-jornada-deporte-adaptado\/\" \/>\n<meta property=\"og:locale\" content=\"ca_ES\" \/>\n<meta property=\"og:type\" content=\"article\" \/>\n<meta property=\"og:title\" content=\"XVI Jornada de Deporte Adaptado - Fenomens\" \/>\n<meta property=\"og:description\" content=\"Celebramos la XVI Jornada de Deporte Adaptado: convivencia, inclusi\u00f3n y deporte con la participaci\u00f3n de centros y apoyo institucional.\" \/>\n<meta property=\"og:url\" content=\"https:\/\/fenomensassociacio.org\/va\/xvi-jornada-deporte-adaptado\/\" \/>\n<meta property=\"og:site_name\" content=\"Fenomens\" \/>\n<meta property=\"article:publisher\" content=\"https:\/\/www.facebook.com\/elsfenomens\/?locale=es_ES\" \/>\n<meta property=\"article:published_time\" content=\"2025-05-23T10:34:14+00:00\" \/>\n<meta property=\"article:modified_time\" content=\"2025-05-23T10:41:48+00:00\" \/>\n<meta property=\"og:image\" content=\"https:\/\/fenomensassociacio.org\/wp-content\/uploads\/2025\/05\/IMG-20250522-WA0043.webp\" \/>\n\t<meta property=\"og:image:width\" content=\"1600\" \/>\n\t<meta property=\"og:image:height\" content=\"1600\" \/>\n\t<meta property=\"og:image:type\" content=\"image\/webp\" \/>\n<meta name=\"author\" content=\"admin\" \/>\n<meta name=\"twitter:card\" content=\"summary_large_image\" \/>\n<meta name=\"twitter:label1\" content=\"Escrit per\" \/>\n\t<meta name=\"twitter:data1\" content=\"admin\" \/>\n\t<meta name=\"twitter:label2\" content=\"Temps estimat de lectura\" \/>\n\t<meta name=\"twitter:data2\" content=\"2 minuts\" \/>\n<script type=\"application\/ld+json\" class=\"yoast-schema-graph\">{\"@context\":\"https:\\\/\\\/schema.org\",\"@graph\":[{\"@type\":\"Article\",\"@id\":\"https:\\\/\\\/fenomensassociacio.org\\\/xvi-jornada-deporte-adaptado\\\/#article\",\"isPartOf\":{\"@id\":\"https:\\\/\\\/fenomensassociacio.org\\\/xvi-jornada-deporte-adaptado\\\/\"},\"author\":{\"name\":\"admin\",\"@id\":\"https:\\\/\\\/fenomensassociacio.org\\\/#\\\/schema\\\/person\\\/c1734ce1d720ad761110f905c22e4a6a\"},\"headline\":\"XVI Jornada de Deporte Adaptado\",\"datePublished\":\"2025-05-23T10:34:14+00:00\",\"dateModified\":\"2025-05-23T10:41:48+00:00\",\"mainEntityOfPage\":{\"@id\":\"https:\\\/\\\/fenomensassociacio.org\\\/xvi-jornada-deporte-adaptado\\\/\"},\"wordCount\":234,\"commentCount\":0,\"publisher\":{\"@id\":\"https:\\\/\\\/fenomensassociacio.org\\\/#organization\"},\"image\":{\"@id\":\"https:\\\/\\\/fenomensassociacio.org\\\/xvi-jornada-deporte-adaptado\\\/#primaryimage\"},\"thumbnailUrl\":\"https:\\\/\\\/fenomensassociacio.org\\\/wp-content\\\/uploads\\\/2025\\\/05\\\/IMG-20250522-WA0043.webp\",\"articleSection\":[\"Uncategorized\"],\"inLanguage\":\"ca\",\"potentialAction\":[{\"@type\":\"CommentAction\",\"name\":\"Comment\",\"target\":[\"https:\\\/\\\/fenomensassociacio.org\\\/xvi-jornada-deporte-adaptado\\\/#respond\"]}]},{\"@type\":\"WebPage\",\"@id\":\"https:\\\/\\\/fenomensassociacio.org\\\/xvi-jornada-deporte-adaptado\\\/\",\"url\":\"https:\\\/\\\/fenomensassociacio.org\\\/xvi-jornada-deporte-adaptado\\\/\",\"name\":\"XVI Jornada de Deporte Adaptado - Fenomens\",\"isPartOf\":{\"@id\":\"https:\\\/\\\/fenomensassociacio.org\\\/#website\"},\"primaryImageOfPage\":{\"@id\":\"https:\\\/\\\/fenomensassociacio.org\\\/xvi-jornada-deporte-adaptado\\\/#primaryimage\"},\"image\":{\"@id\":\"https:\\\/\\\/fenomensassociacio.org\\\/xvi-jornada-deporte-adaptado\\\/#primaryimage\"},\"thumbnailUrl\":\"https:\\\/\\\/fenomensassociacio.org\\\/wp-content\\\/uploads\\\/2025\\\/05\\\/IMG-20250522-WA0043.webp\",\"datePublished\":\"2025-05-23T10:34:14+00:00\",\"dateModified\":\"2025-05-23T10:41:48+00:00\",\"description\":\"Celebramos la XVI Jornada de Deporte Adaptado: convivencia, inclusi\u00f3n y deporte con la participaci\u00f3n de centros y apoyo institucional.\",\"breadcrumb\":{\"@id\":\"https:\\\/\\\/fenomensassociacio.org\\\/xvi-jornada-deporte-adaptado\\\/#breadcrumb\"},\"inLanguage\":\"ca\",\"potentialAction\":[{\"@type\":\"ReadAction\",\"target\":[\"https:\\\/\\\/fenomensassociacio.org\\\/xvi-jornada-deporte-adaptado\\\/\"]}]},{\"@type\":\"ImageObject\",\"inLanguage\":\"ca\",\"@id\":\"https:\\\/\\\/fenomensassociacio.org\\\/xvi-jornada-deporte-adaptado\\\/#primaryimage\",\"url\":\"https:\\\/\\\/fenomensassociacio.org\\\/wp-content\\\/uploads\\\/2025\\\/05\\\/IMG-20250522-WA0043.webp\",\"contentUrl\":\"https:\\\/\\\/fenomensassociacio.org\\\/wp-content\\\/uploads\\\/2025\\\/05\\\/IMG-20250522-WA0043.webp\",\"width\":1600,\"height\":1600,\"caption\":\"Participantes jornada deporte adaptado\"},{\"@type\":\"BreadcrumbList\",\"@id\":\"https:\\\/\\\/fenomensassociacio.org\\\/xvi-jornada-deporte-adaptado\\\/#breadcrumb\",\"itemListElement\":[{\"@type\":\"ListItem\",\"position\":1,\"name\":\"Portada\",\"item\":\"https:\\\/\\\/fenomensassociacio.org\\\/\"},{\"@type\":\"ListItem\",\"position\":2,\"name\":\"XVI Jornada de Deporte Adaptado\"}]},{\"@type\":\"WebSite\",\"@id\":\"https:\\\/\\\/fenomensassociacio.org\\\/#website\",\"url\":\"https:\\\/\\\/fenomensassociacio.org\\\/\",\"name\":\"Fenomens\",\"description\":\"Associaci\u00f3 de persones amb discapacitat intel.lectual\",\"publisher\":{\"@id\":\"https:\\\/\\\/fenomensassociacio.org\\\/#organization\"},\"potentialAction\":[{\"@type\":\"SearchAction\",\"target\":{\"@type\":\"EntryPoint\",\"urlTemplate\":\"https:\\\/\\\/fenomensassociacio.org\\\/?s={search_term_string}\"},\"query-input\":{\"@type\":\"PropertyValueSpecification\",\"valueRequired\":true,\"valueName\":\"search_term_string\"}}],\"inLanguage\":\"ca\"},{\"@type\":\"Organization\",\"@id\":\"https:\\\/\\\/fenomensassociacio.org\\\/#organization\",\"name\":\"Fenomens\",\"url\":\"https:\\\/\\\/fenomensassociacio.org\\\/\",\"logo\":{\"@type\":\"ImageObject\",\"inLanguage\":\"ca\",\"@id\":\"https:\\\/\\\/fenomensassociacio.org\\\/#\\\/schema\\\/logo\\\/image\\\/\",\"url\":\"https:\\\/\\\/fenomensassociacio.org\\\/wp-content\\\/uploads\\\/2020\\\/06\\\/logo_fenomens_color_sin_fondo_subtitulo.webp\",\"contentUrl\":\"https:\\\/\\\/fenomensassociacio.org\\\/wp-content\\\/uploads\\\/2020\\\/06\\\/logo_fenomens_color_sin_fondo_subtitulo.webp\",\"width\":2048,\"height\":1707,\"caption\":\"Fenomens\"},\"image\":{\"@id\":\"https:\\\/\\\/fenomensassociacio.org\\\/#\\\/schema\\\/logo\\\/image\\\/\"},\"sameAs\":[\"https:\\\/\\\/www.facebook.com\\\/elsfenomens\\\/?locale=es_ES\",\"https:\\\/\\\/www.instagram.com\\\/associacio_fenomens\\\/p\\\/DDjl2kbIsrU\\\/?img_index=1\"]},{\"@type\":\"Person\",\"@id\":\"https:\\\/\\\/fenomensassociacio.org\\\/#\\\/schema\\\/person\\\/c1734ce1d720ad761110f905c22e4a6a\",\"name\":\"admin\",\"image\":{\"@type\":\"ImageObject\",\"inLanguage\":\"ca\",\"@id\":\"https:\\\/\\\/fenomensassociacio.org\\\/wp-content\\\/litespeed\\\/avatar\\\/8a4c5022de4aad7118ebd8830ae8ea5f.jpg?ver=1777553393\",\"url\":\"https:\\\/\\\/fenomensassociacio.org\\\/wp-content\\\/litespeed\\\/avatar\\\/8a4c5022de4aad7118ebd8830ae8ea5f.jpg?ver=1777553393\",\"contentUrl\":\"https:\\\/\\\/fenomensassociacio.org\\\/wp-content\\\/litespeed\\\/avatar\\\/8a4c5022de4aad7118ebd8830ae8ea5f.jpg?ver=1777553393\",\"caption\":\"admin\"},\"sameAs\":[\"https:\\\/\\\/fenomensassociacio.org\"],\"url\":\"https:\\\/\\\/fenomensassociacio.org\\\/va\\\/author\\\/fenomensa\\\/\"}]}<\/script>\n<!-- \/ Yoast SEO plugin. -->","yoast_head_json":{"title":"XVI Jornada de Deporte Adaptado - Fenomens","description":"Celebramos la XVI Jornada de Deporte Adaptado: convivencia, inclusi\u00f3n y deporte con la participaci\u00f3n de centros y apoyo institucional.","robots":{"index":"index","follow":"follow","max-snippet":"max-snippet:-1","max-image-preview":"max-image-preview:large","max-video-preview":"max-video-preview:-1"},"canonical":"https:\/\/fenomensassociacio.org\/va\/xvi-jornada-deporte-adaptado\/","og_locale":"ca_ES","og_type":"article","og_title":"XVI Jornada de Deporte Adaptado - Fenomens","og_description":"Celebramos la XVI Jornada de Deporte Adaptado: convivencia, inclusi\u00f3n y deporte con la participaci\u00f3n de centros y apoyo institucional.","og_url":"https:\/\/fenomensassociacio.org\/va\/xvi-jornada-deporte-adaptado\/","og_site_name":"Fenomens","article_publisher":"https:\/\/www.facebook.com\/elsfenomens\/?locale=es_ES","article_published_time":"2025-05-23T10:34:14+00:00","article_modified_time":"2025-05-23T10:41:48+00:00","og_image":[{"width":1600,"height":1600,"url":"https:\/\/fenomensassociacio.org\/wp-content\/uploads\/2025\/05\/IMG-20250522-WA0043.webp","type":"image\/webp"}],"author":"admin","twitter_card":"summary_large_image","twitter_misc":{"Escrit per":"admin","Temps estimat de lectura":"2 minuts"},"schema":{"@context":"https:\/\/schema.org","@graph":[{"@type":"Article","@id":"https:\/\/fenomensassociacio.org\/xvi-jornada-deporte-adaptado\/#article","isPartOf":{"@id":"https:\/\/fenomensassociacio.org\/xvi-jornada-deporte-adaptado\/"},"author":{"name":"admin","@id":"https:\/\/fenomensassociacio.org\/#\/schema\/person\/c1734ce1d720ad761110f905c22e4a6a"},"headline":"XVI Jornada de Deporte Adaptado","datePublished":"2025-05-23T10:34:14+00:00","dateModified":"2025-05-23T10:41:48+00:00","mainEntityOfPage":{"@id":"https:\/\/fenomensassociacio.org\/xvi-jornada-deporte-adaptado\/"},"wordCount":234,"commentCount":0,"publisher":{"@id":"https:\/\/fenomensassociacio.org\/#organization"},"image":{"@id":"https:\/\/fenomensassociacio.org\/xvi-jornada-deporte-adaptado\/#primaryimage"},"thumbnailUrl":"https:\/\/fenomensassociacio.org\/wp-content\/uploads\/2025\/05\/IMG-20250522-WA0043.webp","articleSection":["Uncategorized"],"inLanguage":"ca","potentialAction":[{"@type":"CommentAction","name":"Comment","target":["https:\/\/fenomensassociacio.org\/xvi-jornada-deporte-adaptado\/#respond"]}]},{"@type":"WebPage","@id":"https:\/\/fenomensassociacio.org\/xvi-jornada-deporte-adaptado\/","url":"https:\/\/fenomensassociacio.org\/xvi-jornada-deporte-adaptado\/","name":"XVI Jornada de Deporte Adaptado - Fenomens","isPartOf":{"@id":"https:\/\/fenomensassociacio.org\/#website"},"primaryImageOfPage":{"@id":"https:\/\/fenomensassociacio.org\/xvi-jornada-deporte-adaptado\/#primaryimage"},"image":{"@id":"https:\/\/fenomensassociacio.org\/xvi-jornada-deporte-adaptado\/#primaryimage"},"thumbnailUrl":"https:\/\/fenomensassociacio.org\/wp-content\/uploads\/2025\/05\/IMG-20250522-WA0043.webp","datePublished":"2025-05-23T10:34:14+00:00","dateModified":"2025-05-23T10:41:48+00:00","description":"Celebramos la XVI Jornada de Deporte Adaptado: convivencia, inclusi\u00f3n y deporte con la participaci\u00f3n de centros y apoyo institucional.","breadcrumb":{"@id":"https:\/\/fenomensassociacio.org\/xvi-jornada-deporte-adaptado\/#breadcrumb"},"inLanguage":"ca","potentialAction":[{"@type":"ReadAction","target":["https:\/\/fenomensassociacio.org\/xvi-jornada-deporte-adaptado\/"]}]},{"@type":"ImageObject","inLanguage":"ca","@id":"https:\/\/fenomensassociacio.org\/xvi-jornada-deporte-adaptado\/#primaryimage","url":"https:\/\/fenomensassociacio.org\/wp-content\/uploads\/2025\/05\/IMG-20250522-WA0043.webp","contentUrl":"https:\/\/fenomensassociacio.org\/wp-content\/uploads\/2025\/05\/IMG-20250522-WA0043.webp","width":1600,"height":1600,"caption":"Participantes jornada deporte adaptado"},{"@type":"BreadcrumbList","@id":"https:\/\/fenomensassociacio.org\/xvi-jornada-deporte-adaptado\/#breadcrumb","itemListElement":[{"@type":"ListItem","position":1,"name":"Portada","item":"https:\/\/fenomensassociacio.org\/"},{"@type":"ListItem","position":2,"name":"XVI Jornada de Deporte Adaptado"}]},{"@type":"WebSite","@id":"https:\/\/fenomensassociacio.org\/#website","url":"https:\/\/fenomensassociacio.org\/","name":"Fenomens","description":"Associaci\u00f3 de persones amb discapacitat intel.lectual","publisher":{"@id":"https:\/\/fenomensassociacio.org\/#organization"},"potentialAction":[{"@type":"SearchAction","target":{"@type":"EntryPoint","urlTemplate":"https:\/\/fenomensassociacio.org\/?s={search_term_string}"},"query-input":{"@type":"PropertyValueSpecification","valueRequired":true,"valueName":"search_term_string"}}],"inLanguage":"ca"},{"@type":"Organization","@id":"https:\/\/fenomensassociacio.org\/#organization","name":"Fenomens","url":"https:\/\/fenomensassociacio.org\/","logo":{"@type":"ImageObject","inLanguage":"ca","@id":"https:\/\/fenomensassociacio.org\/#\/schema\/logo\/image\/","url":"https:\/\/fenomensassociacio.org\/wp-content\/uploads\/2020\/06\/logo_fenomens_color_sin_fondo_subtitulo.webp","contentUrl":"https:\/\/fenomensassociacio.org\/wp-content\/uploads\/2020\/06\/logo_fenomens_color_sin_fondo_subtitulo.webp","width":2048,"height":1707,"caption":"Fenomens"},"image":{"@id":"https:\/\/fenomensassociacio.org\/#\/schema\/logo\/image\/"},"sameAs":["https:\/\/www.facebook.com\/elsfenomens\/?locale=es_ES","https:\/\/www.instagram.com\/associacio_fenomens\/p\/DDjl2kbIsrU\/?img_index=1"]},{"@type":"Person","@id":"https:\/\/fenomensassociacio.org\/#\/schema\/person\/c1734ce1d720ad761110f905c22e4a6a","name":"admin","image":{"@type":"ImageObject","inLanguage":"ca","@id":"https:\/\/fenomensassociacio.org\/wp-content\/litespeed\/avatar\/8a4c5022de4aad7118ebd8830ae8ea5f.jpg?ver=1777553393","url":"https:\/\/fenomensassociacio.org\/wp-content\/litespeed\/avatar\/8a4c5022de4aad7118ebd8830ae8ea5f.jpg?ver=1777553393","contentUrl":"https:\/\/fenomensassociacio.org\/wp-content\/litespeed\/avatar\/8a4c5022de4aad7118ebd8830ae8ea5f.jpg?ver=1777553393","caption":"admin"},"sameAs":["https:\/\/fenomensassociacio.org"],"url":"https:\/\/fenomensassociacio.org\/va\/author\/fenomensa\/"}]}},"_links":{"self":[{"href":"https:\/\/fenomensassociacio.org\/va\/wp-json\/wp\/v2\/posts\/4985","targetHints":{"allow":["GET"]}}],"collection":[{"href":"https:\/\/fenomensassociacio.org\/va\/wp-json\/wp\/v2\/posts"}],"about":[{"href":"https:\/\/fenomensassociacio.org\/va\/wp-json\/wp\/v2\/types\/post"}],"author":[{"embeddable":true,"href":"https:\/\/fenomensassociacio.org\/va\/wp-json\/wp\/v2\/users\/1"}],"replies":[{"embeddable":true,"href":"https:\/\/fenomensassociacio.org\/va\/wp-json\/wp\/v2\/comments?post=4985"}],"version-history":[{"count":7,"href":"https:\/\/fenomensassociacio.org\/va\/wp-json\/wp\/v2\/posts\/4985\/revisions"}],"predecessor-version":[{"id":4996,"href":"https:\/\/fenomensassociacio.org\/va\/wp-json\/wp\/v2\/posts\/4985\/revisions\/4996"}],"wp:featuredmedia":[{"embeddable":true,"href":"https:\/\/fenomensassociacio.org\/va\/wp-json\/wp\/v2\/media\/4986"}],"wp:attachment":[{"href":"https:\/\/fenomensassociacio.org\/va\/wp-json\/wp\/v2\/media?parent=4985"}],"wp:term":[{"taxonomy":"category","embeddable":true,"href":"https:\/\/fenomensassociacio.org\/va\/wp-json\/wp\/v2\/categories?post=4985"},{"taxonomy":"post_tag","embeddable":true,"href":"https:\/\/fenomensassociacio.org\/va\/wp-json\/wp\/v2\/tags?post=4985"}],"curies":[{"name":"wp","href":"https:\/\/api.w.org\/{rel}","templated":true}]}}