{"id":5013,"date":"2025-06-17T08:23:37","date_gmt":"2025-06-17T07:23:37","guid":{"rendered":"https:\/\/fenomensassociacio.org\/?p=5013"},"modified":"2025-06-17T08:26:50","modified_gmt":"2025-06-17T07:26:50","slug":"tots-tenim-taretes-conferencia-servicios-sociales-benicarlo","status":"publish","type":"post","link":"https:\/\/fenomensassociacio.org\/va\/tots-tenim-taretes-conferencia-servicios-sociales-benicarlo\/","title":{"rendered":"\"Tots tenim taretes\": una mirada inclusiva"},"content":{"rendered":"<div data-elementor-type=\"wp-post\" data-elementor-id=\"5013\" class=\"elementor elementor-5013\" data-elementor-post-type=\"post\">\n\t\t\t\t<div class=\"elementor-element elementor-element-d79eb95 e-flex e-con-boxed e-con e-parent\" data-id=\"d79eb95\" data-element_type=\"container\" data-e-type=\"container\" data-settings=\"{&quot;jet_parallax_layout_list&quot;:[]}\">\n\t\t\t\t\t<div class=\"e-con-inner\">\n\t\t\t\t<div class=\"elementor-element elementor-element-4d9abfc elementor-drop-cap-yes elementor-drop-cap-view-default elementor-widget elementor-widget-text-editor\" data-id=\"4d9abfc\" data-element_type=\"widget\" data-e-type=\"widget\" data-settings=\"{&quot;drop_cap&quot;:&quot;yes&quot;}\" data-widget_type=\"text-editor.default\">\n\t\t\t\t<div class=\"elementor-widget-container\">\n\t\t\t\t\t\t\t\t\t<p data-start=\"210\" data-end=\"545\">El passat divendres 13 de juny de 2025, la Biblioteca Municipal de Benicarl\u00f3 va acollir la confer\u00e8ncia <em data-start=\"308\" data-end=\"330\">\u201cTots tenim taretes\u201d<\/em>, organitzada per KIMBERLE. L'acte va ser condu\u00eft per In\u00e9s Rodr\u00edguez (@inusu_al), logopeda amb par\u00e0lisi cerebral, comunicadora i activista pels drets de les persones amb discapacitat i la diversitat funcional.<\/p><p data-start=\"547\" data-end=\"896\">La xerrada va girar al voltant de l'agenda de serveis socials, abordada des d'una perspectiva cr\u00edtica, propera i profundament humana. In\u00e9s Rodr\u00edguez, amb el seu estil directe i el sentit de l'humor, va plantejar una reflexi\u00f3 necess\u00e0ria sobre com les estructures socials poden i s'han de transformar per recon\u00e8ixer i acompanyar la diversitat real de les persones.<\/p><p data-start=\"898\" data-end=\"1265\">A la confer\u00e8ncia van assistir professionals de l'\u00e0mbit social, estudiants i diversos membres de l'associaci\u00f3 <span style=\"color: #ff9900;\"><strong>FEN\u00d2MENS<\/strong><\/span>, els qui van participar activament en el di\u00e0leg posterior. El col\u00b7lectiu, amb una pres\u00e8ncia forta a la comarca, va valorar especialment la proposta d'In\u00e9s de construir pol\u00edtiques p\u00fabliques des de l'experi\u00e8ncia viscuda, allunyades de l'assistencialisme cl\u00e0ssic.<\/p><p data-start=\"1267\" data-end=\"1570\">Durant la seva intervenci\u00f3, Rodr\u00edguez va defensar la import\u00e0ncia que els serveis socials escoltin les persones usu\u00e0ries i s'hi dissenyin, no nom\u00e9s per a elles. Va subratllar la necessitat d'apostar per l'accessibilitat universal, el llenguatge clar i l'empatia institucional com a eixos de transformaci\u00f3.<\/p><p data-start=\"1572\" data-end=\"1807\">El t\u00edtol de la confer\u00e8ncia, <em data-start=\"1601\" data-end=\"1623\">\u201cTots tenim taretes\u201d<\/em>, va servir com a fil conductor per desmuntar prejudicis, humanitzar les difer\u00e8ncies i recordar que totes les persones, en major o menor mesura, tenen vulnerabilitats i potencialitats.<\/p><p data-start=\"1809\" data-end=\"2124\">L'esdeveniment va finalitzar amb un col\u00b7loqui participatiu on es van compartir experi\u00e8ncies locals i propostes concretes per millorar els serveis socials des de la comunitat. L'acte va ser valorat molt positivament pels assistents, tant pel contingut com per l'enfocament emocional i el transformador de la ponent.<\/p><p data-start=\"2126\" data-end=\"2233\" data-is-last-node=\"\" data-is-only-node=\"\">Una jornada que, sens dubte, va deixar empremta en els qui aposten per una societat m\u00e9s justa, diversa i inclusiva.<\/p>\t\t\t\t\t\t\t\t<\/div>\n\t\t\t\t<\/div>\n\t\t\t\t\t<\/div>\n\t\t\t\t<\/div>\n\t\t<div class=\"elementor-element elementor-element-2edda64 e-flex e-con-boxed e-con e-parent\" data-id=\"2edda64\" data-element_type=\"container\" data-e-type=\"container\" data-settings=\"{&quot;jet_parallax_layout_list&quot;:[]}\">\n\t\t\t\t\t<div class=\"e-con-inner\">\n\t\t\t\t<div class=\"elementor-element elementor-element-47a0239 elementor-widget elementor-widget-image\" data-id=\"47a0239\" data-element_type=\"widget\" data-e-type=\"widget\" data-widget_type=\"image.default\">\n\t\t\t\t<div class=\"elementor-widget-container\">\n\t\t\t\t\t\t\t\t\t\t\t\t\t\t\t<img fetchpriority=\"high\" decoding=\"async\" width=\"1024\" height=\"461\" src=\"https:\/\/fenomensassociacio.org\/wp-content\/uploads\/2025\/06\/Fenomens-charla-servicios-sociales-1024x461.webp\" class=\"attachment-large size-large wp-image-5016\" alt=\"Fenomens charla servicios sociales\" srcset=\"https:\/\/fenomensassociacio.org\/wp-content\/uploads\/2025\/06\/Fenomens-charla-servicios-sociales-1024x461.webp 1024w, https:\/\/fenomensassociacio.org\/wp-content\/uploads\/2025\/06\/Fenomens-charla-servicios-sociales-300x135.webp 300w, https:\/\/fenomensassociacio.org\/wp-content\/uploads\/2025\/06\/Fenomens-charla-servicios-sociales-768x346.webp 768w, https:\/\/fenomensassociacio.org\/wp-content\/uploads\/2025\/06\/Fenomens-charla-servicios-sociales-1536x691.webp 1536w, https:\/\/fenomensassociacio.org\/wp-content\/uploads\/2025\/06\/Fenomens-charla-servicios-sociales-600x270.webp 600w, https:\/\/fenomensassociacio.org\/wp-content\/uploads\/2025\/06\/Fenomens-charla-servicios-sociales.webp 1600w\" sizes=\"(max-width: 1024px) 100vw, 1024px\" \/>\t\t\t\t\t\t\t\t\t\t\t\t\t\t\t<\/div>\n\t\t\t\t<\/div>\n\t\t\t\t\t<\/div>\n\t\t\t\t<\/div>\n\t\t\t\t<\/div>","protected":false},"excerpt":{"rendered":"<p>El pasado viernes 13 de junio de 2025, la Biblioteca Municipal de Benicarl\u00f3 acogi\u00f3 la conferencia \u201cTots tenim taretes\u201d, organizada por KIMBERLE. El acto fue conducido por In\u00e9s Rodr\u00edguez (@inusu_al), logopeda con par\u00e1lisis cerebral, comunicadora y activista por los derechos de las personas con discapacidad y la diversidad funcional. La charla gir\u00f3 en torno a [&hellip;]<\/p>\n","protected":false},"author":1,"featured_media":5014,"comment_status":"open","ping_status":"closed","sticky":false,"template":"","format":"standard","meta":{"footnotes":""},"categories":[1],"tags":[17,16,15],"class_list":["post-5013","post","type-post","status-publish","format-standard","has-post-thumbnail","hentry","category-uncategorized","tag-benicarlo","tag-fenomens","tag-ines-rodriguez"],"yoast_head":"<!-- This site is optimized with the Yoast SEO plugin v27.5 - https:\/\/yoast.com\/product\/yoast-seo-wordpress\/ -->\n<title>\u201cTots tenim taretes\u201d: una mirada inclusiva - Fenomens<\/title>\n<meta name=\"description\" content=\"La conferencia \u201cTots tenim taretes\u201d abord\u00f3 en Benicarl\u00f3 los servicios sociales desde la inclusi\u00f3n, con In\u00e9s Rodr\u00edguez y la asociaci\u00f3n FEN\u00d2MENS.\" \/>\n<meta name=\"robots\" content=\"index, follow, max-snippet:-1, max-image-preview:large, max-video-preview:-1\" \/>\n<link rel=\"canonical\" href=\"https:\/\/fenomensassociacio.org\/va\/tots-tenim-taretes-conferencia-servicios-sociales-benicarlo\/\" \/>\n<meta property=\"og:locale\" content=\"ca_ES\" \/>\n<meta property=\"og:type\" content=\"article\" \/>\n<meta property=\"og:title\" content=\"\u201cTots tenim taretes\u201d: una mirada inclusiva - Fenomens\" \/>\n<meta property=\"og:description\" content=\"La conferencia \u201cTots tenim taretes\u201d abord\u00f3 en Benicarl\u00f3 los servicios sociales desde la inclusi\u00f3n, con In\u00e9s Rodr\u00edguez y la asociaci\u00f3n FEN\u00d2MENS.\" \/>\n<meta property=\"og:url\" content=\"https:\/\/fenomensassociacio.org\/va\/tots-tenim-taretes-conferencia-servicios-sociales-benicarlo\/\" \/>\n<meta property=\"og:site_name\" content=\"Fenomens\" \/>\n<meta property=\"article:publisher\" content=\"https:\/\/www.facebook.com\/elsfenomens\/?locale=es_ES\" \/>\n<meta property=\"article:published_time\" content=\"2025-06-17T07:23:37+00:00\" \/>\n<meta property=\"article:modified_time\" content=\"2025-06-17T07:26:50+00:00\" \/>\n<meta property=\"og:image\" content=\"https:\/\/fenomensassociacio.org\/wp-content\/uploads\/2025\/06\/Foto-de-Ines-Rodriguez.webp\" \/>\n\t<meta property=\"og:image:width\" content=\"899\" \/>\n\t<meta property=\"og:image:height\" content=\"1599\" \/>\n\t<meta property=\"og:image:type\" content=\"image\/webp\" \/>\n<meta name=\"author\" content=\"admin\" \/>\n<meta name=\"twitter:card\" content=\"summary_large_image\" \/>\n<meta name=\"twitter:label1\" content=\"Escrit per\" \/>\n\t<meta name=\"twitter:data1\" content=\"admin\" \/>\n\t<meta name=\"twitter:label2\" content=\"Temps estimat de lectura\" \/>\n\t<meta name=\"twitter:data2\" content=\"2 minuts\" \/>\n<script type=\"application\/ld+json\" class=\"yoast-schema-graph\">{\"@context\":\"https:\\\/\\\/schema.org\",\"@graph\":[{\"@type\":\"Article\",\"@id\":\"https:\\\/\\\/fenomensassociacio.org\\\/tots-tenim-taretes-conferencia-servicios-sociales-benicarlo\\\/#article\",\"isPartOf\":{\"@id\":\"https:\\\/\\\/fenomensassociacio.org\\\/tots-tenim-taretes-conferencia-servicios-sociales-benicarlo\\\/\"},\"author\":{\"name\":\"admin\",\"@id\":\"https:\\\/\\\/fenomensassociacio.org\\\/#\\\/schema\\\/person\\\/c1734ce1d720ad761110f905c22e4a6a\"},\"headline\":\"\u201cTots tenim taretes\u201d: una mirada inclusiva\",\"datePublished\":\"2025-06-17T07:23:37+00:00\",\"dateModified\":\"2025-06-17T07:26:50+00:00\",\"mainEntityOfPage\":{\"@id\":\"https:\\\/\\\/fenomensassociacio.org\\\/tots-tenim-taretes-conferencia-servicios-sociales-benicarlo\\\/\"},\"wordCount\":323,\"commentCount\":0,\"publisher\":{\"@id\":\"https:\\\/\\\/fenomensassociacio.org\\\/#organization\"},\"image\":{\"@id\":\"https:\\\/\\\/fenomensassociacio.org\\\/tots-tenim-taretes-conferencia-servicios-sociales-benicarlo\\\/#primaryimage\"},\"thumbnailUrl\":\"https:\\\/\\\/fenomensassociacio.org\\\/wp-content\\\/uploads\\\/2025\\\/06\\\/Foto-de-Ines-Rodriguez.webp\",\"keywords\":[\"Benicarl\u00f3\",\"Fenomens\",\"In\u00e9s Rodr\u00edguez\"],\"articleSection\":[\"Uncategorized\"],\"inLanguage\":\"ca\",\"potentialAction\":[{\"@type\":\"CommentAction\",\"name\":\"Comment\",\"target\":[\"https:\\\/\\\/fenomensassociacio.org\\\/tots-tenim-taretes-conferencia-servicios-sociales-benicarlo\\\/#respond\"]}]},{\"@type\":\"WebPage\",\"@id\":\"https:\\\/\\\/fenomensassociacio.org\\\/tots-tenim-taretes-conferencia-servicios-sociales-benicarlo\\\/\",\"url\":\"https:\\\/\\\/fenomensassociacio.org\\\/tots-tenim-taretes-conferencia-servicios-sociales-benicarlo\\\/\",\"name\":\"\u201cTots tenim taretes\u201d: una mirada inclusiva - Fenomens\",\"isPartOf\":{\"@id\":\"https:\\\/\\\/fenomensassociacio.org\\\/#website\"},\"primaryImageOfPage\":{\"@id\":\"https:\\\/\\\/fenomensassociacio.org\\\/tots-tenim-taretes-conferencia-servicios-sociales-benicarlo\\\/#primaryimage\"},\"image\":{\"@id\":\"https:\\\/\\\/fenomensassociacio.org\\\/tots-tenim-taretes-conferencia-servicios-sociales-benicarlo\\\/#primaryimage\"},\"thumbnailUrl\":\"https:\\\/\\\/fenomensassociacio.org\\\/wp-content\\\/uploads\\\/2025\\\/06\\\/Foto-de-Ines-Rodriguez.webp\",\"datePublished\":\"2025-06-17T07:23:37+00:00\",\"dateModified\":\"2025-06-17T07:26:50+00:00\",\"description\":\"La conferencia \u201cTots tenim taretes\u201d abord\u00f3 en Benicarl\u00f3 los servicios sociales desde la inclusi\u00f3n, con In\u00e9s Rodr\u00edguez y la asociaci\u00f3n FEN\u00d2MENS.\",\"breadcrumb\":{\"@id\":\"https:\\\/\\\/fenomensassociacio.org\\\/tots-tenim-taretes-conferencia-servicios-sociales-benicarlo\\\/#breadcrumb\"},\"inLanguage\":\"ca\",\"potentialAction\":[{\"@type\":\"ReadAction\",\"target\":[\"https:\\\/\\\/fenomensassociacio.org\\\/tots-tenim-taretes-conferencia-servicios-sociales-benicarlo\\\/\"]}]},{\"@type\":\"ImageObject\",\"inLanguage\":\"ca\",\"@id\":\"https:\\\/\\\/fenomensassociacio.org\\\/tots-tenim-taretes-conferencia-servicios-sociales-benicarlo\\\/#primaryimage\",\"url\":\"https:\\\/\\\/fenomensassociacio.org\\\/wp-content\\\/uploads\\\/2025\\\/06\\\/Foto-de-Ines-Rodriguez.webp\",\"contentUrl\":\"https:\\\/\\\/fenomensassociacio.org\\\/wp-content\\\/uploads\\\/2025\\\/06\\\/Foto-de-Ines-Rodriguez.webp\",\"width\":899,\"height\":1599,\"caption\":\"Foto de Ines Rodr\u00edguez\"},{\"@type\":\"BreadcrumbList\",\"@id\":\"https:\\\/\\\/fenomensassociacio.org\\\/tots-tenim-taretes-conferencia-servicios-sociales-benicarlo\\\/#breadcrumb\",\"itemListElement\":[{\"@type\":\"ListItem\",\"position\":1,\"name\":\"Portada\",\"item\":\"https:\\\/\\\/fenomensassociacio.org\\\/\"},{\"@type\":\"ListItem\",\"position\":2,\"name\":\"\u201cTots tenim taretes\u201d: una mirada inclusiva\"}]},{\"@type\":\"WebSite\",\"@id\":\"https:\\\/\\\/fenomensassociacio.org\\\/#website\",\"url\":\"https:\\\/\\\/fenomensassociacio.org\\\/\",\"name\":\"Fenomens\",\"description\":\"Associaci\u00f3 de persones amb discapacitat intel.lectual\",\"publisher\":{\"@id\":\"https:\\\/\\\/fenomensassociacio.org\\\/#organization\"},\"potentialAction\":[{\"@type\":\"SearchAction\",\"target\":{\"@type\":\"EntryPoint\",\"urlTemplate\":\"https:\\\/\\\/fenomensassociacio.org\\\/?s={search_term_string}\"},\"query-input\":{\"@type\":\"PropertyValueSpecification\",\"valueRequired\":true,\"valueName\":\"search_term_string\"}}],\"inLanguage\":\"ca\"},{\"@type\":\"Organization\",\"@id\":\"https:\\\/\\\/fenomensassociacio.org\\\/#organization\",\"name\":\"Fenomens\",\"url\":\"https:\\\/\\\/fenomensassociacio.org\\\/\",\"logo\":{\"@type\":\"ImageObject\",\"inLanguage\":\"ca\",\"@id\":\"https:\\\/\\\/fenomensassociacio.org\\\/#\\\/schema\\\/logo\\\/image\\\/\",\"url\":\"https:\\\/\\\/fenomensassociacio.org\\\/wp-content\\\/uploads\\\/2020\\\/06\\\/logo_fenomens_color_sin_fondo_subtitulo.webp\",\"contentUrl\":\"https:\\\/\\\/fenomensassociacio.org\\\/wp-content\\\/uploads\\\/2020\\\/06\\\/logo_fenomens_color_sin_fondo_subtitulo.webp\",\"width\":2048,\"height\":1707,\"caption\":\"Fenomens\"},\"image\":{\"@id\":\"https:\\\/\\\/fenomensassociacio.org\\\/#\\\/schema\\\/logo\\\/image\\\/\"},\"sameAs\":[\"https:\\\/\\\/www.facebook.com\\\/elsfenomens\\\/?locale=es_ES\",\"https:\\\/\\\/www.instagram.com\\\/associacio_fenomens\\\/p\\\/DDjl2kbIsrU\\\/?img_index=1\"]},{\"@type\":\"Person\",\"@id\":\"https:\\\/\\\/fenomensassociacio.org\\\/#\\\/schema\\\/person\\\/c1734ce1d720ad761110f905c22e4a6a\",\"name\":\"admin\",\"image\":{\"@type\":\"ImageObject\",\"inLanguage\":\"ca\",\"@id\":\"https:\\\/\\\/fenomensassociacio.org\\\/wp-content\\\/litespeed\\\/avatar\\\/8a4c5022de4aad7118ebd8830ae8ea5f.jpg?ver=1777553393\",\"url\":\"https:\\\/\\\/fenomensassociacio.org\\\/wp-content\\\/litespeed\\\/avatar\\\/8a4c5022de4aad7118ebd8830ae8ea5f.jpg?ver=1777553393\",\"contentUrl\":\"https:\\\/\\\/fenomensassociacio.org\\\/wp-content\\\/litespeed\\\/avatar\\\/8a4c5022de4aad7118ebd8830ae8ea5f.jpg?ver=1777553393\",\"caption\":\"admin\"},\"sameAs\":[\"https:\\\/\\\/fenomensassociacio.org\"],\"url\":\"https:\\\/\\\/fenomensassociacio.org\\\/va\\\/author\\\/fenomensa\\\/\"}]}<\/script>\n<!-- \/ Yoast SEO plugin. -->","yoast_head_json":{"title":"\u201cTots tenim taretes\u201d: una mirada inclusiva - Fenomens","description":"La conferencia \u201cTots tenim taretes\u201d abord\u00f3 en Benicarl\u00f3 los servicios sociales desde la inclusi\u00f3n, con In\u00e9s Rodr\u00edguez y la asociaci\u00f3n FEN\u00d2MENS.","robots":{"index":"index","follow":"follow","max-snippet":"max-snippet:-1","max-image-preview":"max-image-preview:large","max-video-preview":"max-video-preview:-1"},"canonical":"https:\/\/fenomensassociacio.org\/va\/tots-tenim-taretes-conferencia-servicios-sociales-benicarlo\/","og_locale":"ca_ES","og_type":"article","og_title":"\u201cTots tenim taretes\u201d: una mirada inclusiva - Fenomens","og_description":"La conferencia \u201cTots tenim taretes\u201d abord\u00f3 en Benicarl\u00f3 los servicios sociales desde la inclusi\u00f3n, con In\u00e9s Rodr\u00edguez y la asociaci\u00f3n FEN\u00d2MENS.","og_url":"https:\/\/fenomensassociacio.org\/va\/tots-tenim-taretes-conferencia-servicios-sociales-benicarlo\/","og_site_name":"Fenomens","article_publisher":"https:\/\/www.facebook.com\/elsfenomens\/?locale=es_ES","article_published_time":"2025-06-17T07:23:37+00:00","article_modified_time":"2025-06-17T07:26:50+00:00","og_image":[{"width":899,"height":1599,"url":"https:\/\/fenomensassociacio.org\/wp-content\/uploads\/2025\/06\/Foto-de-Ines-Rodriguez.webp","type":"image\/webp"}],"author":"admin","twitter_card":"summary_large_image","twitter_misc":{"Escrit per":"admin","Temps estimat de lectura":"2 minuts"},"schema":{"@context":"https:\/\/schema.org","@graph":[{"@type":"Article","@id":"https:\/\/fenomensassociacio.org\/tots-tenim-taretes-conferencia-servicios-sociales-benicarlo\/#article","isPartOf":{"@id":"https:\/\/fenomensassociacio.org\/tots-tenim-taretes-conferencia-servicios-sociales-benicarlo\/"},"author":{"name":"admin","@id":"https:\/\/fenomensassociacio.org\/#\/schema\/person\/c1734ce1d720ad761110f905c22e4a6a"},"headline":"\u201cTots tenim taretes\u201d: una mirada inclusiva","datePublished":"2025-06-17T07:23:37+00:00","dateModified":"2025-06-17T07:26:50+00:00","mainEntityOfPage":{"@id":"https:\/\/fenomensassociacio.org\/tots-tenim-taretes-conferencia-servicios-sociales-benicarlo\/"},"wordCount":323,"commentCount":0,"publisher":{"@id":"https:\/\/fenomensassociacio.org\/#organization"},"image":{"@id":"https:\/\/fenomensassociacio.org\/tots-tenim-taretes-conferencia-servicios-sociales-benicarlo\/#primaryimage"},"thumbnailUrl":"https:\/\/fenomensassociacio.org\/wp-content\/uploads\/2025\/06\/Foto-de-Ines-Rodriguez.webp","keywords":["Benicarl\u00f3","Fenomens","In\u00e9s Rodr\u00edguez"],"articleSection":["Uncategorized"],"inLanguage":"ca","potentialAction":[{"@type":"CommentAction","name":"Comment","target":["https:\/\/fenomensassociacio.org\/tots-tenim-taretes-conferencia-servicios-sociales-benicarlo\/#respond"]}]},{"@type":"WebPage","@id":"https:\/\/fenomensassociacio.org\/tots-tenim-taretes-conferencia-servicios-sociales-benicarlo\/","url":"https:\/\/fenomensassociacio.org\/tots-tenim-taretes-conferencia-servicios-sociales-benicarlo\/","name":"\u201cTots tenim taretes\u201d: una mirada inclusiva - Fenomens","isPartOf":{"@id":"https:\/\/fenomensassociacio.org\/#website"},"primaryImageOfPage":{"@id":"https:\/\/fenomensassociacio.org\/tots-tenim-taretes-conferencia-servicios-sociales-benicarlo\/#primaryimage"},"image":{"@id":"https:\/\/fenomensassociacio.org\/tots-tenim-taretes-conferencia-servicios-sociales-benicarlo\/#primaryimage"},"thumbnailUrl":"https:\/\/fenomensassociacio.org\/wp-content\/uploads\/2025\/06\/Foto-de-Ines-Rodriguez.webp","datePublished":"2025-06-17T07:23:37+00:00","dateModified":"2025-06-17T07:26:50+00:00","description":"La conferencia \u201cTots tenim taretes\u201d abord\u00f3 en Benicarl\u00f3 los servicios sociales desde la inclusi\u00f3n, con In\u00e9s Rodr\u00edguez y la asociaci\u00f3n FEN\u00d2MENS.","breadcrumb":{"@id":"https:\/\/fenomensassociacio.org\/tots-tenim-taretes-conferencia-servicios-sociales-benicarlo\/#breadcrumb"},"inLanguage":"ca","potentialAction":[{"@type":"ReadAction","target":["https:\/\/fenomensassociacio.org\/tots-tenim-taretes-conferencia-servicios-sociales-benicarlo\/"]}]},{"@type":"ImageObject","inLanguage":"ca","@id":"https:\/\/fenomensassociacio.org\/tots-tenim-taretes-conferencia-servicios-sociales-benicarlo\/#primaryimage","url":"https:\/\/fenomensassociacio.org\/wp-content\/uploads\/2025\/06\/Foto-de-Ines-Rodriguez.webp","contentUrl":"https:\/\/fenomensassociacio.org\/wp-content\/uploads\/2025\/06\/Foto-de-Ines-Rodriguez.webp","width":899,"height":1599,"caption":"Foto de Ines Rodr\u00edguez"},{"@type":"BreadcrumbList","@id":"https:\/\/fenomensassociacio.org\/tots-tenim-taretes-conferencia-servicios-sociales-benicarlo\/#breadcrumb","itemListElement":[{"@type":"ListItem","position":1,"name":"Portada","item":"https:\/\/fenomensassociacio.org\/"},{"@type":"ListItem","position":2,"name":"\u201cTots tenim taretes\u201d: una mirada inclusiva"}]},{"@type":"WebSite","@id":"https:\/\/fenomensassociacio.org\/#website","url":"https:\/\/fenomensassociacio.org\/","name":"Fenomens","description":"Associaci\u00f3 de persones amb discapacitat intel.lectual","publisher":{"@id":"https:\/\/fenomensassociacio.org\/#organization"},"potentialAction":[{"@type":"SearchAction","target":{"@type":"EntryPoint","urlTemplate":"https:\/\/fenomensassociacio.org\/?s={search_term_string}"},"query-input":{"@type":"PropertyValueSpecification","valueRequired":true,"valueName":"search_term_string"}}],"inLanguage":"ca"},{"@type":"Organization","@id":"https:\/\/fenomensassociacio.org\/#organization","name":"Fenomens","url":"https:\/\/fenomensassociacio.org\/","logo":{"@type":"ImageObject","inLanguage":"ca","@id":"https:\/\/fenomensassociacio.org\/#\/schema\/logo\/image\/","url":"https:\/\/fenomensassociacio.org\/wp-content\/uploads\/2020\/06\/logo_fenomens_color_sin_fondo_subtitulo.webp","contentUrl":"https:\/\/fenomensassociacio.org\/wp-content\/uploads\/2020\/06\/logo_fenomens_color_sin_fondo_subtitulo.webp","width":2048,"height":1707,"caption":"Fenomens"},"image":{"@id":"https:\/\/fenomensassociacio.org\/#\/schema\/logo\/image\/"},"sameAs":["https:\/\/www.facebook.com\/elsfenomens\/?locale=es_ES","https:\/\/www.instagram.com\/associacio_fenomens\/p\/DDjl2kbIsrU\/?img_index=1"]},{"@type":"Person","@id":"https:\/\/fenomensassociacio.org\/#\/schema\/person\/c1734ce1d720ad761110f905c22e4a6a","name":"admin","image":{"@type":"ImageObject","inLanguage":"ca","@id":"https:\/\/fenomensassociacio.org\/wp-content\/litespeed\/avatar\/8a4c5022de4aad7118ebd8830ae8ea5f.jpg?ver=1777553393","url":"https:\/\/fenomensassociacio.org\/wp-content\/litespeed\/avatar\/8a4c5022de4aad7118ebd8830ae8ea5f.jpg?ver=1777553393","contentUrl":"https:\/\/fenomensassociacio.org\/wp-content\/litespeed\/avatar\/8a4c5022de4aad7118ebd8830ae8ea5f.jpg?ver=1777553393","caption":"admin"},"sameAs":["https:\/\/fenomensassociacio.org"],"url":"https:\/\/fenomensassociacio.org\/va\/author\/fenomensa\/"}]}},"_links":{"self":[{"href":"https:\/\/fenomensassociacio.org\/va\/wp-json\/wp\/v2\/posts\/5013","targetHints":{"allow":["GET"]}}],"collection":[{"href":"https:\/\/fenomensassociacio.org\/va\/wp-json\/wp\/v2\/posts"}],"about":[{"href":"https:\/\/fenomensassociacio.org\/va\/wp-json\/wp\/v2\/types\/post"}],"author":[{"embeddable":true,"href":"https:\/\/fenomensassociacio.org\/va\/wp-json\/wp\/v2\/users\/1"}],"replies":[{"embeddable":true,"href":"https:\/\/fenomensassociacio.org\/va\/wp-json\/wp\/v2\/comments?post=5013"}],"version-history":[{"count":4,"href":"https:\/\/fenomensassociacio.org\/va\/wp-json\/wp\/v2\/posts\/5013\/revisions"}],"predecessor-version":[{"id":5019,"href":"https:\/\/fenomensassociacio.org\/va\/wp-json\/wp\/v2\/posts\/5013\/revisions\/5019"}],"wp:featuredmedia":[{"embeddable":true,"href":"https:\/\/fenomensassociacio.org\/va\/wp-json\/wp\/v2\/media\/5014"}],"wp:attachment":[{"href":"https:\/\/fenomensassociacio.org\/va\/wp-json\/wp\/v2\/media?parent=5013"}],"wp:term":[{"taxonomy":"category","embeddable":true,"href":"https:\/\/fenomensassociacio.org\/va\/wp-json\/wp\/v2\/categories?post=5013"},{"taxonomy":"post_tag","embeddable":true,"href":"https:\/\/fenomensassociacio.org\/va\/wp-json\/wp\/v2\/tags?post=5013"}],"curies":[{"name":"wp","href":"https:\/\/api.w.org\/{rel}","templated":true}]}}