{"id":5087,"date":"2025-07-14T16:51:34","date_gmt":"2025-07-14T15:51:34","guid":{"rendered":"https:\/\/fenomensassociacio.org\/?p=5087"},"modified":"2025-09-30T17:51:07","modified_gmt":"2025-09-30T16:51:07","slug":"lectura-facil-y-accesibilidad-en-benicarlo-una-jornada-con-javier-alcazar","status":"publish","type":"post","link":"https:\/\/fenomensassociacio.org\/va\/lectura-facil-y-accesibilidad-en-benicarlo-una-jornada-con-javier-alcazar\/","title":{"rendered":"Lectura F\u00e0cil i Accessibilitat a Benicarl\u00f3: Una Jornada amb Javier Alc\u00e1zar"},"content":{"rendered":"<div data-elementor-type=\"wp-post\" data-elementor-id=\"5087\" class=\"elementor elementor-5087\" data-elementor-post-type=\"post\">\n\t\t\t\t<div class=\"elementor-element elementor-element-43c38cd e-flex e-con-boxed e-con e-parent\" data-id=\"43c38cd\" data-element_type=\"container\" data-e-type=\"container\" data-settings=\"{&quot;jet_parallax_layout_list&quot;:[]}\">\n\t\t\t\t\t<div class=\"e-con-inner\">\n\t\t\t\t<div class=\"elementor-element elementor-element-e018aa4 elementor-drop-cap-yes elementor-drop-cap-view-default elementor-widget elementor-widget-text-editor\" data-id=\"e018aa4\" data-element_type=\"widget\" data-e-type=\"widget\" data-settings=\"{&quot;drop_cap&quot;:&quot;yes&quot;}\" data-widget_type=\"text-editor.default\">\n\t\t\t\t<div class=\"elementor-widget-container\">\n\t\t\t\t\t\t\t\t\t<p data-start=\"253\" data-end=\"645\">El passat 4 de juliol vam viure una jornada molt especial al nostre Club de Lectura F\u00e0cil. Rebem la visita de<strong data-start=\"372\" data-end=\"390\"> Javier Alc\u00e1zar<\/strong>, traductor a lectura f\u00e0cil del llibre que hem estat treballant durant tot el curs. Es tracta del<strong>\u00a0 primer i \u00fanic llibre adaptat a lectura f\u00e0cil a tota la prov\u00edncia<\/strong>, el que fa que aquest projecte sigui encara m\u00e9s significatiu per a nosaltres<\/p><p data-start=\"647\" data-end=\"910\">El mat\u00ed va comen\u00e7ar amb la visita de Javier a la <strong data-start=\"694\" data-end=\"720\">exposici\u00f3 de treballs<\/strong> que hem anat fent al llarg del curs. Una mostra que arreplega les nostres reflexions, aprenentatges i expressions creatives, fruit del comprom\u00eds amb la lectura i del treball en grup.<\/p><p data-start=\"912\" data-end=\"1146\">Durant tot aquest proc\u00e9s hem comptat amb l'acompanyament de <strong data-start=\"977\" data-end=\"992\">Montse Grau<\/strong>, facilitadora del club, que ens ha guiat a cada sessi\u00f3 i ha creat un espai segur i accessible per compartir idees i emocions a trav\u00e9s del llibre.<\/p><p data-start=\"1148\" data-end=\"1494\">Javier es va mostrar molt interessat en tota la feina feta i ens va felicitar per l'esfor\u00e7 i la implicaci\u00f3. La visita va ser una oportunitat \u00fanica per con\u00e8ixer de prop el proc\u00e9s de traducci\u00f3 a lectura f\u00e0cil i comprendre millor la import\u00e0ncia d'aquest tipus d'iniciatives que fomenten la inclusi\u00f3 i l'acc\u00e9s a la lectura per a tothom.<\/p><p data-start=\"1496\" data-end=\"1783\">A la tarda, la jornada va continuar amb una <strong data-start=\"1538\" data-end=\"1585\">tert\u00falia als estudis de @radiobenicarl\u00f2<\/strong>, on vam poder conversar sobre el club, limpacte del llibre, i lexperi\u00e8ncia de lectura f\u00e0cil. Va ser un espai molt enriquidor que ens va permetre donar veu al projecte i compartir-ho amb la comunitat.<\/p><p data-start=\"1785\" data-end=\"1988\">Ens sentim profundament agra\u00efts per aquesta jornada plena d\u00b4emocions, aprenentatge i reconeixement. Projectes com aquest demostren que la lectura pot i ha de ser accessible per a tothom.<\/p><p data-start=\"1990\" data-end=\"2152\">Gr\u00e0cies a Javier per la seva visita inspiradora i propera, ia totes les persones que han fet possible aquest curs. Continuem llegint, compartint i creixent!<\/p>\t\t\t\t\t\t\t\t<\/div>\n\t\t\t\t<\/div>\n\t\t\t\t\t<\/div>\n\t\t\t\t<\/div>\n\t\t<div class=\"elementor-element elementor-element-03367ab e-flex e-con-boxed e-con e-parent\" data-id=\"03367ab\" data-element_type=\"container\" data-e-type=\"container\" data-settings=\"{&quot;jet_parallax_layout_list&quot;:[]}\">\n\t\t\t\t\t<div class=\"e-con-inner\">\n\t\t\t\t<div class=\"elementor-element elementor-element-9ba0a17 elementor-align-center elementor-widget elementor-widget-button\" data-id=\"9ba0a17\" data-element_type=\"widget\" data-e-type=\"widget\" data-widget_type=\"button.default\">\n\t\t\t\t<div class=\"elementor-widget-container\">\n\t\t\t\t\t\t\t\t\t<div class=\"elementor-button-wrapper\">\n\t\t\t\t\t<a class=\"elementor-button elementor-button-link elementor-size-sm\" href=\"https:\/\/www.radiobenicarlo.org\/embed\/podcast?id=radiobenicarlo_podcast_10762&#038;mid=radiobenicarlo_podcast_10762_podcastmarker_2%20minutos)%20para%20m\u00ed%20%20https:\/\/www.radiobenicarlo.org\/embed\/podcast?id=radiobenicarlo_podcast_10762&#038;mid=radiobenicarlo_podcast_10762_podcastmarker_2\">\n\t\t\t\t\t\t<span class=\"elementor-button-content-wrapper\">\n\t\t\t\t\t\t\t\t\t<span class=\"elementor-button-text\">Acc\u00e9s entrevista Javier Alc\u00e1zar<\/span>\n\t\t\t\t\t<\/span>\n\t\t\t\t\t<\/a>\n\t\t\t\t<\/div>\n\t\t\t\t\t\t\t\t<\/div>\n\t\t\t\t<\/div>\n\t\t\t\t\t<\/div>\n\t\t\t\t<\/div>\n\t\t\t\t<\/div>","protected":false},"excerpt":{"rendered":"<p>El pasado 4 de julio vivimos una jornada muy especial en nuestro Club de Lectura F\u00e1cil. Recibimos la visita de Javier Alc\u00e1zar, traductor a lectura f\u00e1cil del libro que hemos estado trabajando durante todo el curso. Se trata del\u00a0 primer y \u00fanico libro adaptado a lectura f\u00e1cil en toda la provincia, lo que hace que [&hellip;]<\/p>\n","protected":false},"author":1,"featured_media":5088,"comment_status":"open","ping_status":"closed","sticky":false,"template":"","format":"standard","meta":{"footnotes":""},"categories":[1],"tags":[],"class_list":["post-5087","post","type-post","status-publish","format-standard","has-post-thumbnail","hentry","category-uncategorized"],"yoast_head":"<!-- This site is optimized with the Yoast SEO plugin v27.5 - https:\/\/yoast.com\/product\/yoast-seo-wordpress\/ -->\n<title>Lectura F\u00e1cil y Accesibilidad en Benicarl\u00f3: Una Jornada con Javier Alc\u00e1zar - Fenomens<\/title>\n<meta name=\"description\" content=\"Una jornada especial en Benicarl\u00f3 con Javier Alc\u00e1zar, traductor del primer libro en lectura f\u00e1cil de la provincia. Inclusi\u00f3n y lectura para todos.\" \/>\n<meta name=\"robots\" content=\"index, follow, max-snippet:-1, max-image-preview:large, max-video-preview:-1\" \/>\n<link rel=\"canonical\" href=\"https:\/\/fenomensassociacio.org\/va\/lectura-facil-y-accesibilidad-en-benicarlo-una-jornada-con-javier-alcazar\/\" \/>\n<meta property=\"og:locale\" content=\"ca_ES\" \/>\n<meta property=\"og:type\" content=\"article\" \/>\n<meta property=\"og:title\" content=\"Lectura F\u00e1cil y Accesibilidad en Benicarl\u00f3: Una Jornada con Javier Alc\u00e1zar - Fenomens\" \/>\n<meta property=\"og:description\" content=\"Una jornada especial en Benicarl\u00f3 con Javier Alc\u00e1zar, traductor del primer libro en lectura f\u00e1cil de la provincia. Inclusi\u00f3n y lectura para todos.\" \/>\n<meta property=\"og:url\" content=\"https:\/\/fenomensassociacio.org\/va\/lectura-facil-y-accesibilidad-en-benicarlo-una-jornada-con-javier-alcazar\/\" \/>\n<meta property=\"og:site_name\" content=\"Fenomens\" \/>\n<meta property=\"article:publisher\" content=\"https:\/\/www.facebook.com\/elsfenomens\/?locale=es_ES\" \/>\n<meta property=\"article:published_time\" content=\"2025-07-14T15:51:34+00:00\" \/>\n<meta property=\"article:modified_time\" content=\"2025-09-30T16:51:07+00:00\" \/>\n<meta property=\"og:image\" content=\"https:\/\/fenomensassociacio.org\/wp-content\/uploads\/2025\/07\/Visita-Javier-Alcazar.webp\" \/>\n\t<meta property=\"og:image:width\" content=\"2000\" \/>\n\t<meta property=\"og:image:height\" content=\"1500\" \/>\n\t<meta property=\"og:image:type\" content=\"image\/webp\" \/>\n<meta name=\"author\" content=\"admin\" \/>\n<meta name=\"twitter:card\" content=\"summary_large_image\" \/>\n<meta name=\"twitter:label1\" content=\"Escrit per\" \/>\n\t<meta name=\"twitter:data1\" content=\"admin\" \/>\n\t<meta name=\"twitter:label2\" content=\"Temps estimat de lectura\" \/>\n\t<meta name=\"twitter:data2\" content=\"2 minuts\" \/>\n<script type=\"application\/ld+json\" class=\"yoast-schema-graph\">{\"@context\":\"https:\\\/\\\/schema.org\",\"@graph\":[{\"@type\":\"Article\",\"@id\":\"https:\\\/\\\/fenomensassociacio.org\\\/lectura-facil-y-accesibilidad-en-benicarlo-una-jornada-con-javier-alcazar\\\/#article\",\"isPartOf\":{\"@id\":\"https:\\\/\\\/fenomensassociacio.org\\\/lectura-facil-y-accesibilidad-en-benicarlo-una-jornada-con-javier-alcazar\\\/\"},\"author\":{\"name\":\"admin\",\"@id\":\"https:\\\/\\\/fenomensassociacio.org\\\/#\\\/schema\\\/person\\\/c1734ce1d720ad761110f905c22e4a6a\"},\"headline\":\"Lectura F\u00e1cil y Accesibilidad en Benicarl\u00f3: Una Jornada con Javier Alc\u00e1zar\",\"datePublished\":\"2025-07-14T15:51:34+00:00\",\"dateModified\":\"2025-09-30T16:51:07+00:00\",\"mainEntityOfPage\":{\"@id\":\"https:\\\/\\\/fenomensassociacio.org\\\/lectura-facil-y-accesibilidad-en-benicarlo-una-jornada-con-javier-alcazar\\\/\"},\"wordCount\":341,\"commentCount\":0,\"publisher\":{\"@id\":\"https:\\\/\\\/fenomensassociacio.org\\\/#organization\"},\"image\":{\"@id\":\"https:\\\/\\\/fenomensassociacio.org\\\/lectura-facil-y-accesibilidad-en-benicarlo-una-jornada-con-javier-alcazar\\\/#primaryimage\"},\"thumbnailUrl\":\"https:\\\/\\\/fenomensassociacio.org\\\/wp-content\\\/uploads\\\/2025\\\/07\\\/Visita-Javier-Alcazar.webp\",\"articleSection\":[\"Uncategorized\"],\"inLanguage\":\"ca\",\"potentialAction\":[{\"@type\":\"CommentAction\",\"name\":\"Comment\",\"target\":[\"https:\\\/\\\/fenomensassociacio.org\\\/lectura-facil-y-accesibilidad-en-benicarlo-una-jornada-con-javier-alcazar\\\/#respond\"]}]},{\"@type\":\"WebPage\",\"@id\":\"https:\\\/\\\/fenomensassociacio.org\\\/lectura-facil-y-accesibilidad-en-benicarlo-una-jornada-con-javier-alcazar\\\/\",\"url\":\"https:\\\/\\\/fenomensassociacio.org\\\/lectura-facil-y-accesibilidad-en-benicarlo-una-jornada-con-javier-alcazar\\\/\",\"name\":\"Lectura F\u00e1cil y Accesibilidad en Benicarl\u00f3: Una Jornada con Javier Alc\u00e1zar - Fenomens\",\"isPartOf\":{\"@id\":\"https:\\\/\\\/fenomensassociacio.org\\\/#website\"},\"primaryImageOfPage\":{\"@id\":\"https:\\\/\\\/fenomensassociacio.org\\\/lectura-facil-y-accesibilidad-en-benicarlo-una-jornada-con-javier-alcazar\\\/#primaryimage\"},\"image\":{\"@id\":\"https:\\\/\\\/fenomensassociacio.org\\\/lectura-facil-y-accesibilidad-en-benicarlo-una-jornada-con-javier-alcazar\\\/#primaryimage\"},\"thumbnailUrl\":\"https:\\\/\\\/fenomensassociacio.org\\\/wp-content\\\/uploads\\\/2025\\\/07\\\/Visita-Javier-Alcazar.webp\",\"datePublished\":\"2025-07-14T15:51:34+00:00\",\"dateModified\":\"2025-09-30T16:51:07+00:00\",\"description\":\"Una jornada especial en Benicarl\u00f3 con Javier Alc\u00e1zar, traductor del primer libro en lectura f\u00e1cil de la provincia. Inclusi\u00f3n y lectura para todos.\",\"breadcrumb\":{\"@id\":\"https:\\\/\\\/fenomensassociacio.org\\\/lectura-facil-y-accesibilidad-en-benicarlo-una-jornada-con-javier-alcazar\\\/#breadcrumb\"},\"inLanguage\":\"ca\",\"potentialAction\":[{\"@type\":\"ReadAction\",\"target\":[\"https:\\\/\\\/fenomensassociacio.org\\\/lectura-facil-y-accesibilidad-en-benicarlo-una-jornada-con-javier-alcazar\\\/\"]}]},{\"@type\":\"ImageObject\",\"inLanguage\":\"ca\",\"@id\":\"https:\\\/\\\/fenomensassociacio.org\\\/lectura-facil-y-accesibilidad-en-benicarlo-una-jornada-con-javier-alcazar\\\/#primaryimage\",\"url\":\"https:\\\/\\\/fenomensassociacio.org\\\/wp-content\\\/uploads\\\/2025\\\/07\\\/Visita-Javier-Alcazar.webp\",\"contentUrl\":\"https:\\\/\\\/fenomensassociacio.org\\\/wp-content\\\/uploads\\\/2025\\\/07\\\/Visita-Javier-Alcazar.webp\",\"width\":2000,\"height\":1500,\"caption\":\"Visita Javier Alc\u00e1zar\"},{\"@type\":\"BreadcrumbList\",\"@id\":\"https:\\\/\\\/fenomensassociacio.org\\\/lectura-facil-y-accesibilidad-en-benicarlo-una-jornada-con-javier-alcazar\\\/#breadcrumb\",\"itemListElement\":[{\"@type\":\"ListItem\",\"position\":1,\"name\":\"Portada\",\"item\":\"https:\\\/\\\/fenomensassociacio.org\\\/\"},{\"@type\":\"ListItem\",\"position\":2,\"name\":\"Lectura F\u00e1cil y Accesibilidad en Benicarl\u00f3: Una Jornada con Javier Alc\u00e1zar\"}]},{\"@type\":\"WebSite\",\"@id\":\"https:\\\/\\\/fenomensassociacio.org\\\/#website\",\"url\":\"https:\\\/\\\/fenomensassociacio.org\\\/\",\"name\":\"Fenomens\",\"description\":\"Associaci\u00f3 de persones amb discapacitat intel.lectual\",\"publisher\":{\"@id\":\"https:\\\/\\\/fenomensassociacio.org\\\/#organization\"},\"potentialAction\":[{\"@type\":\"SearchAction\",\"target\":{\"@type\":\"EntryPoint\",\"urlTemplate\":\"https:\\\/\\\/fenomensassociacio.org\\\/?s={search_term_string}\"},\"query-input\":{\"@type\":\"PropertyValueSpecification\",\"valueRequired\":true,\"valueName\":\"search_term_string\"}}],\"inLanguage\":\"ca\"},{\"@type\":\"Organization\",\"@id\":\"https:\\\/\\\/fenomensassociacio.org\\\/#organization\",\"name\":\"Fenomens\",\"url\":\"https:\\\/\\\/fenomensassociacio.org\\\/\",\"logo\":{\"@type\":\"ImageObject\",\"inLanguage\":\"ca\",\"@id\":\"https:\\\/\\\/fenomensassociacio.org\\\/#\\\/schema\\\/logo\\\/image\\\/\",\"url\":\"https:\\\/\\\/fenomensassociacio.org\\\/wp-content\\\/uploads\\\/2020\\\/06\\\/logo_fenomens_color_sin_fondo_subtitulo.webp\",\"contentUrl\":\"https:\\\/\\\/fenomensassociacio.org\\\/wp-content\\\/uploads\\\/2020\\\/06\\\/logo_fenomens_color_sin_fondo_subtitulo.webp\",\"width\":2048,\"height\":1707,\"caption\":\"Fenomens\"},\"image\":{\"@id\":\"https:\\\/\\\/fenomensassociacio.org\\\/#\\\/schema\\\/logo\\\/image\\\/\"},\"sameAs\":[\"https:\\\/\\\/www.facebook.com\\\/elsfenomens\\\/?locale=es_ES\",\"https:\\\/\\\/www.instagram.com\\\/associacio_fenomens\\\/p\\\/DDjl2kbIsrU\\\/?img_index=1\"]},{\"@type\":\"Person\",\"@id\":\"https:\\\/\\\/fenomensassociacio.org\\\/#\\\/schema\\\/person\\\/c1734ce1d720ad761110f905c22e4a6a\",\"name\":\"admin\",\"image\":{\"@type\":\"ImageObject\",\"inLanguage\":\"ca\",\"@id\":\"https:\\\/\\\/fenomensassociacio.org\\\/wp-content\\\/litespeed\\\/avatar\\\/8a4c5022de4aad7118ebd8830ae8ea5f.jpg?ver=1777553393\",\"url\":\"https:\\\/\\\/fenomensassociacio.org\\\/wp-content\\\/litespeed\\\/avatar\\\/8a4c5022de4aad7118ebd8830ae8ea5f.jpg?ver=1777553393\",\"contentUrl\":\"https:\\\/\\\/fenomensassociacio.org\\\/wp-content\\\/litespeed\\\/avatar\\\/8a4c5022de4aad7118ebd8830ae8ea5f.jpg?ver=1777553393\",\"caption\":\"admin\"},\"sameAs\":[\"https:\\\/\\\/fenomensassociacio.org\"],\"url\":\"https:\\\/\\\/fenomensassociacio.org\\\/va\\\/author\\\/fenomensa\\\/\"}]}<\/script>\n<!-- \/ Yoast SEO plugin. -->","yoast_head_json":{"title":"Lectura F\u00e1cil y Accesibilidad en Benicarl\u00f3: Una Jornada con Javier Alc\u00e1zar - Fenomens","description":"Una jornada especial en Benicarl\u00f3 con Javier Alc\u00e1zar, traductor del primer libro en lectura f\u00e1cil de la provincia. Inclusi\u00f3n y lectura para todos.","robots":{"index":"index","follow":"follow","max-snippet":"max-snippet:-1","max-image-preview":"max-image-preview:large","max-video-preview":"max-video-preview:-1"},"canonical":"https:\/\/fenomensassociacio.org\/va\/lectura-facil-y-accesibilidad-en-benicarlo-una-jornada-con-javier-alcazar\/","og_locale":"ca_ES","og_type":"article","og_title":"Lectura F\u00e1cil y Accesibilidad en Benicarl\u00f3: Una Jornada con Javier Alc\u00e1zar - Fenomens","og_description":"Una jornada especial en Benicarl\u00f3 con Javier Alc\u00e1zar, traductor del primer libro en lectura f\u00e1cil de la provincia. Inclusi\u00f3n y lectura para todos.","og_url":"https:\/\/fenomensassociacio.org\/va\/lectura-facil-y-accesibilidad-en-benicarlo-una-jornada-con-javier-alcazar\/","og_site_name":"Fenomens","article_publisher":"https:\/\/www.facebook.com\/elsfenomens\/?locale=es_ES","article_published_time":"2025-07-14T15:51:34+00:00","article_modified_time":"2025-09-30T16:51:07+00:00","og_image":[{"width":2000,"height":1500,"url":"https:\/\/fenomensassociacio.org\/wp-content\/uploads\/2025\/07\/Visita-Javier-Alcazar.webp","type":"image\/webp"}],"author":"admin","twitter_card":"summary_large_image","twitter_misc":{"Escrit per":"admin","Temps estimat de lectura":"2 minuts"},"schema":{"@context":"https:\/\/schema.org","@graph":[{"@type":"Article","@id":"https:\/\/fenomensassociacio.org\/lectura-facil-y-accesibilidad-en-benicarlo-una-jornada-con-javier-alcazar\/#article","isPartOf":{"@id":"https:\/\/fenomensassociacio.org\/lectura-facil-y-accesibilidad-en-benicarlo-una-jornada-con-javier-alcazar\/"},"author":{"name":"admin","@id":"https:\/\/fenomensassociacio.org\/#\/schema\/person\/c1734ce1d720ad761110f905c22e4a6a"},"headline":"Lectura F\u00e1cil y Accesibilidad en Benicarl\u00f3: Una Jornada con Javier Alc\u00e1zar","datePublished":"2025-07-14T15:51:34+00:00","dateModified":"2025-09-30T16:51:07+00:00","mainEntityOfPage":{"@id":"https:\/\/fenomensassociacio.org\/lectura-facil-y-accesibilidad-en-benicarlo-una-jornada-con-javier-alcazar\/"},"wordCount":341,"commentCount":0,"publisher":{"@id":"https:\/\/fenomensassociacio.org\/#organization"},"image":{"@id":"https:\/\/fenomensassociacio.org\/lectura-facil-y-accesibilidad-en-benicarlo-una-jornada-con-javier-alcazar\/#primaryimage"},"thumbnailUrl":"https:\/\/fenomensassociacio.org\/wp-content\/uploads\/2025\/07\/Visita-Javier-Alcazar.webp","articleSection":["Uncategorized"],"inLanguage":"ca","potentialAction":[{"@type":"CommentAction","name":"Comment","target":["https:\/\/fenomensassociacio.org\/lectura-facil-y-accesibilidad-en-benicarlo-una-jornada-con-javier-alcazar\/#respond"]}]},{"@type":"WebPage","@id":"https:\/\/fenomensassociacio.org\/lectura-facil-y-accesibilidad-en-benicarlo-una-jornada-con-javier-alcazar\/","url":"https:\/\/fenomensassociacio.org\/lectura-facil-y-accesibilidad-en-benicarlo-una-jornada-con-javier-alcazar\/","name":"Lectura F\u00e1cil y Accesibilidad en Benicarl\u00f3: Una Jornada con Javier Alc\u00e1zar - Fenomens","isPartOf":{"@id":"https:\/\/fenomensassociacio.org\/#website"},"primaryImageOfPage":{"@id":"https:\/\/fenomensassociacio.org\/lectura-facil-y-accesibilidad-en-benicarlo-una-jornada-con-javier-alcazar\/#primaryimage"},"image":{"@id":"https:\/\/fenomensassociacio.org\/lectura-facil-y-accesibilidad-en-benicarlo-una-jornada-con-javier-alcazar\/#primaryimage"},"thumbnailUrl":"https:\/\/fenomensassociacio.org\/wp-content\/uploads\/2025\/07\/Visita-Javier-Alcazar.webp","datePublished":"2025-07-14T15:51:34+00:00","dateModified":"2025-09-30T16:51:07+00:00","description":"Una jornada especial en Benicarl\u00f3 con Javier Alc\u00e1zar, traductor del primer libro en lectura f\u00e1cil de la provincia. Inclusi\u00f3n y lectura para todos.","breadcrumb":{"@id":"https:\/\/fenomensassociacio.org\/lectura-facil-y-accesibilidad-en-benicarlo-una-jornada-con-javier-alcazar\/#breadcrumb"},"inLanguage":"ca","potentialAction":[{"@type":"ReadAction","target":["https:\/\/fenomensassociacio.org\/lectura-facil-y-accesibilidad-en-benicarlo-una-jornada-con-javier-alcazar\/"]}]},{"@type":"ImageObject","inLanguage":"ca","@id":"https:\/\/fenomensassociacio.org\/lectura-facil-y-accesibilidad-en-benicarlo-una-jornada-con-javier-alcazar\/#primaryimage","url":"https:\/\/fenomensassociacio.org\/wp-content\/uploads\/2025\/07\/Visita-Javier-Alcazar.webp","contentUrl":"https:\/\/fenomensassociacio.org\/wp-content\/uploads\/2025\/07\/Visita-Javier-Alcazar.webp","width":2000,"height":1500,"caption":"Visita Javier Alc\u00e1zar"},{"@type":"BreadcrumbList","@id":"https:\/\/fenomensassociacio.org\/lectura-facil-y-accesibilidad-en-benicarlo-una-jornada-con-javier-alcazar\/#breadcrumb","itemListElement":[{"@type":"ListItem","position":1,"name":"Portada","item":"https:\/\/fenomensassociacio.org\/"},{"@type":"ListItem","position":2,"name":"Lectura F\u00e1cil y Accesibilidad en Benicarl\u00f3: Una Jornada con Javier Alc\u00e1zar"}]},{"@type":"WebSite","@id":"https:\/\/fenomensassociacio.org\/#website","url":"https:\/\/fenomensassociacio.org\/","name":"Fenomens","description":"Associaci\u00f3 de persones amb discapacitat intel.lectual","publisher":{"@id":"https:\/\/fenomensassociacio.org\/#organization"},"potentialAction":[{"@type":"SearchAction","target":{"@type":"EntryPoint","urlTemplate":"https:\/\/fenomensassociacio.org\/?s={search_term_string}"},"query-input":{"@type":"PropertyValueSpecification","valueRequired":true,"valueName":"search_term_string"}}],"inLanguage":"ca"},{"@type":"Organization","@id":"https:\/\/fenomensassociacio.org\/#organization","name":"Fenomens","url":"https:\/\/fenomensassociacio.org\/","logo":{"@type":"ImageObject","inLanguage":"ca","@id":"https:\/\/fenomensassociacio.org\/#\/schema\/logo\/image\/","url":"https:\/\/fenomensassociacio.org\/wp-content\/uploads\/2020\/06\/logo_fenomens_color_sin_fondo_subtitulo.webp","contentUrl":"https:\/\/fenomensassociacio.org\/wp-content\/uploads\/2020\/06\/logo_fenomens_color_sin_fondo_subtitulo.webp","width":2048,"height":1707,"caption":"Fenomens"},"image":{"@id":"https:\/\/fenomensassociacio.org\/#\/schema\/logo\/image\/"},"sameAs":["https:\/\/www.facebook.com\/elsfenomens\/?locale=es_ES","https:\/\/www.instagram.com\/associacio_fenomens\/p\/DDjl2kbIsrU\/?img_index=1"]},{"@type":"Person","@id":"https:\/\/fenomensassociacio.org\/#\/schema\/person\/c1734ce1d720ad761110f905c22e4a6a","name":"admin","image":{"@type":"ImageObject","inLanguage":"ca","@id":"https:\/\/fenomensassociacio.org\/wp-content\/litespeed\/avatar\/8a4c5022de4aad7118ebd8830ae8ea5f.jpg?ver=1777553393","url":"https:\/\/fenomensassociacio.org\/wp-content\/litespeed\/avatar\/8a4c5022de4aad7118ebd8830ae8ea5f.jpg?ver=1777553393","contentUrl":"https:\/\/fenomensassociacio.org\/wp-content\/litespeed\/avatar\/8a4c5022de4aad7118ebd8830ae8ea5f.jpg?ver=1777553393","caption":"admin"},"sameAs":["https:\/\/fenomensassociacio.org"],"url":"https:\/\/fenomensassociacio.org\/va\/author\/fenomensa\/"}]}},"_links":{"self":[{"href":"https:\/\/fenomensassociacio.org\/va\/wp-json\/wp\/v2\/posts\/5087","targetHints":{"allow":["GET"]}}],"collection":[{"href":"https:\/\/fenomensassociacio.org\/va\/wp-json\/wp\/v2\/posts"}],"about":[{"href":"https:\/\/fenomensassociacio.org\/va\/wp-json\/wp\/v2\/types\/post"}],"author":[{"embeddable":true,"href":"https:\/\/fenomensassociacio.org\/va\/wp-json\/wp\/v2\/users\/1"}],"replies":[{"embeddable":true,"href":"https:\/\/fenomensassociacio.org\/va\/wp-json\/wp\/v2\/comments?post=5087"}],"version-history":[{"count":16,"href":"https:\/\/fenomensassociacio.org\/va\/wp-json\/wp\/v2\/posts\/5087\/revisions"}],"predecessor-version":[{"id":5529,"href":"https:\/\/fenomensassociacio.org\/va\/wp-json\/wp\/v2\/posts\/5087\/revisions\/5529"}],"wp:featuredmedia":[{"embeddable":true,"href":"https:\/\/fenomensassociacio.org\/va\/wp-json\/wp\/v2\/media\/5088"}],"wp:attachment":[{"href":"https:\/\/fenomensassociacio.org\/va\/wp-json\/wp\/v2\/media?parent=5087"}],"wp:term":[{"taxonomy":"category","embeddable":true,"href":"https:\/\/fenomensassociacio.org\/va\/wp-json\/wp\/v2\/categories?post=5087"},{"taxonomy":"post_tag","embeddable":true,"href":"https:\/\/fenomensassociacio.org\/va\/wp-json\/wp\/v2\/tags?post=5087"}],"curies":[{"name":"wp","href":"https:\/\/api.w.org\/{rel}","templated":true}]}}