{"id":5103,"date":"2025-07-17T11:08:19","date_gmt":"2025-07-17T10:08:19","guid":{"rendered":"https:\/\/fenomensassociacio.org\/?p=5103"},"modified":"2025-09-30T16:03:15","modified_gmt":"2025-09-30T15:03:15","slug":"gala-deporte-benicarlo-equipo-titanes-2025","status":"publish","type":"post","link":"https:\/\/fenomensassociacio.org\/va\/gala-deporte-benicarlo-equipo-titanes-2025\/","title":{"rendered":"Premi equip b\u00e0squet TITANES a la Gala de l'Esport"},"content":{"rendered":"<div data-elementor-type=\"wp-post\" data-elementor-id=\"5103\" class=\"elementor elementor-5103\" data-elementor-post-type=\"post\">\n\t\t\t\t<div class=\"elementor-element elementor-element-98ae0d5 e-flex e-con-boxed e-con e-parent\" data-id=\"98ae0d5\" data-element_type=\"container\" data-e-type=\"container\" data-settings=\"{&quot;jet_parallax_layout_list&quot;:[]}\">\n\t\t\t\t\t<div class=\"e-con-inner\">\n\t\t\t\t<div class=\"elementor-element elementor-element-9e8f9fc elementor-drop-cap-yes elementor-drop-cap-view-default elementor-widget elementor-widget-text-editor\" data-id=\"9e8f9fc\" data-element_type=\"widget\" data-e-type=\"widget\" data-settings=\"{&quot;drop_cap&quot;:&quot;yes&quot;}\" data-widget_type=\"text-editor.default\">\n\t\t\t\t<div class=\"elementor-widget-container\">\n\t\t\t\t\t\t\t\t\t<p data-start=\"171\" data-end=\"470\">El passat dissabte 12 de juliol, l'auditori de Benicarl\u00f3 es va omplir d'emoci\u00f3, esfor\u00e7, i molt\u00edssima alegria.<br data-start=\"320\" data-end=\"323\" \/>All\u00ed, es va celebrar l'esperada Gala de l'esport, una cita anual per rendir homenatge als que donen el millor de si en l'\u00e0mbit esportiu local.<\/p><p data-start=\"472\" data-end=\"780\"><strong data-start=\"475\" data-end=\"496\">L'equip de TITANS<\/strong>, del club de b\u00e0squet, vivim amb enorme il\u00b7lusi\u00f3 aquesta jornada, on vam ser reconeguts amb el <strong data-start=\"592\" data-end=\"638\">premi en la categoria de les instal\u00b7lacions esportives<\/strong>.<br data-start=\"639\" data-end=\"642\" \/>Un guard\u00f3 que ens va lliurar l'Ajuntament de Benicarl\u00f3 i que vam rebre amb orgull, despr\u00e9s de tant de treball en equip, superaci\u00f3 i passi\u00f3.<\/p><p data-start=\"782\" data-end=\"1002\">Aprofitem tamb\u00e9 per <strong data-start=\"811\" data-end=\"858\">felicitar a l'equip de COCEMFE de ping-pong<\/strong>, en el qual participa activament <strong data-start=\"892\" data-end=\"900\">Eric<\/strong>i que tamb\u00e9 va ser guardonat.<br data-start=\"932\" data-end=\"935\" \/>Un premi molt merescut que compartim amb admiraci\u00f3 i respecte!<\/p><p data-start=\"1004\" data-end=\"1056\">Era una tarda d'emocions, abra\u00e7ades i somriures.<\/p><p data-start=\"1058\" data-end=\"1314\">Volem dedicar un <strong data-start=\"1078\" data-end=\"1126\">enorme agra\u00efment als nostres voluntaris<\/strong>, <strong data-start=\"1128\" data-end=\"1152\">Berta, Xavier, i Nano<\/strong>, que amb la seva generositat donen suport a l'entrenador <strong data-start=\"1198\" data-end=\"1206\">Eloy<\/strong> en cada entrenament i partit.<br data-start=\"1239\" data-end=\"1242\" \/>La seva implicaci\u00f3 fa possible que el projecte creixi i es mantingui viu.<\/p><p data-start=\"1316\" data-end=\"1598\">Aquest reconeixement tamb\u00e9 \u00e9s fruit d'una lluita col\u00b7lectiva, que des de fa temps s'impulsa des de la <strong data-start=\"1422\" data-end=\"1481\">taula de la discapacitat, de serveis socials de Benicarl\u00f3<\/strong>, un espai on la nostra associaci\u00f3 \u00e9s sempre present, reivindicant oportunitats per a totes les persones.<\/p><p data-start=\"1600\" data-end=\"1654\">Gr\u00e0cies a tots els que ho fan possible.<\/p><p data-start=\"1600\" data-end=\"1654\">\u00a1Ens portem m\u00e9s que un premi: ens emportem l\u00b4afecte d\u00b4un poble que aposta per l\u00b4esport inclusiu!<\/p>\t\t\t\t\t\t\t\t<\/div>\n\t\t\t\t<\/div>\n\t\t\t\t\t<\/div>\n\t\t\t\t<\/div>\n\t\t\t\t<\/div>","protected":false},"excerpt":{"rendered":"<p>El pasado s\u00e1bado 12 de julio, el auditorio de Benicarl\u00f3 \u00a0se llen\u00f3 de emoci\u00f3n, esfuerzo, y much\u00edsima alegr\u00eda.All\u00ed, se celebr\u00f3 la esperada Gala del deporte, una cita anual para rendir homenaje a quienes dan lo mejor de s\u00ed en el \u00e1mbito deportivo local. El equipo TITANES, del club de b\u00e1squet, vivimos con enorme ilusi\u00f3n esta [&hellip;]<\/p>\n","protected":false},"author":1,"featured_media":5104,"comment_status":"open","ping_status":"closed","sticky":false,"template":"","format":"standard","meta":{"footnotes":""},"categories":[1],"tags":[],"class_list":["post-5103","post","type-post","status-publish","format-standard","has-post-thumbnail","hentry","category-uncategorized"],"yoast_head":"<!-- This site is optimized with the Yoast SEO plugin v27.5 - https:\/\/yoast.com\/product\/yoast-seo-wordpress\/ -->\n<title>Premio equipo baloncesto TITANES en la Gala del Deporte - Fenomens<\/title>\n<meta name=\"description\" content=\"El equipo Titanes recibe el premio al deporte adaptado en la Gala del Deporte de Benicarl\u00f3. \u00a1Una tarde llena de emoci\u00f3n, orgullo e inclusi\u00f3n!\" \/>\n<meta name=\"robots\" content=\"index, follow, max-snippet:-1, max-image-preview:large, max-video-preview:-1\" \/>\n<link rel=\"canonical\" href=\"https:\/\/fenomensassociacio.org\/va\/gala-deporte-benicarlo-equipo-titanes-2025\/\" \/>\n<meta property=\"og:locale\" content=\"ca_ES\" \/>\n<meta property=\"og:type\" content=\"article\" \/>\n<meta property=\"og:title\" content=\"Premio equipo baloncesto TITANES en la Gala del Deporte - Fenomens\" \/>\n<meta property=\"og:description\" content=\"El equipo Titanes recibe el premio al deporte adaptado en la Gala del Deporte de Benicarl\u00f3. \u00a1Una tarde llena de emoci\u00f3n, orgullo e inclusi\u00f3n!\" \/>\n<meta property=\"og:url\" content=\"https:\/\/fenomensassociacio.org\/va\/gala-deporte-benicarlo-equipo-titanes-2025\/\" \/>\n<meta property=\"og:site_name\" content=\"Fenomens\" \/>\n<meta property=\"article:publisher\" content=\"https:\/\/www.facebook.com\/elsfenomens\/?locale=es_ES\" \/>\n<meta property=\"article:published_time\" content=\"2025-07-17T10:08:19+00:00\" \/>\n<meta property=\"article:modified_time\" content=\"2025-09-30T15:03:15+00:00\" \/>\n<meta property=\"og:image\" content=\"https:\/\/fenomensassociacio.org\/wp-content\/uploads\/2025\/07\/foto-equipo-baloncesto-titanes-Benicarlo.webp\" \/>\n\t<meta property=\"og:image:width\" content=\"2040\" \/>\n\t<meta property=\"og:image:height\" content=\"1530\" \/>\n\t<meta property=\"og:image:type\" content=\"image\/webp\" \/>\n<meta name=\"author\" content=\"admin\" \/>\n<meta name=\"twitter:card\" content=\"summary_large_image\" \/>\n<meta name=\"twitter:label1\" content=\"Escrit per\" \/>\n\t<meta name=\"twitter:data1\" content=\"admin\" \/>\n\t<meta name=\"twitter:label2\" content=\"Temps estimat de lectura\" \/>\n\t<meta name=\"twitter:data2\" content=\"2 minuts\" \/>\n<script type=\"application\/ld+json\" class=\"yoast-schema-graph\">{\"@context\":\"https:\\\/\\\/schema.org\",\"@graph\":[{\"@type\":\"Article\",\"@id\":\"https:\\\/\\\/fenomensassociacio.org\\\/gala-deporte-benicarlo-equipo-titanes-2025\\\/#article\",\"isPartOf\":{\"@id\":\"https:\\\/\\\/fenomensassociacio.org\\\/gala-deporte-benicarlo-equipo-titanes-2025\\\/\"},\"author\":{\"name\":\"admin\",\"@id\":\"https:\\\/\\\/fenomensassociacio.org\\\/#\\\/schema\\\/person\\\/c1734ce1d720ad761110f905c22e4a6a\"},\"headline\":\"Premio equipo baloncesto TITANES en la Gala del Deporte\",\"datePublished\":\"2025-07-17T10:08:19+00:00\",\"dateModified\":\"2025-09-30T15:03:15+00:00\",\"mainEntityOfPage\":{\"@id\":\"https:\\\/\\\/fenomensassociacio.org\\\/gala-deporte-benicarlo-equipo-titanes-2025\\\/\"},\"wordCount\":262,\"commentCount\":0,\"publisher\":{\"@id\":\"https:\\\/\\\/fenomensassociacio.org\\\/#organization\"},\"image\":{\"@id\":\"https:\\\/\\\/fenomensassociacio.org\\\/gala-deporte-benicarlo-equipo-titanes-2025\\\/#primaryimage\"},\"thumbnailUrl\":\"https:\\\/\\\/fenomensassociacio.org\\\/wp-content\\\/uploads\\\/2025\\\/07\\\/foto-equipo-baloncesto-titanes-Benicarlo.webp\",\"articleSection\":[\"Uncategorized\"],\"inLanguage\":\"ca\",\"potentialAction\":[{\"@type\":\"CommentAction\",\"name\":\"Comment\",\"target\":[\"https:\\\/\\\/fenomensassociacio.org\\\/gala-deporte-benicarlo-equipo-titanes-2025\\\/#respond\"]}]},{\"@type\":\"WebPage\",\"@id\":\"https:\\\/\\\/fenomensassociacio.org\\\/gala-deporte-benicarlo-equipo-titanes-2025\\\/\",\"url\":\"https:\\\/\\\/fenomensassociacio.org\\\/gala-deporte-benicarlo-equipo-titanes-2025\\\/\",\"name\":\"Premio equipo baloncesto TITANES en la Gala del Deporte - Fenomens\",\"isPartOf\":{\"@id\":\"https:\\\/\\\/fenomensassociacio.org\\\/#website\"},\"primaryImageOfPage\":{\"@id\":\"https:\\\/\\\/fenomensassociacio.org\\\/gala-deporte-benicarlo-equipo-titanes-2025\\\/#primaryimage\"},\"image\":{\"@id\":\"https:\\\/\\\/fenomensassociacio.org\\\/gala-deporte-benicarlo-equipo-titanes-2025\\\/#primaryimage\"},\"thumbnailUrl\":\"https:\\\/\\\/fenomensassociacio.org\\\/wp-content\\\/uploads\\\/2025\\\/07\\\/foto-equipo-baloncesto-titanes-Benicarlo.webp\",\"datePublished\":\"2025-07-17T10:08:19+00:00\",\"dateModified\":\"2025-09-30T15:03:15+00:00\",\"description\":\"El equipo Titanes recibe el premio al deporte adaptado en la Gala del Deporte de Benicarl\u00f3. \u00a1Una tarde llena de emoci\u00f3n, orgullo e inclusi\u00f3n!\",\"breadcrumb\":{\"@id\":\"https:\\\/\\\/fenomensassociacio.org\\\/gala-deporte-benicarlo-equipo-titanes-2025\\\/#breadcrumb\"},\"inLanguage\":\"ca\",\"potentialAction\":[{\"@type\":\"ReadAction\",\"target\":[\"https:\\\/\\\/fenomensassociacio.org\\\/gala-deporte-benicarlo-equipo-titanes-2025\\\/\"]}]},{\"@type\":\"ImageObject\",\"inLanguage\":\"ca\",\"@id\":\"https:\\\/\\\/fenomensassociacio.org\\\/gala-deporte-benicarlo-equipo-titanes-2025\\\/#primaryimage\",\"url\":\"https:\\\/\\\/fenomensassociacio.org\\\/wp-content\\\/uploads\\\/2025\\\/07\\\/foto-equipo-baloncesto-titanes-Benicarlo.webp\",\"contentUrl\":\"https:\\\/\\\/fenomensassociacio.org\\\/wp-content\\\/uploads\\\/2025\\\/07\\\/foto-equipo-baloncesto-titanes-Benicarlo.webp\",\"width\":2040,\"height\":1530,\"caption\":\"foto equipo baloncesto titanes Benicarlo\"},{\"@type\":\"BreadcrumbList\",\"@id\":\"https:\\\/\\\/fenomensassociacio.org\\\/gala-deporte-benicarlo-equipo-titanes-2025\\\/#breadcrumb\",\"itemListElement\":[{\"@type\":\"ListItem\",\"position\":1,\"name\":\"Portada\",\"item\":\"https:\\\/\\\/fenomensassociacio.org\\\/\"},{\"@type\":\"ListItem\",\"position\":2,\"name\":\"Premio equipo baloncesto TITANES en la Gala del Deporte\"}]},{\"@type\":\"WebSite\",\"@id\":\"https:\\\/\\\/fenomensassociacio.org\\\/#website\",\"url\":\"https:\\\/\\\/fenomensassociacio.org\\\/\",\"name\":\"Fenomens\",\"description\":\"Associaci\u00f3 de persones amb discapacitat intel.lectual\",\"publisher\":{\"@id\":\"https:\\\/\\\/fenomensassociacio.org\\\/#organization\"},\"potentialAction\":[{\"@type\":\"SearchAction\",\"target\":{\"@type\":\"EntryPoint\",\"urlTemplate\":\"https:\\\/\\\/fenomensassociacio.org\\\/?s={search_term_string}\"},\"query-input\":{\"@type\":\"PropertyValueSpecification\",\"valueRequired\":true,\"valueName\":\"search_term_string\"}}],\"inLanguage\":\"ca\"},{\"@type\":\"Organization\",\"@id\":\"https:\\\/\\\/fenomensassociacio.org\\\/#organization\",\"name\":\"Fenomens\",\"url\":\"https:\\\/\\\/fenomensassociacio.org\\\/\",\"logo\":{\"@type\":\"ImageObject\",\"inLanguage\":\"ca\",\"@id\":\"https:\\\/\\\/fenomensassociacio.org\\\/#\\\/schema\\\/logo\\\/image\\\/\",\"url\":\"https:\\\/\\\/fenomensassociacio.org\\\/wp-content\\\/uploads\\\/2020\\\/06\\\/logo_fenomens_color_sin_fondo_subtitulo.webp\",\"contentUrl\":\"https:\\\/\\\/fenomensassociacio.org\\\/wp-content\\\/uploads\\\/2020\\\/06\\\/logo_fenomens_color_sin_fondo_subtitulo.webp\",\"width\":2048,\"height\":1707,\"caption\":\"Fenomens\"},\"image\":{\"@id\":\"https:\\\/\\\/fenomensassociacio.org\\\/#\\\/schema\\\/logo\\\/image\\\/\"},\"sameAs\":[\"https:\\\/\\\/www.facebook.com\\\/elsfenomens\\\/?locale=es_ES\",\"https:\\\/\\\/www.instagram.com\\\/associacio_fenomens\\\/p\\\/DDjl2kbIsrU\\\/?img_index=1\"]},{\"@type\":\"Person\",\"@id\":\"https:\\\/\\\/fenomensassociacio.org\\\/#\\\/schema\\\/person\\\/c1734ce1d720ad761110f905c22e4a6a\",\"name\":\"admin\",\"image\":{\"@type\":\"ImageObject\",\"inLanguage\":\"ca\",\"@id\":\"https:\\\/\\\/fenomensassociacio.org\\\/wp-content\\\/litespeed\\\/avatar\\\/8a4c5022de4aad7118ebd8830ae8ea5f.jpg?ver=1777553393\",\"url\":\"https:\\\/\\\/fenomensassociacio.org\\\/wp-content\\\/litespeed\\\/avatar\\\/8a4c5022de4aad7118ebd8830ae8ea5f.jpg?ver=1777553393\",\"contentUrl\":\"https:\\\/\\\/fenomensassociacio.org\\\/wp-content\\\/litespeed\\\/avatar\\\/8a4c5022de4aad7118ebd8830ae8ea5f.jpg?ver=1777553393\",\"caption\":\"admin\"},\"sameAs\":[\"https:\\\/\\\/fenomensassociacio.org\"],\"url\":\"https:\\\/\\\/fenomensassociacio.org\\\/va\\\/author\\\/fenomensa\\\/\"}]}<\/script>\n<!-- \/ Yoast SEO plugin. -->","yoast_head_json":{"title":"Premio equipo baloncesto TITANES en la Gala del Deporte - Fenomens","description":"El equipo Titanes recibe el premio al deporte adaptado en la Gala del Deporte de Benicarl\u00f3. \u00a1Una tarde llena de emoci\u00f3n, orgullo e inclusi\u00f3n!","robots":{"index":"index","follow":"follow","max-snippet":"max-snippet:-1","max-image-preview":"max-image-preview:large","max-video-preview":"max-video-preview:-1"},"canonical":"https:\/\/fenomensassociacio.org\/va\/gala-deporte-benicarlo-equipo-titanes-2025\/","og_locale":"ca_ES","og_type":"article","og_title":"Premio equipo baloncesto TITANES en la Gala del Deporte - Fenomens","og_description":"El equipo Titanes recibe el premio al deporte adaptado en la Gala del Deporte de Benicarl\u00f3. \u00a1Una tarde llena de emoci\u00f3n, orgullo e inclusi\u00f3n!","og_url":"https:\/\/fenomensassociacio.org\/va\/gala-deporte-benicarlo-equipo-titanes-2025\/","og_site_name":"Fenomens","article_publisher":"https:\/\/www.facebook.com\/elsfenomens\/?locale=es_ES","article_published_time":"2025-07-17T10:08:19+00:00","article_modified_time":"2025-09-30T15:03:15+00:00","og_image":[{"width":2040,"height":1530,"url":"https:\/\/fenomensassociacio.org\/wp-content\/uploads\/2025\/07\/foto-equipo-baloncesto-titanes-Benicarlo.webp","type":"image\/webp"}],"author":"admin","twitter_card":"summary_large_image","twitter_misc":{"Escrit per":"admin","Temps estimat de lectura":"2 minuts"},"schema":{"@context":"https:\/\/schema.org","@graph":[{"@type":"Article","@id":"https:\/\/fenomensassociacio.org\/gala-deporte-benicarlo-equipo-titanes-2025\/#article","isPartOf":{"@id":"https:\/\/fenomensassociacio.org\/gala-deporte-benicarlo-equipo-titanes-2025\/"},"author":{"name":"admin","@id":"https:\/\/fenomensassociacio.org\/#\/schema\/person\/c1734ce1d720ad761110f905c22e4a6a"},"headline":"Premio equipo baloncesto TITANES en la Gala del Deporte","datePublished":"2025-07-17T10:08:19+00:00","dateModified":"2025-09-30T15:03:15+00:00","mainEntityOfPage":{"@id":"https:\/\/fenomensassociacio.org\/gala-deporte-benicarlo-equipo-titanes-2025\/"},"wordCount":262,"commentCount":0,"publisher":{"@id":"https:\/\/fenomensassociacio.org\/#organization"},"image":{"@id":"https:\/\/fenomensassociacio.org\/gala-deporte-benicarlo-equipo-titanes-2025\/#primaryimage"},"thumbnailUrl":"https:\/\/fenomensassociacio.org\/wp-content\/uploads\/2025\/07\/foto-equipo-baloncesto-titanes-Benicarlo.webp","articleSection":["Uncategorized"],"inLanguage":"ca","potentialAction":[{"@type":"CommentAction","name":"Comment","target":["https:\/\/fenomensassociacio.org\/gala-deporte-benicarlo-equipo-titanes-2025\/#respond"]}]},{"@type":"WebPage","@id":"https:\/\/fenomensassociacio.org\/gala-deporte-benicarlo-equipo-titanes-2025\/","url":"https:\/\/fenomensassociacio.org\/gala-deporte-benicarlo-equipo-titanes-2025\/","name":"Premio equipo baloncesto TITANES en la Gala del Deporte - Fenomens","isPartOf":{"@id":"https:\/\/fenomensassociacio.org\/#website"},"primaryImageOfPage":{"@id":"https:\/\/fenomensassociacio.org\/gala-deporte-benicarlo-equipo-titanes-2025\/#primaryimage"},"image":{"@id":"https:\/\/fenomensassociacio.org\/gala-deporte-benicarlo-equipo-titanes-2025\/#primaryimage"},"thumbnailUrl":"https:\/\/fenomensassociacio.org\/wp-content\/uploads\/2025\/07\/foto-equipo-baloncesto-titanes-Benicarlo.webp","datePublished":"2025-07-17T10:08:19+00:00","dateModified":"2025-09-30T15:03:15+00:00","description":"El equipo Titanes recibe el premio al deporte adaptado en la Gala del Deporte de Benicarl\u00f3. \u00a1Una tarde llena de emoci\u00f3n, orgullo e inclusi\u00f3n!","breadcrumb":{"@id":"https:\/\/fenomensassociacio.org\/gala-deporte-benicarlo-equipo-titanes-2025\/#breadcrumb"},"inLanguage":"ca","potentialAction":[{"@type":"ReadAction","target":["https:\/\/fenomensassociacio.org\/gala-deporte-benicarlo-equipo-titanes-2025\/"]}]},{"@type":"ImageObject","inLanguage":"ca","@id":"https:\/\/fenomensassociacio.org\/gala-deporte-benicarlo-equipo-titanes-2025\/#primaryimage","url":"https:\/\/fenomensassociacio.org\/wp-content\/uploads\/2025\/07\/foto-equipo-baloncesto-titanes-Benicarlo.webp","contentUrl":"https:\/\/fenomensassociacio.org\/wp-content\/uploads\/2025\/07\/foto-equipo-baloncesto-titanes-Benicarlo.webp","width":2040,"height":1530,"caption":"foto equipo baloncesto titanes Benicarlo"},{"@type":"BreadcrumbList","@id":"https:\/\/fenomensassociacio.org\/gala-deporte-benicarlo-equipo-titanes-2025\/#breadcrumb","itemListElement":[{"@type":"ListItem","position":1,"name":"Portada","item":"https:\/\/fenomensassociacio.org\/"},{"@type":"ListItem","position":2,"name":"Premio equipo baloncesto TITANES en la Gala del Deporte"}]},{"@type":"WebSite","@id":"https:\/\/fenomensassociacio.org\/#website","url":"https:\/\/fenomensassociacio.org\/","name":"Fenomens","description":"Associaci\u00f3 de persones amb discapacitat intel.lectual","publisher":{"@id":"https:\/\/fenomensassociacio.org\/#organization"},"potentialAction":[{"@type":"SearchAction","target":{"@type":"EntryPoint","urlTemplate":"https:\/\/fenomensassociacio.org\/?s={search_term_string}"},"query-input":{"@type":"PropertyValueSpecification","valueRequired":true,"valueName":"search_term_string"}}],"inLanguage":"ca"},{"@type":"Organization","@id":"https:\/\/fenomensassociacio.org\/#organization","name":"Fenomens","url":"https:\/\/fenomensassociacio.org\/","logo":{"@type":"ImageObject","inLanguage":"ca","@id":"https:\/\/fenomensassociacio.org\/#\/schema\/logo\/image\/","url":"https:\/\/fenomensassociacio.org\/wp-content\/uploads\/2020\/06\/logo_fenomens_color_sin_fondo_subtitulo.webp","contentUrl":"https:\/\/fenomensassociacio.org\/wp-content\/uploads\/2020\/06\/logo_fenomens_color_sin_fondo_subtitulo.webp","width":2048,"height":1707,"caption":"Fenomens"},"image":{"@id":"https:\/\/fenomensassociacio.org\/#\/schema\/logo\/image\/"},"sameAs":["https:\/\/www.facebook.com\/elsfenomens\/?locale=es_ES","https:\/\/www.instagram.com\/associacio_fenomens\/p\/DDjl2kbIsrU\/?img_index=1"]},{"@type":"Person","@id":"https:\/\/fenomensassociacio.org\/#\/schema\/person\/c1734ce1d720ad761110f905c22e4a6a","name":"admin","image":{"@type":"ImageObject","inLanguage":"ca","@id":"https:\/\/fenomensassociacio.org\/wp-content\/litespeed\/avatar\/8a4c5022de4aad7118ebd8830ae8ea5f.jpg?ver=1777553393","url":"https:\/\/fenomensassociacio.org\/wp-content\/litespeed\/avatar\/8a4c5022de4aad7118ebd8830ae8ea5f.jpg?ver=1777553393","contentUrl":"https:\/\/fenomensassociacio.org\/wp-content\/litespeed\/avatar\/8a4c5022de4aad7118ebd8830ae8ea5f.jpg?ver=1777553393","caption":"admin"},"sameAs":["https:\/\/fenomensassociacio.org"],"url":"https:\/\/fenomensassociacio.org\/va\/author\/fenomensa\/"}]}},"_links":{"self":[{"href":"https:\/\/fenomensassociacio.org\/va\/wp-json\/wp\/v2\/posts\/5103","targetHints":{"allow":["GET"]}}],"collection":[{"href":"https:\/\/fenomensassociacio.org\/va\/wp-json\/wp\/v2\/posts"}],"about":[{"href":"https:\/\/fenomensassociacio.org\/va\/wp-json\/wp\/v2\/types\/post"}],"author":[{"embeddable":true,"href":"https:\/\/fenomensassociacio.org\/va\/wp-json\/wp\/v2\/users\/1"}],"replies":[{"embeddable":true,"href":"https:\/\/fenomensassociacio.org\/va\/wp-json\/wp\/v2\/comments?post=5103"}],"version-history":[{"count":10,"href":"https:\/\/fenomensassociacio.org\/va\/wp-json\/wp\/v2\/posts\/5103\/revisions"}],"predecessor-version":[{"id":5460,"href":"https:\/\/fenomensassociacio.org\/va\/wp-json\/wp\/v2\/posts\/5103\/revisions\/5460"}],"wp:featuredmedia":[{"embeddable":true,"href":"https:\/\/fenomensassociacio.org\/va\/wp-json\/wp\/v2\/media\/5104"}],"wp:attachment":[{"href":"https:\/\/fenomensassociacio.org\/va\/wp-json\/wp\/v2\/media?parent=5103"}],"wp:term":[{"taxonomy":"category","embeddable":true,"href":"https:\/\/fenomensassociacio.org\/va\/wp-json\/wp\/v2\/categories?post=5103"},{"taxonomy":"post_tag","embeddable":true,"href":"https:\/\/fenomensassociacio.org\/va\/wp-json\/wp\/v2\/tags?post=5103"}],"curies":[{"name":"wp","href":"https:\/\/api.w.org\/{rel}","templated":true}]}}