{"id":5654,"date":"2025-11-02T17:58:45","date_gmt":"2025-11-02T16:58:45","guid":{"rendered":"https:\/\/fenomensassociacio.org\/?p=5654"},"modified":"2025-11-02T18:15:37","modified_gmt":"2025-11-02T17:15:37","slug":"fenomia-juegos-olimpicos-2025-vinaros","status":"publish","type":"post","link":"https:\/\/fenomensassociacio.org\/va\/fenomia-juegos-olimpicos-2025-vinaros\/","title":{"rendered":"FENOMIA enlluerna Vinar\u00f2s amb una estrena inclusiva"},"content":{"rendered":"<div data-elementor-type=\"wp-post\" data-elementor-id=\"5654\" class=\"elementor elementor-5654\" data-elementor-post-type=\"post\">\n\t\t\t\t<div class=\"elementor-element elementor-element-e36bff4 e-flex e-con-boxed e-con e-parent\" data-id=\"e36bff4\" data-element_type=\"container\" data-e-type=\"container\" data-settings=\"{&quot;jet_parallax_layout_list&quot;:[]}\">\n\t\t\t\t\t<div class=\"e-con-inner\">\n\t\t\t\t<div class=\"elementor-element elementor-element-e483f3a elementor-drop-cap-yes elementor-drop-cap-view-default elementor-widget elementor-widget-text-editor\" data-id=\"e483f3a\" data-element_type=\"widget\" data-e-type=\"widget\" data-settings=\"{&quot;drop_cap&quot;:&quot;yes&quot;}\" data-widget_type=\"text-editor.default\">\n\t\t\t\t<div class=\"elementor-widget-container\">\n\t\t\t\t\t\t\t\t\t<p data-start=\"391\" data-end=\"898\">El dissabte 1 de novembre, l'Auditori Wenceslao Ayguals de Vinar\u00f2s va viure una nit extraordin\u00e0ria amb l'estrena de l'obra <span style=\"color: #ff6600;\"><strong data-start=\"528\" data-end=\"564\">\u201cFENOMIA: Juegos Ol\u00edmpicos 2025\u201d<\/strong><\/span>, presentada pel grup de teatre <span style=\"color: #ff6600;\"><strong data-start=\"600\" data-end=\"612\">\u00a0<span style=\"color: #ff6600;\"><a style=\"color: #ff6600;\" href=\"https:\/\/fenomensassociacio.org\/va\/\">FEN\u00d2MENS<\/a><\/span><\/strong>,<\/span> format per persones amb discapacitat intel\u00b7lectual. Sota la direcci\u00f3 de <span style=\"color: #ffff00;\"><span style=\"color: #ccffff;\"><strong data-start=\"690\" data-end=\"709\">\u00a0 Susana Border\u00eda <\/strong><\/span><span style=\"color: #ffffff;\">i<\/span> <strong data-start=\"712\" data-end=\"727\">\u00a0Paula L\u00f3pez<\/strong><\/span>, la representaci\u00f3 es va convertir en un aut\u00e8ntic \u00e8xit de p\u00fablic i emoci\u00f3, omplint per complet l'auditori i arrencant somriures i aplaudiments durant tota la funci\u00f3.<\/p><p data-start=\"900\" data-end=\"1345\"><strong><span style=\"color: #ff6600;\">\u201cFENOMIA\u201d<\/span><\/strong> ens transporta a un pa\u00eds imaginari que acull els Jocs Ol\u00edmpics de l'any 2025. El que hauria de ser un espectacle de perfecci\u00f3 i disciplina es transforma en un escenari on el que \u00e9s imprevisible pren el protagonisme. Entre la solemnitat del protocol i la serietat de la compet\u00e8ncia, sorgeix una cadena de situacions c\u00f2miques que desarmen qualsevol formalitat, tot mostrant el costat m\u00e9s hum\u00e0, divertit i absurd de l'esdeveniment esportiu.<\/p><p data-start=\"1347\" data-end=\"1876\">Amb un humor subtil, per\u00f2 tamb\u00e9 esbojarrat, l'obra convida l'espectador a mirar els Jocs Ol\u00edmpics des d'una altra perspectiva: aquella en qu\u00e8 cada intent d'ordre es converteix en joc, i on el riure s'enlaira com la veritable celebraci\u00f3 col\u00b7lectiva. El p\u00fablic va gaudir de principi a fi amb les diferents proves representades sobre l'escenari, com ara nataci\u00f3 sincronitzada, aixecament de peses, el tradicional joc del mocador, tennis i fins i tot un sorprenent ball de rap, que va desfermar riallades i ovacions.<\/p><p data-start=\"1878\" data-end=\"2328\">El grup <a href=\"https:\/\/fenomensassociacio.org\/va\/\"><strong><span style=\"color: #ff6600;\">\u00a0FEN\u00d2MENS<\/span><\/strong><\/a> va tornar a demostrar que l'art esc\u00e8nic no ent\u00e9n l\u00edmits. El seu lliurament, espontane\u00eftat i alegria es van encomanar a tot l'auditori, que va respondre amb una ovaci\u00f3 dreta en finalitzar la funci\u00f3. Les directores, visiblement emocionades, van agrair el suport del p\u00fablic i van destacar l\u00b4esfor\u00e7 de cada integrant del grup, que durant setmanes va treballar amb il\u00b7lusi\u00f3 per oferir un espectacle tan complet com inspirador.<\/p><p data-start=\"2330\" data-end=\"2686\">La posada en escena, acolorida i din\u00e0mica, va combinar elements esportius amb moments d'humor visual i musical, i va crear una atmosfera plena de ritme que va mantenir l'atenci\u00f3 del p\u00fablic en tot moment. Cada detall, des del vestidor fins a la coreografia, va refor\u00e7ar la idea que la diversitat i la creativitat s\u00f3n els veritables motors de l'art.<\/p><p data-start=\"2688\" data-end=\"3054\"><strong><span style=\"color: #ff6600;\">\u201cFENOMIA: Juegos Ol\u00edmpicos 2025\u201d<\/span><\/strong> no nom\u00e9s va fer riure, sin\u00f3 tamb\u00e9 reflexionar sobre la import\u00e0ncia de la inclusi\u00f3, el treball en equip i la capacitat de gaudir del joc de la vida. Una obra fresca, divertida i profundament humana que deixa clar que a l'escenari, com als Jocs Ol\u00edmpics, el que \u00e9s important no \u00e9s guanyar, sin\u00f3 participar\u2026 i compartir.<\/p><p data-start=\"3056\" data-end=\"3323\">Amb aquesta estrena, el grup <a href=\"https:\/\/fenomensassociacio.org\/va\/\"><span style=\"color: #ff6600;\"><strong>\u00a0FEN\u00d2MENS<\/strong><\/span><\/a> reafirma el comprom\u00eds amb un teatre accessible, ple de talent i emoci\u00f3, capa\u00e7 de trencar barreres i omplir de llum el panorama cultural de Vinar\u00f2s. Una nit m\u00e0gica que quedar\u00e0 gravada a la mem\u00f2ria de tots els assistents.<\/p>\t\t\t\t\t\t\t\t<\/div>\n\t\t\t\t<\/div>\n\t\t\t\t\t<\/div>\n\t\t\t\t<\/div>\n\t\t<div class=\"elementor-element elementor-element-11b3ffe e-flex e-con-boxed e-con e-parent\" data-id=\"11b3ffe\" data-element_type=\"container\" data-e-type=\"container\" data-settings=\"{&quot;jet_parallax_layout_list&quot;:[]}\">\n\t\t\t\t\t<div class=\"e-con-inner\">\n\t\t\t\t<div class=\"elementor-element elementor-element-745298d elementor-arrows-position-inside elementor-pagination-position-outside elementor-widget elementor-widget-image-carousel\" data-id=\"745298d\" data-element_type=\"widget\" data-e-type=\"widget\" data-settings=\"{&quot;navigation&quot;:&quot;both&quot;,&quot;autoplay&quot;:&quot;yes&quot;,&quot;pause_on_hover&quot;:&quot;yes&quot;,&quot;pause_on_interaction&quot;:&quot;yes&quot;,&quot;autoplay_speed&quot;:5000,&quot;infinite&quot;:&quot;yes&quot;,&quot;speed&quot;:500}\" data-widget_type=\"image-carousel.default\">\n\t\t\t\t<div class=\"elementor-widget-container\">\n\t\t\t\t\t\t\t<div class=\"elementor-image-carousel-wrapper swiper\" role=\"region\" aria-roledescription=\"carousel\" aria-label=\"Carrusel d&#039;imatges\" dir=\"ltr\">\n\t\t\t<div class=\"elementor-image-carousel swiper-wrapper\" aria-live=\"off\">\n\t\t\t\t\t\t\t\t<div class=\"swiper-slide\" role=\"group\" aria-roledescription=\"slide\" aria-label=\"1 de 4\" data-no-translation-aria-label=\"\"><figure class=\"swiper-slide-inner\"><img decoding=\"async\" class=\"swiper-slide-image\" src=\"https:\/\/fenomensassociacio.org\/wp-content\/uploads\/2025\/11\/IMG-20251102-WA0025-300x225.webp\" alt=\"nataci\u00f3n sincronizada\" \/><\/figure><\/div><div class=\"swiper-slide\" role=\"group\" aria-roledescription=\"slide\" aria-label=\"2 de 4\" data-no-translation-aria-label=\"\"><figure class=\"swiper-slide-inner\"><img decoding=\"async\" class=\"swiper-slide-image\" src=\"https:\/\/fenomensassociacio.org\/wp-content\/uploads\/2025\/11\/IMG-20251102-WA0042-300x225.webp\" alt=\"Final de la obra\" \/><\/figure><\/div><div class=\"swiper-slide\" role=\"group\" aria-roledescription=\"slide\" aria-label=\"3 de 4\" data-no-translation-aria-label=\"\"><figure class=\"swiper-slide-inner\"><img decoding=\"async\" class=\"swiper-slide-image\" src=\"https:\/\/fenomensassociacio.org\/wp-content\/uploads\/2025\/11\/IMG-20251102-WA0014-300x225.webp\" alt=\"Presentaci\u00f3n naciones participantes\" \/><\/figure><\/div><div class=\"swiper-slide\" role=\"group\" aria-roledescription=\"slide\" aria-label=\"4 de 4\" data-no-translation-aria-label=\"\"><figure class=\"swiper-slide-inner\"><img decoding=\"async\" class=\"swiper-slide-image\" src=\"https:\/\/fenomensassociacio.org\/wp-content\/uploads\/2025\/11\/IMG-20251102-WA0023-300x225.webp\" alt=\"Prueba levantamiento de peso\" \/><\/figure><\/div>\t\t\t<\/div>\n\t\t\t\t\t\t\t\t\t\t\t\t<div class=\"elementor-swiper-button elementor-swiper-button-prev\" role=\"button\" tabindex=\"0\">\n\t\t\t\t\t\t<svg aria-hidden=\"true\" class=\"e-font-icon-svg e-eicon-chevron-left\" viewbox=\"0 0 1000 1000\" xmlns=\"http:\/\/www.w3.org\/2000\/svg\"><path d=\"M646 125C629 125 613 133 604 142L308 442C296 454 292 471 292 487 292 504 296 521 308 533L604 854C617 867 629 875 646 875 663 875 679 871 692 858 704 846 713 829 713 812 713 796 708 779 692 767L438 487 692 225C700 217 708 204 708 187 708 171 704 154 692 142 675 129 663 125 646 125Z\"><\/path><\/svg>\t\t\t\t\t<\/div>\n\t\t\t\t\t<div class=\"elementor-swiper-button elementor-swiper-button-next\" role=\"button\" tabindex=\"0\">\n\t\t\t\t\t\t<svg aria-hidden=\"true\" class=\"e-font-icon-svg e-eicon-chevron-right\" viewbox=\"0 0 1000 1000\" xmlns=\"http:\/\/www.w3.org\/2000\/svg\"><path d=\"M696 533C708 521 713 504 713 487 713 471 708 454 696 446L400 146C388 133 375 125 354 125 338 125 325 129 313 142 300 154 292 171 292 187 292 204 296 221 308 233L563 492 304 771C292 783 288 800 288 817 288 833 296 850 308 863 321 871 338 875 354 875 371 875 388 867 400 854L696 533Z\"><\/path><\/svg>\t\t\t\t\t<\/div>\n\t\t\t\t\n\t\t\t\t\t\t\t\t\t<div class=\"swiper-pagination\"><\/div>\n\t\t\t\t\t\t\t\t\t<\/div>\n\t\t\t\t\t\t<\/div>\n\t\t\t\t<\/div>\n\t\t\t\t\t<\/div>\n\t\t\t\t<\/div>\n\t\t\t\t<\/div>","protected":false},"excerpt":{"rendered":"<p>El s\u00e1bado 1 de noviembre, el Auditorio Wenceslao Ayguals de Vinar\u00f2s vivi\u00f3 una noche extraordinaria con el estreno de la obra \u201cFENOMIA: Juegos Ol\u00edmpicos 2025\u201d, presentada por el grupo de teatro \u00a0FEN\u00d2MENS, formado por personas con discapacidad intelectual. Bajo la direcci\u00f3n de \u00a0 Susana Border\u00eda y \u00a0Paula L\u00f3pez, la representaci\u00f3n se convirti\u00f3 en un aut\u00e9ntico [&hellip;]<\/p>\n","protected":false},"author":1,"featured_media":5657,"comment_status":"open","ping_status":"closed","sticky":false,"template":"","format":"standard","meta":{"footnotes":""},"categories":[1],"tags":[],"class_list":["post-5654","post","type-post","status-publish","format-standard","has-post-thumbnail","hentry","category-uncategorized"],"yoast_head":"<!-- This site is optimized with the Yoast SEO plugin v27.5 - https:\/\/yoast.com\/product\/yoast-seo-wordpress\/ -->\n<title>FENOMIA deslumbra Vinar\u00f2s con un estreno inclusivo - Fenomens<\/title>\n<meta name=\"description\" content=\"Gran \u00e9xito en el Auditorio Wenceslao Ayg\u00fcals de Vinar\u00f2s con \u201cFENOMIA: Juegos Ol\u00edmpicos 2025\u201d, una obra de teatro inclusivo llena de humor y emoci\u00f3n.\" \/>\n<meta name=\"robots\" content=\"index, follow, max-snippet:-1, max-image-preview:large, max-video-preview:-1\" \/>\n<link rel=\"canonical\" href=\"https:\/\/fenomensassociacio.org\/va\/fenomia-juegos-olimpicos-2025-vinaros\/\" \/>\n<meta property=\"og:locale\" content=\"ca_ES\" \/>\n<meta property=\"og:type\" content=\"article\" \/>\n<meta property=\"og:title\" content=\"FENOMIA deslumbra Vinar\u00f2s con un estreno inclusivo - Fenomens\" \/>\n<meta property=\"og:description\" content=\"Gran \u00e9xito en el Auditorio Wenceslao Ayg\u00fcals de Vinar\u00f2s con \u201cFENOMIA: Juegos Ol\u00edmpicos 2025\u201d, una obra de teatro inclusivo llena de humor y emoci\u00f3n.\" \/>\n<meta property=\"og:url\" content=\"https:\/\/fenomensassociacio.org\/va\/fenomia-juegos-olimpicos-2025-vinaros\/\" \/>\n<meta property=\"og:site_name\" content=\"Fenomens\" \/>\n<meta property=\"article:publisher\" content=\"https:\/\/www.facebook.com\/elsfenomens\/?locale=es_ES\" \/>\n<meta property=\"article:published_time\" content=\"2025-11-02T16:58:45+00:00\" \/>\n<meta property=\"article:modified_time\" content=\"2025-11-02T17:15:37+00:00\" \/>\n<meta property=\"og:image\" content=\"https:\/\/fenomensassociacio.org\/wp-content\/uploads\/2025\/11\/IMG-20251102-WA0002.webp\" \/>\n\t<meta property=\"og:image:width\" content=\"2048\" \/>\n\t<meta property=\"og:image:height\" content=\"1536\" \/>\n\t<meta property=\"og:image:type\" content=\"image\/webp\" \/>\n<meta name=\"author\" content=\"admin\" \/>\n<meta name=\"twitter:card\" content=\"summary_large_image\" \/>\n<meta name=\"twitter:label1\" content=\"Escrit per\" \/>\n\t<meta name=\"twitter:data1\" content=\"admin\" \/>\n\t<meta name=\"twitter:label2\" content=\"Temps estimat de lectura\" \/>\n\t<meta name=\"twitter:data2\" content=\"5 minuts\" \/>\n<script type=\"application\/ld+json\" class=\"yoast-schema-graph\">{\"@context\":\"https:\\\/\\\/schema.org\",\"@graph\":[{\"@type\":\"Article\",\"@id\":\"https:\\\/\\\/fenomensassociacio.org\\\/fenomia-juegos-olimpicos-2025-vinaros\\\/#article\",\"isPartOf\":{\"@id\":\"https:\\\/\\\/fenomensassociacio.org\\\/fenomia-juegos-olimpicos-2025-vinaros\\\/\"},\"author\":{\"name\":\"admin\",\"@id\":\"https:\\\/\\\/fenomensassociacio.org\\\/#\\\/schema\\\/person\\\/c1734ce1d720ad761110f905c22e4a6a\"},\"headline\":\"FENOMIA deslumbra Vinar\u00f2s con un estreno inclusivo\",\"datePublished\":\"2025-11-02T16:58:45+00:00\",\"dateModified\":\"2025-11-02T17:15:37+00:00\",\"mainEntityOfPage\":{\"@id\":\"https:\\\/\\\/fenomensassociacio.org\\\/fenomia-juegos-olimpicos-2025-vinaros\\\/\"},\"wordCount\":503,\"commentCount\":0,\"publisher\":{\"@id\":\"https:\\\/\\\/fenomensassociacio.org\\\/#organization\"},\"image\":{\"@id\":\"https:\\\/\\\/fenomensassociacio.org\\\/fenomia-juegos-olimpicos-2025-vinaros\\\/#primaryimage\"},\"thumbnailUrl\":\"https:\\\/\\\/fenomensassociacio.org\\\/wp-content\\\/uploads\\\/2025\\\/11\\\/IMG-20251102-WA0002.webp\",\"articleSection\":[\"Uncategorized\"],\"inLanguage\":\"ca\",\"potentialAction\":[{\"@type\":\"CommentAction\",\"name\":\"Comment\",\"target\":[\"https:\\\/\\\/fenomensassociacio.org\\\/fenomia-juegos-olimpicos-2025-vinaros\\\/#respond\"]}]},{\"@type\":\"WebPage\",\"@id\":\"https:\\\/\\\/fenomensassociacio.org\\\/fenomia-juegos-olimpicos-2025-vinaros\\\/\",\"url\":\"https:\\\/\\\/fenomensassociacio.org\\\/fenomia-juegos-olimpicos-2025-vinaros\\\/\",\"name\":\"FENOMIA deslumbra Vinar\u00f2s con un estreno inclusivo - Fenomens\",\"isPartOf\":{\"@id\":\"https:\\\/\\\/fenomensassociacio.org\\\/#website\"},\"primaryImageOfPage\":{\"@id\":\"https:\\\/\\\/fenomensassociacio.org\\\/fenomia-juegos-olimpicos-2025-vinaros\\\/#primaryimage\"},\"image\":{\"@id\":\"https:\\\/\\\/fenomensassociacio.org\\\/fenomia-juegos-olimpicos-2025-vinaros\\\/#primaryimage\"},\"thumbnailUrl\":\"https:\\\/\\\/fenomensassociacio.org\\\/wp-content\\\/uploads\\\/2025\\\/11\\\/IMG-20251102-WA0002.webp\",\"datePublished\":\"2025-11-02T16:58:45+00:00\",\"dateModified\":\"2025-11-02T17:15:37+00:00\",\"description\":\"Gran \u00e9xito en el Auditorio Wenceslao Ayg\u00fcals de Vinar\u00f2s con \u201cFENOMIA: Juegos Ol\u00edmpicos 2025\u201d, una obra de teatro inclusivo llena de humor y emoci\u00f3n.\",\"breadcrumb\":{\"@id\":\"https:\\\/\\\/fenomensassociacio.org\\\/fenomia-juegos-olimpicos-2025-vinaros\\\/#breadcrumb\"},\"inLanguage\":\"ca\",\"potentialAction\":[{\"@type\":\"ReadAction\",\"target\":[\"https:\\\/\\\/fenomensassociacio.org\\\/fenomia-juegos-olimpicos-2025-vinaros\\\/\"]}]},{\"@type\":\"ImageObject\",\"inLanguage\":\"ca\",\"@id\":\"https:\\\/\\\/fenomensassociacio.org\\\/fenomia-juegos-olimpicos-2025-vinaros\\\/#primaryimage\",\"url\":\"https:\\\/\\\/fenomensassociacio.org\\\/wp-content\\\/uploads\\\/2025\\\/11\\\/IMG-20251102-WA0002.webp\",\"contentUrl\":\"https:\\\/\\\/fenomensassociacio.org\\\/wp-content\\\/uploads\\\/2025\\\/11\\\/IMG-20251102-WA0002.webp\",\"width\":2048,\"height\":1536,\"caption\":\"Actores de la obra Fen\u00f2mia\"},{\"@type\":\"BreadcrumbList\",\"@id\":\"https:\\\/\\\/fenomensassociacio.org\\\/fenomia-juegos-olimpicos-2025-vinaros\\\/#breadcrumb\",\"itemListElement\":[{\"@type\":\"ListItem\",\"position\":1,\"name\":\"Portada\",\"item\":\"https:\\\/\\\/fenomensassociacio.org\\\/\"},{\"@type\":\"ListItem\",\"position\":2,\"name\":\"FENOMIA deslumbra Vinar\u00f2s con un estreno inclusivo\"}]},{\"@type\":\"WebSite\",\"@id\":\"https:\\\/\\\/fenomensassociacio.org\\\/#website\",\"url\":\"https:\\\/\\\/fenomensassociacio.org\\\/\",\"name\":\"Fenomens\",\"description\":\"Associaci\u00f3 de persones amb discapacitat intel.lectual\",\"publisher\":{\"@id\":\"https:\\\/\\\/fenomensassociacio.org\\\/#organization\"},\"potentialAction\":[{\"@type\":\"SearchAction\",\"target\":{\"@type\":\"EntryPoint\",\"urlTemplate\":\"https:\\\/\\\/fenomensassociacio.org\\\/?s={search_term_string}\"},\"query-input\":{\"@type\":\"PropertyValueSpecification\",\"valueRequired\":true,\"valueName\":\"search_term_string\"}}],\"inLanguage\":\"ca\"},{\"@type\":\"Organization\",\"@id\":\"https:\\\/\\\/fenomensassociacio.org\\\/#organization\",\"name\":\"Fenomens\",\"url\":\"https:\\\/\\\/fenomensassociacio.org\\\/\",\"logo\":{\"@type\":\"ImageObject\",\"inLanguage\":\"ca\",\"@id\":\"https:\\\/\\\/fenomensassociacio.org\\\/#\\\/schema\\\/logo\\\/image\\\/\",\"url\":\"https:\\\/\\\/fenomensassociacio.org\\\/wp-content\\\/uploads\\\/2020\\\/06\\\/logo_fenomens_color_sin_fondo_subtitulo.webp\",\"contentUrl\":\"https:\\\/\\\/fenomensassociacio.org\\\/wp-content\\\/uploads\\\/2020\\\/06\\\/logo_fenomens_color_sin_fondo_subtitulo.webp\",\"width\":2048,\"height\":1707,\"caption\":\"Fenomens\"},\"image\":{\"@id\":\"https:\\\/\\\/fenomensassociacio.org\\\/#\\\/schema\\\/logo\\\/image\\\/\"},\"sameAs\":[\"https:\\\/\\\/www.facebook.com\\\/elsfenomens\\\/?locale=es_ES\",\"https:\\\/\\\/www.instagram.com\\\/associacio_fenomens\\\/p\\\/DDjl2kbIsrU\\\/?img_index=1\"]},{\"@type\":\"Person\",\"@id\":\"https:\\\/\\\/fenomensassociacio.org\\\/#\\\/schema\\\/person\\\/c1734ce1d720ad761110f905c22e4a6a\",\"name\":\"admin\",\"image\":{\"@type\":\"ImageObject\",\"inLanguage\":\"ca\",\"@id\":\"https:\\\/\\\/fenomensassociacio.org\\\/wp-content\\\/litespeed\\\/avatar\\\/8a4c5022de4aad7118ebd8830ae8ea5f.jpg?ver=1776947167\",\"url\":\"https:\\\/\\\/fenomensassociacio.org\\\/wp-content\\\/litespeed\\\/avatar\\\/8a4c5022de4aad7118ebd8830ae8ea5f.jpg?ver=1776947167\",\"contentUrl\":\"https:\\\/\\\/fenomensassociacio.org\\\/wp-content\\\/litespeed\\\/avatar\\\/8a4c5022de4aad7118ebd8830ae8ea5f.jpg?ver=1776947167\",\"caption\":\"admin\"},\"sameAs\":[\"https:\\\/\\\/fenomensassociacio.org\"],\"url\":\"https:\\\/\\\/fenomensassociacio.org\\\/va\\\/author\\\/fenomensa\\\/\"}]}<\/script>\n<!-- \/ Yoast SEO plugin. -->","yoast_head_json":{"title":"FENOMIA deslumbra Vinar\u00f2s con un estreno inclusivo - Fenomens","description":"Gran \u00e9xito en el Auditorio Wenceslao Ayg\u00fcals de Vinar\u00f2s con \u201cFENOMIA: Juegos Ol\u00edmpicos 2025\u201d, una obra de teatro inclusivo llena de humor y emoci\u00f3n.","robots":{"index":"index","follow":"follow","max-snippet":"max-snippet:-1","max-image-preview":"max-image-preview:large","max-video-preview":"max-video-preview:-1"},"canonical":"https:\/\/fenomensassociacio.org\/va\/fenomia-juegos-olimpicos-2025-vinaros\/","og_locale":"ca_ES","og_type":"article","og_title":"FENOMIA deslumbra Vinar\u00f2s con un estreno inclusivo - Fenomens","og_description":"Gran \u00e9xito en el Auditorio Wenceslao Ayg\u00fcals de Vinar\u00f2s con \u201cFENOMIA: Juegos Ol\u00edmpicos 2025\u201d, una obra de teatro inclusivo llena de humor y emoci\u00f3n.","og_url":"https:\/\/fenomensassociacio.org\/va\/fenomia-juegos-olimpicos-2025-vinaros\/","og_site_name":"Fenomens","article_publisher":"https:\/\/www.facebook.com\/elsfenomens\/?locale=es_ES","article_published_time":"2025-11-02T16:58:45+00:00","article_modified_time":"2025-11-02T17:15:37+00:00","og_image":[{"width":2048,"height":1536,"url":"https:\/\/fenomensassociacio.org\/wp-content\/uploads\/2025\/11\/IMG-20251102-WA0002.webp","type":"image\/webp"}],"author":"admin","twitter_card":"summary_large_image","twitter_misc":{"Escrit per":"admin","Temps estimat de lectura":"5 minuts"},"schema":{"@context":"https:\/\/schema.org","@graph":[{"@type":"Article","@id":"https:\/\/fenomensassociacio.org\/fenomia-juegos-olimpicos-2025-vinaros\/#article","isPartOf":{"@id":"https:\/\/fenomensassociacio.org\/fenomia-juegos-olimpicos-2025-vinaros\/"},"author":{"name":"admin","@id":"https:\/\/fenomensassociacio.org\/#\/schema\/person\/c1734ce1d720ad761110f905c22e4a6a"},"headline":"FENOMIA deslumbra Vinar\u00f2s con un estreno inclusivo","datePublished":"2025-11-02T16:58:45+00:00","dateModified":"2025-11-02T17:15:37+00:00","mainEntityOfPage":{"@id":"https:\/\/fenomensassociacio.org\/fenomia-juegos-olimpicos-2025-vinaros\/"},"wordCount":503,"commentCount":0,"publisher":{"@id":"https:\/\/fenomensassociacio.org\/#organization"},"image":{"@id":"https:\/\/fenomensassociacio.org\/fenomia-juegos-olimpicos-2025-vinaros\/#primaryimage"},"thumbnailUrl":"https:\/\/fenomensassociacio.org\/wp-content\/uploads\/2025\/11\/IMG-20251102-WA0002.webp","articleSection":["Uncategorized"],"inLanguage":"ca","potentialAction":[{"@type":"CommentAction","name":"Comment","target":["https:\/\/fenomensassociacio.org\/fenomia-juegos-olimpicos-2025-vinaros\/#respond"]}]},{"@type":"WebPage","@id":"https:\/\/fenomensassociacio.org\/fenomia-juegos-olimpicos-2025-vinaros\/","url":"https:\/\/fenomensassociacio.org\/fenomia-juegos-olimpicos-2025-vinaros\/","name":"FENOMIA deslumbra Vinar\u00f2s con un estreno inclusivo - Fenomens","isPartOf":{"@id":"https:\/\/fenomensassociacio.org\/#website"},"primaryImageOfPage":{"@id":"https:\/\/fenomensassociacio.org\/fenomia-juegos-olimpicos-2025-vinaros\/#primaryimage"},"image":{"@id":"https:\/\/fenomensassociacio.org\/fenomia-juegos-olimpicos-2025-vinaros\/#primaryimage"},"thumbnailUrl":"https:\/\/fenomensassociacio.org\/wp-content\/uploads\/2025\/11\/IMG-20251102-WA0002.webp","datePublished":"2025-11-02T16:58:45+00:00","dateModified":"2025-11-02T17:15:37+00:00","description":"Gran \u00e9xito en el Auditorio Wenceslao Ayg\u00fcals de Vinar\u00f2s con \u201cFENOMIA: Juegos Ol\u00edmpicos 2025\u201d, una obra de teatro inclusivo llena de humor y emoci\u00f3n.","breadcrumb":{"@id":"https:\/\/fenomensassociacio.org\/fenomia-juegos-olimpicos-2025-vinaros\/#breadcrumb"},"inLanguage":"ca","potentialAction":[{"@type":"ReadAction","target":["https:\/\/fenomensassociacio.org\/fenomia-juegos-olimpicos-2025-vinaros\/"]}]},{"@type":"ImageObject","inLanguage":"ca","@id":"https:\/\/fenomensassociacio.org\/fenomia-juegos-olimpicos-2025-vinaros\/#primaryimage","url":"https:\/\/fenomensassociacio.org\/wp-content\/uploads\/2025\/11\/IMG-20251102-WA0002.webp","contentUrl":"https:\/\/fenomensassociacio.org\/wp-content\/uploads\/2025\/11\/IMG-20251102-WA0002.webp","width":2048,"height":1536,"caption":"Actores de la obra Fen\u00f2mia"},{"@type":"BreadcrumbList","@id":"https:\/\/fenomensassociacio.org\/fenomia-juegos-olimpicos-2025-vinaros\/#breadcrumb","itemListElement":[{"@type":"ListItem","position":1,"name":"Portada","item":"https:\/\/fenomensassociacio.org\/"},{"@type":"ListItem","position":2,"name":"FENOMIA deslumbra Vinar\u00f2s con un estreno inclusivo"}]},{"@type":"WebSite","@id":"https:\/\/fenomensassociacio.org\/#website","url":"https:\/\/fenomensassociacio.org\/","name":"Fenomens","description":"Associaci\u00f3 de persones amb discapacitat intel.lectual","publisher":{"@id":"https:\/\/fenomensassociacio.org\/#organization"},"potentialAction":[{"@type":"SearchAction","target":{"@type":"EntryPoint","urlTemplate":"https:\/\/fenomensassociacio.org\/?s={search_term_string}"},"query-input":{"@type":"PropertyValueSpecification","valueRequired":true,"valueName":"search_term_string"}}],"inLanguage":"ca"},{"@type":"Organization","@id":"https:\/\/fenomensassociacio.org\/#organization","name":"Fenomens","url":"https:\/\/fenomensassociacio.org\/","logo":{"@type":"ImageObject","inLanguage":"ca","@id":"https:\/\/fenomensassociacio.org\/#\/schema\/logo\/image\/","url":"https:\/\/fenomensassociacio.org\/wp-content\/uploads\/2020\/06\/logo_fenomens_color_sin_fondo_subtitulo.webp","contentUrl":"https:\/\/fenomensassociacio.org\/wp-content\/uploads\/2020\/06\/logo_fenomens_color_sin_fondo_subtitulo.webp","width":2048,"height":1707,"caption":"Fenomens"},"image":{"@id":"https:\/\/fenomensassociacio.org\/#\/schema\/logo\/image\/"},"sameAs":["https:\/\/www.facebook.com\/elsfenomens\/?locale=es_ES","https:\/\/www.instagram.com\/associacio_fenomens\/p\/DDjl2kbIsrU\/?img_index=1"]},{"@type":"Person","@id":"https:\/\/fenomensassociacio.org\/#\/schema\/person\/c1734ce1d720ad761110f905c22e4a6a","name":"admin","image":{"@type":"ImageObject","inLanguage":"ca","@id":"https:\/\/fenomensassociacio.org\/wp-content\/litespeed\/avatar\/8a4c5022de4aad7118ebd8830ae8ea5f.jpg?ver=1776947167","url":"https:\/\/fenomensassociacio.org\/wp-content\/litespeed\/avatar\/8a4c5022de4aad7118ebd8830ae8ea5f.jpg?ver=1776947167","contentUrl":"https:\/\/fenomensassociacio.org\/wp-content\/litespeed\/avatar\/8a4c5022de4aad7118ebd8830ae8ea5f.jpg?ver=1776947167","caption":"admin"},"sameAs":["https:\/\/fenomensassociacio.org"],"url":"https:\/\/fenomensassociacio.org\/va\/author\/fenomensa\/"}]}},"_links":{"self":[{"href":"https:\/\/fenomensassociacio.org\/va\/wp-json\/wp\/v2\/posts\/5654","targetHints":{"allow":["GET"]}}],"collection":[{"href":"https:\/\/fenomensassociacio.org\/va\/wp-json\/wp\/v2\/posts"}],"about":[{"href":"https:\/\/fenomensassociacio.org\/va\/wp-json\/wp\/v2\/types\/post"}],"author":[{"embeddable":true,"href":"https:\/\/fenomensassociacio.org\/va\/wp-json\/wp\/v2\/users\/1"}],"replies":[{"embeddable":true,"href":"https:\/\/fenomensassociacio.org\/va\/wp-json\/wp\/v2\/comments?post=5654"}],"version-history":[{"count":4,"href":"https:\/\/fenomensassociacio.org\/va\/wp-json\/wp\/v2\/posts\/5654\/revisions"}],"predecessor-version":[{"id":5664,"href":"https:\/\/fenomensassociacio.org\/va\/wp-json\/wp\/v2\/posts\/5654\/revisions\/5664"}],"wp:featuredmedia":[{"embeddable":true,"href":"https:\/\/fenomensassociacio.org\/va\/wp-json\/wp\/v2\/media\/5657"}],"wp:attachment":[{"href":"https:\/\/fenomensassociacio.org\/va\/wp-json\/wp\/v2\/media?parent=5654"}],"wp:term":[{"taxonomy":"category","embeddable":true,"href":"https:\/\/fenomensassociacio.org\/va\/wp-json\/wp\/v2\/categories?post=5654"},{"taxonomy":"post_tag","embeddable":true,"href":"https:\/\/fenomensassociacio.org\/va\/wp-json\/wp\/v2\/tags?post=5654"}],"curies":[{"name":"wp","href":"https:\/\/api.w.org\/{rel}","templated":true}]}}