{"id":5714,"date":"2025-11-12T12:17:07","date_gmt":"2025-11-12T11:17:07","guid":{"rendered":"https:\/\/fenomensassociacio.org\/?p=5714"},"modified":"2025-11-17T11:58:22","modified_gmt":"2025-11-17T10:58:22","slug":"gala-endavant-2025-villarreal-cf-uji","status":"publish","type":"post","link":"https:\/\/fenomensassociacio.org\/va\/gala-endavant-2025-villarreal-cf-uji\/","title":{"rendered":"PERCUFEN\u00d2MENS  a la Gala Endavant"},"content":{"rendered":"<div data-elementor-type=\"wp-post\" data-elementor-id=\"5714\" class=\"elementor elementor-5714\" data-elementor-post-type=\"post\">\n\t\t\t\t<div class=\"elementor-element elementor-element-4e39365 e-flex e-con-boxed e-con e-parent\" data-id=\"4e39365\" data-element_type=\"container\" data-e-type=\"container\" data-settings=\"{&quot;jet_parallax_layout_list&quot;:[]}\">\n\t\t\t\t\t<div class=\"e-con-inner\">\n\t\t\t\t<div class=\"elementor-element elementor-element-edfca0a elementor-drop-cap-yes elementor-drop-cap-view-default elementor-widget elementor-widget-text-editor\" data-id=\"edfca0a\" data-element_type=\"widget\" data-e-type=\"widget\" data-settings=\"{&quot;drop_cap&quot;:&quot;yes&quot;}\" data-widget_type=\"text-editor.default\">\n\t\t\t\t<div class=\"elementor-widget-container\">\n\t\t\t\t\t\t\t\t\t<p data-start=\"1140\" data-end=\"1410\">El <a href=\"https:\/\/villarrealcf.es\/\"><strong data-start=\"1143\" data-end=\"1160\">\u00a0Villarreal CF <\/strong><\/a> va celebrar el passat 11 de novembre del 2025 una nova edici\u00f3 del seua tradicional <span style=\"color: #ffcc00;\"><strong data-start=\"1243\" data-end=\"1260\">\u00a0Gala Endavant<\/strong><\/span>, l'esdeveniment anual amb qu\u00e8 el club castellonenc reconeix la tasca social, cultural i esportiva desenvolupada a trav\u00e9s del seu programa Endavant.<\/p><p data-start=\"1412\" data-end=\"1638\">El Paranimf de la Universitat Jaume I de Castell\u00f3 va ser l'escenari elegit per a aquesta cita, que va aplegar m\u00e9s de 500 persones, entre representants institucionals, esportistes, membres del club i p\u00fablic general.<\/p><p data-start=\"1640\" data-end=\"1830\">La gala va ser condu\u00efda amb humor i professionalitat pel presentador<a href=\"https:\/\/carloslatre.com\/\"><strong data-start=\"1697\" data-end=\"1725\">\u00a0 Carlos Latre\u00a0<\/strong><\/a> i la periodista esportiva<a href=\"https:\/\/www.instagram.com\/monicabenavent\/?hl=es\"><strong data-start=\"1731\" data-end=\"1771\">\u00a0 M\u00f3nica Benavent<\/strong><\/a>, els qui van guiar l'acte amb un to proper i din\u00e0mic.<\/p><p data-start=\"1832\" data-end=\"2068\">L\u00b4apartat musical va arrencar amb l\u00b4actuaci\u00f3 del grup valenci\u00e0 \u00a0<a href=\"https:\/\/www.instagram.com\/somoslapelona\/\"><strong data-start=\"1898\" data-end=\"1911\">La Pelona<\/strong><\/a>, guanyadors del certamen<span style=\"color: #ffcc00;\"> <strong data-start=\"1936\" data-end=\"1951\">\u00a0Grok Talent<\/strong><\/span>, que van encendre l'ambient amb la seva barreja de rock i ska, aportant frescor i energia a l'inici de la vetllada.<\/p><p data-start=\"2070\" data-end=\"2777\">Tot seguit, l'escenari va cobrar vida amb l'esperada actuaci\u00f3 de la batucada <a href=\"https:\/\/fenomensassociacio.org\/va\/\"><span style=\"color: #ff6600;\"><strong data-start=\"2151\" data-end=\"2168\">\u00a0PERCUFENOMENS<\/strong><\/span><\/a>, un dels instants m\u00e9s intensos i memorables de la vetllada. La seva impecable sincronia i la profunditat de la seva percussi\u00f3 van embolicar l'auditori en una atmosfera de for\u00e7a i d'entusiasme col\u00b7lectiu. Amb un estil genu\u00ed i una pres\u00e8ncia esc\u00e8nica poderosa, el grup va evidenciar com la m\u00fasica es pot convertir en un llenguatge d'uni\u00f3, inclusi\u00f3 i emoci\u00f3 compartida.<br data-start=\"2528\" data-end=\"2531\" \/>Des d'aquest espai, volem agrair al Vila-real CF per comptar amb la pres\u00e8ncia de <a href=\"https:\/\/fenomensassociacio.org\/va\/\"><span style=\"color: #ff6600;\"><strong data-start=\"2622\" data-end=\"2639\">\u00a0PERCUFENOMENS<\/strong><\/span><\/a> en aquesta gala, brindant-los l'oportunitat de mostrar el seu talent i contribuir a l'esperit solidari que defineix el projecte Endavant.<\/p><p data-start=\"2779\" data-end=\"3130\">L'acte va comptar amb la pres\u00e8ncia del president del Vila-real CF, Fernando Roig, l'entrenador Marcelino Garc\u00eda Toral, i jugadors del primer equip com Gerard Moreno, Alfonso Pedraza i Dani Parejo, que van participar en els reconeixements i van compartir unes paraules d'agra\u00efment cap a les entitats col\u00b7laboradores del programa.<\/p><p data-start=\"3132\" data-end=\"3501\">La <span style=\"color: #ffcc00;\"><strong data-start=\"3135\" data-end=\"3157\">\u00a0Gala Endavant 2025 <\/strong><\/span>\u00a0va reafirmar una vegada m\u00e9s el comprom\u00eds del <span style=\"color: #ffcc00;\"><strong data-start=\"3197\" data-end=\"3214\">\u00a0<a href=\"https:\/\/villarrealcf.es\/\">Villarreal CF <\/a><\/strong><\/span>\u00a0amb el seu entorn i amb els valors que transcendeixen el terreny de joc. Una vetllada marcada per l'emoci\u00f3, la m\u00fasica i la solidaritat, on el ritme de <strong data-start=\"3366\" data-end=\"3383\">\u00a0<a href=\"https:\/\/fenomensassociacio.org\/va\/\"><span style=\"color: #ff6600;\">PERCUFENOMENS <\/span><\/a><\/strong>\u00a0i l'energia de <strong data-start=\"3400\" data-end=\"3413\">\u00a0<a href=\"https:\/\/www.instagram.com\/somoslapelona\/\">La Pelona <\/a><\/strong>\u00a0van posar la banda sonora a una nit inoblidable al cor groc de Castell\u00f3.<\/p>\t\t\t\t\t\t\t\t<\/div>\n\t\t\t\t<\/div>\n\t\t\t\t<div class=\"elementor-element elementor-element-172912e elementor-arrows-position-inside elementor-pagination-position-outside elementor-widget elementor-widget-image-carousel\" data-id=\"172912e\" data-element_type=\"widget\" data-e-type=\"widget\" data-settings=\"{&quot;slides_to_show&quot;:&quot;2&quot;,&quot;navigation&quot;:&quot;both&quot;,&quot;autoplay&quot;:&quot;yes&quot;,&quot;pause_on_hover&quot;:&quot;yes&quot;,&quot;pause_on_interaction&quot;:&quot;yes&quot;,&quot;autoplay_speed&quot;:5000,&quot;infinite&quot;:&quot;yes&quot;,&quot;speed&quot;:500}\" data-widget_type=\"image-carousel.default\">\n\t\t\t\t<div class=\"elementor-widget-container\">\n\t\t\t\t\t\t\t<div class=\"elementor-image-carousel-wrapper swiper\" role=\"region\" aria-roledescription=\"carousel\" aria-label=\"Carrusel d&#039;imatges\" dir=\"ltr\">\n\t\t\t<div class=\"elementor-image-carousel swiper-wrapper\" aria-live=\"off\">\n\t\t\t\t\t\t\t\t<div class=\"swiper-slide\" role=\"group\" aria-roledescription=\"slide\" aria-label=\"1 de 4\" data-no-translation-aria-label=\"\"><figure class=\"swiper-slide-inner\"><img decoding=\"async\" class=\"swiper-slide-image\" src=\"https:\/\/fenomensassociacio.org\/wp-content\/uploads\/2025\/11\/Foto-Percufenomens-400x400.webp\" alt=\"Foto Percufen\u00f2mens\" \/><\/figure><\/div><div class=\"swiper-slide\" role=\"group\" aria-roledescription=\"slide\" aria-label=\"2 de 4\" data-no-translation-aria-label=\"\"><figure class=\"swiper-slide-inner\"><img decoding=\"async\" class=\"swiper-slide-image\" src=\"https:\/\/fenomensassociacio.org\/wp-content\/uploads\/2025\/11\/foto-Call-de-Percufenomens-con-jugadores-Benicarlo-Baloncesto-400x400.webp\" alt=\"Foto call de Percufen\u00f2mens con jugadores Benicarl\u00f3 Baloncesto\" \/><\/figure><\/div><div class=\"swiper-slide\" role=\"group\" aria-roledescription=\"slide\" aria-label=\"3 de 4\" data-no-translation-aria-label=\"\"><figure class=\"swiper-slide-inner\"><img decoding=\"async\" class=\"swiper-slide-image\" src=\"https:\/\/fenomensassociacio.org\/wp-content\/uploads\/2025\/11\/Foto-call-de-Fenomens-400x400.webp\" alt=\"Foto call de Fen\u00f2mens\" \/><\/figure><\/div><div class=\"swiper-slide\" role=\"group\" aria-roledescription=\"slide\" aria-label=\"4 de 4\" data-no-translation-aria-label=\"\"><figure class=\"swiper-slide-inner\"><img decoding=\"async\" class=\"swiper-slide-image\" src=\"https:\/\/fenomensassociacio.org\/wp-content\/uploads\/2025\/11\/Batucada-con-grupo-musica-La-Pelona-400x400.webp\" alt=\"Batucada con grupo m\u00fasica La Pelona\" \/><\/figure><\/div>\t\t\t<\/div>\n\t\t\t\t\t\t\t\t\t\t\t\t<div class=\"elementor-swiper-button elementor-swiper-button-prev\" role=\"button\" tabindex=\"0\">\n\t\t\t\t\t\t<svg aria-hidden=\"true\" class=\"e-font-icon-svg e-eicon-chevron-left\" viewbox=\"0 0 1000 1000\" xmlns=\"http:\/\/www.w3.org\/2000\/svg\"><path d=\"M646 125C629 125 613 133 604 142L308 442C296 454 292 471 292 487 292 504 296 521 308 533L604 854C617 867 629 875 646 875 663 875 679 871 692 858 704 846 713 829 713 812 713 796 708 779 692 767L438 487 692 225C700 217 708 204 708 187 708 171 704 154 692 142 675 129 663 125 646 125Z\"><\/path><\/svg>\t\t\t\t\t<\/div>\n\t\t\t\t\t<div class=\"elementor-swiper-button elementor-swiper-button-next\" role=\"button\" tabindex=\"0\">\n\t\t\t\t\t\t<svg aria-hidden=\"true\" class=\"e-font-icon-svg e-eicon-chevron-right\" viewbox=\"0 0 1000 1000\" xmlns=\"http:\/\/www.w3.org\/2000\/svg\"><path d=\"M696 533C708 521 713 504 713 487 713 471 708 454 696 446L400 146C388 133 375 125 354 125 338 125 325 129 313 142 300 154 292 171 292 187 292 204 296 221 308 233L563 492 304 771C292 783 288 800 288 817 288 833 296 850 308 863 321 871 338 875 354 875 371 875 388 867 400 854L696 533Z\"><\/path><\/svg>\t\t\t\t\t<\/div>\n\t\t\t\t\n\t\t\t\t\t\t\t\t\t<div class=\"swiper-pagination\"><\/div>\n\t\t\t\t\t\t\t\t\t<\/div>\n\t\t\t\t\t\t<\/div>\n\t\t\t\t<\/div>\n\t\t\t\t\t<\/div>\n\t\t\t\t<\/div>\n\t\t\t\t<\/div>","protected":false},"excerpt":{"rendered":"<p>El \u00a0Villarreal CF celebr\u00f3 el pasado 11 de noviembre de 2025 una nueva edici\u00f3n de su tradicional \u00a0Gala Endavant, el evento anual con el que el club castellonense reconoce la labor social, cultural y deportiva desarrollada a trav\u00e9s de su programa Endavant. El Paraninfo de la Universitat Jaume I de Castell\u00f3n fue el escenario elegido [&hellip;]<\/p>\n","protected":false},"author":1,"featured_media":5715,"comment_status":"open","ping_status":"closed","sticky":false,"template":"","format":"standard","meta":{"footnotes":""},"categories":[1],"tags":[],"class_list":["post-5714","post","type-post","status-publish","format-standard","has-post-thumbnail","hentry","category-uncategorized"],"yoast_head":"<!-- This site is optimized with the Yoast SEO plugin v27.5 - https:\/\/yoast.com\/product\/yoast-seo-wordpress\/ -->\n<title>PERCUFEN\u00d2MENS en la Gala Endavant - Fenomens<\/title>\n<meta name=\"description\" content=\"La Gala Endavant 2025 del Villarreal CF reuni\u00f3 a m\u00e1s de 500 personas en la UJI con m\u00fasica, compromiso y la energ\u00eda de PERCUFEN\u00d2MENS.\" \/>\n<meta name=\"robots\" content=\"index, follow, max-snippet:-1, max-image-preview:large, max-video-preview:-1\" \/>\n<link rel=\"canonical\" href=\"https:\/\/fenomensassociacio.org\/va\/gala-endavant-2025-villarreal-cf-uji\/\" \/>\n<meta property=\"og:locale\" content=\"ca_ES\" \/>\n<meta property=\"og:type\" content=\"article\" \/>\n<meta property=\"og:title\" content=\"PERCUFEN\u00d2MENS en la Gala Endavant - Fenomens\" \/>\n<meta property=\"og:description\" content=\"La Gala Endavant 2025 del Villarreal CF reuni\u00f3 a m\u00e1s de 500 personas en la UJI con m\u00fasica, compromiso y la energ\u00eda de PERCUFEN\u00d2MENS.\" \/>\n<meta property=\"og:url\" content=\"https:\/\/fenomensassociacio.org\/va\/gala-endavant-2025-villarreal-cf-uji\/\" \/>\n<meta property=\"og:site_name\" content=\"Fenomens\" \/>\n<meta property=\"article:publisher\" content=\"https:\/\/www.facebook.com\/elsfenomens\/?locale=es_ES\" \/>\n<meta property=\"article:published_time\" content=\"2025-11-12T11:17:07+00:00\" \/>\n<meta property=\"article:modified_time\" content=\"2025-11-17T10:58:22+00:00\" \/>\n<meta property=\"og:image\" content=\"https:\/\/fenomensassociacio.org\/wp-content\/uploads\/2025\/11\/Actuacion-batucada.webp\" \/>\n\t<meta property=\"og:image:width\" content=\"1251\" \/>\n\t<meta property=\"og:image:height\" content=\"862\" \/>\n\t<meta property=\"og:image:type\" content=\"image\/webp\" \/>\n<meta name=\"author\" content=\"admin\" \/>\n<meta name=\"twitter:card\" content=\"summary_large_image\" \/>\n<meta name=\"twitter:label1\" content=\"Escrit per\" \/>\n\t<meta name=\"twitter:data1\" content=\"admin\" \/>\n\t<meta name=\"twitter:label2\" content=\"Temps estimat de lectura\" \/>\n\t<meta name=\"twitter:data2\" content=\"4 minuts\" \/>\n<script type=\"application\/ld+json\" class=\"yoast-schema-graph\">{\"@context\":\"https:\\\/\\\/schema.org\",\"@graph\":[{\"@type\":\"Article\",\"@id\":\"https:\\\/\\\/fenomensassociacio.org\\\/gala-endavant-2025-villarreal-cf-uji\\\/#article\",\"isPartOf\":{\"@id\":\"https:\\\/\\\/fenomensassociacio.org\\\/gala-endavant-2025-villarreal-cf-uji\\\/\"},\"author\":{\"name\":\"admin\",\"@id\":\"https:\\\/\\\/fenomensassociacio.org\\\/#\\\/schema\\\/person\\\/c1734ce1d720ad761110f905c22e4a6a\"},\"headline\":\"PERCUFEN\u00d2MENS en la Gala Endavant\",\"datePublished\":\"2025-11-12T11:17:07+00:00\",\"dateModified\":\"2025-11-17T10:58:22+00:00\",\"mainEntityOfPage\":{\"@id\":\"https:\\\/\\\/fenomensassociacio.org\\\/gala-endavant-2025-villarreal-cf-uji\\\/\"},\"wordCount\":389,\"commentCount\":0,\"publisher\":{\"@id\":\"https:\\\/\\\/fenomensassociacio.org\\\/#organization\"},\"image\":{\"@id\":\"https:\\\/\\\/fenomensassociacio.org\\\/gala-endavant-2025-villarreal-cf-uji\\\/#primaryimage\"},\"thumbnailUrl\":\"https:\\\/\\\/fenomensassociacio.org\\\/wp-content\\\/uploads\\\/2025\\\/11\\\/Actuacion-batucada.webp\",\"articleSection\":[\"Uncategorized\"],\"inLanguage\":\"ca\",\"potentialAction\":[{\"@type\":\"CommentAction\",\"name\":\"Comment\",\"target\":[\"https:\\\/\\\/fenomensassociacio.org\\\/gala-endavant-2025-villarreal-cf-uji\\\/#respond\"]}]},{\"@type\":\"WebPage\",\"@id\":\"https:\\\/\\\/fenomensassociacio.org\\\/gala-endavant-2025-villarreal-cf-uji\\\/\",\"url\":\"https:\\\/\\\/fenomensassociacio.org\\\/gala-endavant-2025-villarreal-cf-uji\\\/\",\"name\":\"PERCUFEN\u00d2MENS en la Gala Endavant - Fenomens\",\"isPartOf\":{\"@id\":\"https:\\\/\\\/fenomensassociacio.org\\\/#website\"},\"primaryImageOfPage\":{\"@id\":\"https:\\\/\\\/fenomensassociacio.org\\\/gala-endavant-2025-villarreal-cf-uji\\\/#primaryimage\"},\"image\":{\"@id\":\"https:\\\/\\\/fenomensassociacio.org\\\/gala-endavant-2025-villarreal-cf-uji\\\/#primaryimage\"},\"thumbnailUrl\":\"https:\\\/\\\/fenomensassociacio.org\\\/wp-content\\\/uploads\\\/2025\\\/11\\\/Actuacion-batucada.webp\",\"datePublished\":\"2025-11-12T11:17:07+00:00\",\"dateModified\":\"2025-11-17T10:58:22+00:00\",\"description\":\"La Gala Endavant 2025 del Villarreal CF reuni\u00f3 a m\u00e1s de 500 personas en la UJI con m\u00fasica, compromiso y la energ\u00eda de PERCUFEN\u00d2MENS.\",\"breadcrumb\":{\"@id\":\"https:\\\/\\\/fenomensassociacio.org\\\/gala-endavant-2025-villarreal-cf-uji\\\/#breadcrumb\"},\"inLanguage\":\"ca\",\"potentialAction\":[{\"@type\":\"ReadAction\",\"target\":[\"https:\\\/\\\/fenomensassociacio.org\\\/gala-endavant-2025-villarreal-cf-uji\\\/\"]}]},{\"@type\":\"ImageObject\",\"inLanguage\":\"ca\",\"@id\":\"https:\\\/\\\/fenomensassociacio.org\\\/gala-endavant-2025-villarreal-cf-uji\\\/#primaryimage\",\"url\":\"https:\\\/\\\/fenomensassociacio.org\\\/wp-content\\\/uploads\\\/2025\\\/11\\\/Actuacion-batucada.webp\",\"contentUrl\":\"https:\\\/\\\/fenomensassociacio.org\\\/wp-content\\\/uploads\\\/2025\\\/11\\\/Actuacion-batucada.webp\",\"width\":1251,\"height\":862,\"caption\":\"Actuaci\u00f3n batucada\"},{\"@type\":\"BreadcrumbList\",\"@id\":\"https:\\\/\\\/fenomensassociacio.org\\\/gala-endavant-2025-villarreal-cf-uji\\\/#breadcrumb\",\"itemListElement\":[{\"@type\":\"ListItem\",\"position\":1,\"name\":\"Portada\",\"item\":\"https:\\\/\\\/fenomensassociacio.org\\\/\"},{\"@type\":\"ListItem\",\"position\":2,\"name\":\"PERCUFEN\u00d2MENS en la Gala Endavant\"}]},{\"@type\":\"WebSite\",\"@id\":\"https:\\\/\\\/fenomensassociacio.org\\\/#website\",\"url\":\"https:\\\/\\\/fenomensassociacio.org\\\/\",\"name\":\"Fenomens\",\"description\":\"Associaci\u00f3 de persones amb discapacitat intel.lectual\",\"publisher\":{\"@id\":\"https:\\\/\\\/fenomensassociacio.org\\\/#organization\"},\"potentialAction\":[{\"@type\":\"SearchAction\",\"target\":{\"@type\":\"EntryPoint\",\"urlTemplate\":\"https:\\\/\\\/fenomensassociacio.org\\\/?s={search_term_string}\"},\"query-input\":{\"@type\":\"PropertyValueSpecification\",\"valueRequired\":true,\"valueName\":\"search_term_string\"}}],\"inLanguage\":\"ca\"},{\"@type\":\"Organization\",\"@id\":\"https:\\\/\\\/fenomensassociacio.org\\\/#organization\",\"name\":\"Fenomens\",\"url\":\"https:\\\/\\\/fenomensassociacio.org\\\/\",\"logo\":{\"@type\":\"ImageObject\",\"inLanguage\":\"ca\",\"@id\":\"https:\\\/\\\/fenomensassociacio.org\\\/#\\\/schema\\\/logo\\\/image\\\/\",\"url\":\"https:\\\/\\\/fenomensassociacio.org\\\/wp-content\\\/uploads\\\/2020\\\/06\\\/logo_fenomens_color_sin_fondo_subtitulo.webp\",\"contentUrl\":\"https:\\\/\\\/fenomensassociacio.org\\\/wp-content\\\/uploads\\\/2020\\\/06\\\/logo_fenomens_color_sin_fondo_subtitulo.webp\",\"width\":2048,\"height\":1707,\"caption\":\"Fenomens\"},\"image\":{\"@id\":\"https:\\\/\\\/fenomensassociacio.org\\\/#\\\/schema\\\/logo\\\/image\\\/\"},\"sameAs\":[\"https:\\\/\\\/www.facebook.com\\\/elsfenomens\\\/?locale=es_ES\",\"https:\\\/\\\/www.instagram.com\\\/associacio_fenomens\\\/p\\\/DDjl2kbIsrU\\\/?img_index=1\"]},{\"@type\":\"Person\",\"@id\":\"https:\\\/\\\/fenomensassociacio.org\\\/#\\\/schema\\\/person\\\/c1734ce1d720ad761110f905c22e4a6a\",\"name\":\"admin\",\"image\":{\"@type\":\"ImageObject\",\"inLanguage\":\"ca\",\"@id\":\"https:\\\/\\\/fenomensassociacio.org\\\/wp-content\\\/litespeed\\\/avatar\\\/8a4c5022de4aad7118ebd8830ae8ea5f.jpg?ver=1776947167\",\"url\":\"https:\\\/\\\/fenomensassociacio.org\\\/wp-content\\\/litespeed\\\/avatar\\\/8a4c5022de4aad7118ebd8830ae8ea5f.jpg?ver=1776947167\",\"contentUrl\":\"https:\\\/\\\/fenomensassociacio.org\\\/wp-content\\\/litespeed\\\/avatar\\\/8a4c5022de4aad7118ebd8830ae8ea5f.jpg?ver=1776947167\",\"caption\":\"admin\"},\"sameAs\":[\"https:\\\/\\\/fenomensassociacio.org\"],\"url\":\"https:\\\/\\\/fenomensassociacio.org\\\/va\\\/author\\\/fenomensa\\\/\"}]}<\/script>\n<!-- \/ Yoast SEO plugin. -->","yoast_head_json":{"title":"PERCUFEN\u00d2MENS en la Gala Endavant - Fenomens","description":"La Gala Endavant 2025 del Villarreal CF reuni\u00f3 a m\u00e1s de 500 personas en la UJI con m\u00fasica, compromiso y la energ\u00eda de PERCUFEN\u00d2MENS.","robots":{"index":"index","follow":"follow","max-snippet":"max-snippet:-1","max-image-preview":"max-image-preview:large","max-video-preview":"max-video-preview:-1"},"canonical":"https:\/\/fenomensassociacio.org\/va\/gala-endavant-2025-villarreal-cf-uji\/","og_locale":"ca_ES","og_type":"article","og_title":"PERCUFEN\u00d2MENS en la Gala Endavant - Fenomens","og_description":"La Gala Endavant 2025 del Villarreal CF reuni\u00f3 a m\u00e1s de 500 personas en la UJI con m\u00fasica, compromiso y la energ\u00eda de PERCUFEN\u00d2MENS.","og_url":"https:\/\/fenomensassociacio.org\/va\/gala-endavant-2025-villarreal-cf-uji\/","og_site_name":"Fenomens","article_publisher":"https:\/\/www.facebook.com\/elsfenomens\/?locale=es_ES","article_published_time":"2025-11-12T11:17:07+00:00","article_modified_time":"2025-11-17T10:58:22+00:00","og_image":[{"width":1251,"height":862,"url":"https:\/\/fenomensassociacio.org\/wp-content\/uploads\/2025\/11\/Actuacion-batucada.webp","type":"image\/webp"}],"author":"admin","twitter_card":"summary_large_image","twitter_misc":{"Escrit per":"admin","Temps estimat de lectura":"4 minuts"},"schema":{"@context":"https:\/\/schema.org","@graph":[{"@type":"Article","@id":"https:\/\/fenomensassociacio.org\/gala-endavant-2025-villarreal-cf-uji\/#article","isPartOf":{"@id":"https:\/\/fenomensassociacio.org\/gala-endavant-2025-villarreal-cf-uji\/"},"author":{"name":"admin","@id":"https:\/\/fenomensassociacio.org\/#\/schema\/person\/c1734ce1d720ad761110f905c22e4a6a"},"headline":"PERCUFEN\u00d2MENS en la Gala Endavant","datePublished":"2025-11-12T11:17:07+00:00","dateModified":"2025-11-17T10:58:22+00:00","mainEntityOfPage":{"@id":"https:\/\/fenomensassociacio.org\/gala-endavant-2025-villarreal-cf-uji\/"},"wordCount":389,"commentCount":0,"publisher":{"@id":"https:\/\/fenomensassociacio.org\/#organization"},"image":{"@id":"https:\/\/fenomensassociacio.org\/gala-endavant-2025-villarreal-cf-uji\/#primaryimage"},"thumbnailUrl":"https:\/\/fenomensassociacio.org\/wp-content\/uploads\/2025\/11\/Actuacion-batucada.webp","articleSection":["Uncategorized"],"inLanguage":"ca","potentialAction":[{"@type":"CommentAction","name":"Comment","target":["https:\/\/fenomensassociacio.org\/gala-endavant-2025-villarreal-cf-uji\/#respond"]}]},{"@type":"WebPage","@id":"https:\/\/fenomensassociacio.org\/gala-endavant-2025-villarreal-cf-uji\/","url":"https:\/\/fenomensassociacio.org\/gala-endavant-2025-villarreal-cf-uji\/","name":"PERCUFEN\u00d2MENS en la Gala Endavant - Fenomens","isPartOf":{"@id":"https:\/\/fenomensassociacio.org\/#website"},"primaryImageOfPage":{"@id":"https:\/\/fenomensassociacio.org\/gala-endavant-2025-villarreal-cf-uji\/#primaryimage"},"image":{"@id":"https:\/\/fenomensassociacio.org\/gala-endavant-2025-villarreal-cf-uji\/#primaryimage"},"thumbnailUrl":"https:\/\/fenomensassociacio.org\/wp-content\/uploads\/2025\/11\/Actuacion-batucada.webp","datePublished":"2025-11-12T11:17:07+00:00","dateModified":"2025-11-17T10:58:22+00:00","description":"La Gala Endavant 2025 del Villarreal CF reuni\u00f3 a m\u00e1s de 500 personas en la UJI con m\u00fasica, compromiso y la energ\u00eda de PERCUFEN\u00d2MENS.","breadcrumb":{"@id":"https:\/\/fenomensassociacio.org\/gala-endavant-2025-villarreal-cf-uji\/#breadcrumb"},"inLanguage":"ca","potentialAction":[{"@type":"ReadAction","target":["https:\/\/fenomensassociacio.org\/gala-endavant-2025-villarreal-cf-uji\/"]}]},{"@type":"ImageObject","inLanguage":"ca","@id":"https:\/\/fenomensassociacio.org\/gala-endavant-2025-villarreal-cf-uji\/#primaryimage","url":"https:\/\/fenomensassociacio.org\/wp-content\/uploads\/2025\/11\/Actuacion-batucada.webp","contentUrl":"https:\/\/fenomensassociacio.org\/wp-content\/uploads\/2025\/11\/Actuacion-batucada.webp","width":1251,"height":862,"caption":"Actuaci\u00f3n batucada"},{"@type":"BreadcrumbList","@id":"https:\/\/fenomensassociacio.org\/gala-endavant-2025-villarreal-cf-uji\/#breadcrumb","itemListElement":[{"@type":"ListItem","position":1,"name":"Portada","item":"https:\/\/fenomensassociacio.org\/"},{"@type":"ListItem","position":2,"name":"PERCUFEN\u00d2MENS en la Gala Endavant"}]},{"@type":"WebSite","@id":"https:\/\/fenomensassociacio.org\/#website","url":"https:\/\/fenomensassociacio.org\/","name":"Fenomens","description":"Associaci\u00f3 de persones amb discapacitat intel.lectual","publisher":{"@id":"https:\/\/fenomensassociacio.org\/#organization"},"potentialAction":[{"@type":"SearchAction","target":{"@type":"EntryPoint","urlTemplate":"https:\/\/fenomensassociacio.org\/?s={search_term_string}"},"query-input":{"@type":"PropertyValueSpecification","valueRequired":true,"valueName":"search_term_string"}}],"inLanguage":"ca"},{"@type":"Organization","@id":"https:\/\/fenomensassociacio.org\/#organization","name":"Fenomens","url":"https:\/\/fenomensassociacio.org\/","logo":{"@type":"ImageObject","inLanguage":"ca","@id":"https:\/\/fenomensassociacio.org\/#\/schema\/logo\/image\/","url":"https:\/\/fenomensassociacio.org\/wp-content\/uploads\/2020\/06\/logo_fenomens_color_sin_fondo_subtitulo.webp","contentUrl":"https:\/\/fenomensassociacio.org\/wp-content\/uploads\/2020\/06\/logo_fenomens_color_sin_fondo_subtitulo.webp","width":2048,"height":1707,"caption":"Fenomens"},"image":{"@id":"https:\/\/fenomensassociacio.org\/#\/schema\/logo\/image\/"},"sameAs":["https:\/\/www.facebook.com\/elsfenomens\/?locale=es_ES","https:\/\/www.instagram.com\/associacio_fenomens\/p\/DDjl2kbIsrU\/?img_index=1"]},{"@type":"Person","@id":"https:\/\/fenomensassociacio.org\/#\/schema\/person\/c1734ce1d720ad761110f905c22e4a6a","name":"admin","image":{"@type":"ImageObject","inLanguage":"ca","@id":"https:\/\/fenomensassociacio.org\/wp-content\/litespeed\/avatar\/8a4c5022de4aad7118ebd8830ae8ea5f.jpg?ver=1776947167","url":"https:\/\/fenomensassociacio.org\/wp-content\/litespeed\/avatar\/8a4c5022de4aad7118ebd8830ae8ea5f.jpg?ver=1776947167","contentUrl":"https:\/\/fenomensassociacio.org\/wp-content\/litespeed\/avatar\/8a4c5022de4aad7118ebd8830ae8ea5f.jpg?ver=1776947167","caption":"admin"},"sameAs":["https:\/\/fenomensassociacio.org"],"url":"https:\/\/fenomensassociacio.org\/va\/author\/fenomensa\/"}]}},"_links":{"self":[{"href":"https:\/\/fenomensassociacio.org\/va\/wp-json\/wp\/v2\/posts\/5714","targetHints":{"allow":["GET"]}}],"collection":[{"href":"https:\/\/fenomensassociacio.org\/va\/wp-json\/wp\/v2\/posts"}],"about":[{"href":"https:\/\/fenomensassociacio.org\/va\/wp-json\/wp\/v2\/types\/post"}],"author":[{"embeddable":true,"href":"https:\/\/fenomensassociacio.org\/va\/wp-json\/wp\/v2\/users\/1"}],"replies":[{"embeddable":true,"href":"https:\/\/fenomensassociacio.org\/va\/wp-json\/wp\/v2\/comments?post=5714"}],"version-history":[{"count":10,"href":"https:\/\/fenomensassociacio.org\/va\/wp-json\/wp\/v2\/posts\/5714\/revisions"}],"predecessor-version":[{"id":5754,"href":"https:\/\/fenomensassociacio.org\/va\/wp-json\/wp\/v2\/posts\/5714\/revisions\/5754"}],"wp:featuredmedia":[{"embeddable":true,"href":"https:\/\/fenomensassociacio.org\/va\/wp-json\/wp\/v2\/media\/5715"}],"wp:attachment":[{"href":"https:\/\/fenomensassociacio.org\/va\/wp-json\/wp\/v2\/media?parent=5714"}],"wp:term":[{"taxonomy":"category","embeddable":true,"href":"https:\/\/fenomensassociacio.org\/va\/wp-json\/wp\/v2\/categories?post=5714"},{"taxonomy":"post_tag","embeddable":true,"href":"https:\/\/fenomensassociacio.org\/va\/wp-json\/wp\/v2\/tags?post=5714"}],"curies":[{"name":"wp","href":"https:\/\/api.w.org\/{rel}","templated":true}]}}