{"id":5741,"date":"2025-11-17T11:18:08","date_gmt":"2025-11-17T10:18:08","guid":{"rendered":"https:\/\/fenomensassociacio.org\/?p=5741"},"modified":"2025-11-17T11:32:15","modified_gmt":"2025-11-17T10:32:15","slug":"aventura-cultural-madrid-fenomens","status":"publish","type":"post","link":"https:\/\/fenomensassociacio.org\/va\/aventura-cultural-madrid-fenomens\/","title":{"rendered":"FEN\u00d2MENS viu una experi\u00e8ncia \u00fanica a Madrid: teatre, hist\u00f2ria i sabors"},"content":{"rendered":"<div data-elementor-type=\"wp-post\" data-elementor-id=\"5741\" class=\"elementor elementor-5741\" data-elementor-post-type=\"post\">\n\t\t\t\t<div class=\"elementor-element elementor-element-ccfada7 e-flex e-con-boxed e-con e-parent\" data-id=\"ccfada7\" data-element_type=\"container\" data-e-type=\"container\" data-settings=\"{&quot;jet_parallax_layout_list&quot;:[]}\">\n\t\t\t\t\t<div class=\"e-con-inner\">\n\t\t\t\t<div class=\"elementor-element elementor-element-dabb8e1 elementor-drop-cap-yes elementor-drop-cap-view-default elementor-widget elementor-widget-text-editor\" data-id=\"dabb8e1\" data-element_type=\"widget\" data-e-type=\"widget\" data-settings=\"{&quot;drop_cap&quot;:&quot;yes&quot;}\" data-widget_type=\"text-editor.default\">\n\t\t\t\t<div class=\"elementor-widget-container\">\n\t\t\t\t\t\t\t\t\t<p data-start=\"159\" data-end=\"468\">El passat 7, 8 i 9 de novembre, l'Associaci\u00f3 <a href=\"https:\/\/fenomensassociacio.org\/va\/\"><span style=\"color: #ff6600;\"><strong data-start=\"206\" data-end=\"218\">\u00a0FEN\u00d2MENS <\/strong><\/span><\/a> va gaudir d'una meravellosa excursi\u00f3 a Madrid, una experi\u00e8ncia plena de moments \u00fanics, rialles i descobriments. Durant tres dies, participants, voluntaris i volunt\u00e0ries van compartir viv\u00e8ncies que quedaran per sempre en el record.<\/p><h3 data-start=\"470\" data-end=\"548\"><span style=\"color: #ff6600;\"><strong data-start=\"474\" data-end=\"548\">Dissabte: Passeig pel cor de Madrid i una nit m\u00e0gica al teatre<\/strong><\/span><\/h3><p data-start=\"550\" data-end=\"754\">La jornada de dissabte va comen\u00e7ar amb una passejada pel centre de Madrid, on el grup va poder gaudir de l'ambient vibrant de la capital, els seus carrers plens de vida i alguns dels seus racons m\u00e9s emblem\u00e0tics.<\/p><p data-start=\"756\" data-end=\"1010\">M\u00e9s tard, van visitar el <strong data-start=\"780\" data-end=\"806\">\u00a0Museu de les Il\u00b7lusions<\/strong>, un espai sorprenent que va despertar la curiositat de tots. Les instal\u00b7lacions interactives, els jocs visuals i les fotografies divertides van fer que la visita fos tan educativa com entretinguda.<\/p><p data-start=\"1012\" data-end=\"1313\">Per\u00f2 la cirereta del dia va arribar a la tarda-nit: l'assist\u00e8ncia al musical <strong data-start=\"1080\" data-end=\"1095\">\u00a0El Rey Le\u00f3n <\/strong>. La posada en escena, la m\u00fasica i l'emoci\u00f3 de l'obra van captivar completament el grup. Va ser un espectacle que <em data-start=\"1209\" data-end=\"1242\">va agradar molt\u00edssim a totes i tots<\/em>, convertint-se en un dels moments m\u00e9s especials de l\u00b4excursi\u00f3.<\/p><h3 data-start=\"1315\" data-end=\"1371\"><span style=\"color: #ff6600;\"><strong data-start=\"1319\" data-end=\"1371\">Diumenge: Hist\u00f2ria, tradici\u00f3 i cultura madrilenya<\/strong><\/span><\/h3><p data-start=\"1373\" data-end=\"1626\">El diumenge al mat\u00ed van comen\u00e7ar el dia visitant el <strong data-start=\"1429\" data-end=\"1448\">Temple de Debod<\/strong>, un dels llocs m\u00e9s singulars de Madrid. Aquest antic temple egipci va oferir al grup una experi\u00e8ncia diferent, envoltats d\u00b4hist\u00f2ria i amb unes vistes \u00faniques de la ciutat.<\/p><p data-start=\"1628\" data-end=\"1865\">Despr\u00e9s, van tornar al centre, coincidint amb les processons del Dia de l\u00b4Almudena, patrona de Madrid. Els carrers plens de fidels, m\u00fasica i tradici\u00f3 van permetre al grup viure de prop una festivitat molt arrelada a la ciutat.<\/p><p data-start=\"1867\" data-end=\"2151\">Per descomptat, cap viatge a Madrid no est\u00e0 complet sense gaudir de la seva gastronomia. Durant l'estada van degustar plats t\u00edpics com el delici\u00f3s cocido madrile\u00f1o, aix\u00ed com la cl\u00e0ssica xocolata amb xurros, un aut\u00e8ntic plaer per tancar l'excursi\u00f3 amb bon gust de boca.<\/p><h3 data-start=\"2153\" data-end=\"2184\"><span style=\"color: #ff6600;\"><strong data-start=\"2157\" data-end=\"2184\">Agra\u00efment especial<\/strong><\/span><\/h3><p data-start=\"2186\" data-end=\"2495\">Des de l\u00b4Associaci\u00f3 <strong><span style=\"color: #ff6600;\">\u00a0<a style=\"color: #ff6600;\" href=\"https:\/\/fenomensassociacio.org\/va\/\">FEN\u00d2MENS <\/a><\/span><\/strong>\u00a0volem donar un enorme <strong data-start=\"2238\" data-end=\"2249\">GR\u00c0CIES<\/strong> a totes les volunt\u00e0ries i voluntaris que van acompanyar el grup durant aquesta escapada. La seva predisposici\u00f3, entrega i temps van fer possible que aquesta experi\u00e8ncia fos segura, enriquidora i plena de moments feli\u00e7os.<\/p>\t\t\t\t\t\t\t\t<\/div>\n\t\t\t\t<\/div>\n\t\t\t\t\t<\/div>\n\t\t\t\t<\/div>\n\t\t<div class=\"elementor-element elementor-element-ec94cee e-flex e-con-boxed e-con e-parent\" data-id=\"ec94cee\" data-element_type=\"container\" data-e-type=\"container\" data-settings=\"{&quot;jet_parallax_layout_list&quot;:[]}\">\n\t\t\t\t\t<div class=\"e-con-inner\">\n\t\t\t\t<div class=\"elementor-element elementor-element-09326b8 elementor-arrows-position-inside elementor-pagination-position-outside elementor-widget elementor-widget-image-carousel\" data-id=\"09326b8\" data-element_type=\"widget\" data-e-type=\"widget\" data-settings=\"{&quot;slides_to_show&quot;:&quot;2&quot;,&quot;navigation&quot;:&quot;both&quot;,&quot;autoplay&quot;:&quot;yes&quot;,&quot;pause_on_hover&quot;:&quot;yes&quot;,&quot;pause_on_interaction&quot;:&quot;yes&quot;,&quot;autoplay_speed&quot;:5000,&quot;infinite&quot;:&quot;yes&quot;,&quot;speed&quot;:500}\" data-widget_type=\"image-carousel.default\">\n\t\t\t\t<div class=\"elementor-widget-container\">\n\t\t\t\t\t\t\t<div class=\"elementor-image-carousel-wrapper swiper\" role=\"region\" aria-roledescription=\"carousel\" aria-label=\"Carrusel d&#039;imatges\" dir=\"ltr\">\n\t\t\t<div class=\"elementor-image-carousel swiper-wrapper\" aria-live=\"off\">\n\t\t\t\t\t\t\t\t<div class=\"swiper-slide\" role=\"group\" aria-roledescription=\"slide\" aria-label=\"1 de 4\"><figure class=\"swiper-slide-inner\"><img decoding=\"async\" class=\"swiper-slide-image\" src=\"https:\/\/fenomensassociacio.org\/wp-content\/uploads\/2025\/11\/IMG-20251112-WA0001-400x400.webp\" alt=\"Salida en autob\u00fas a Madrid\" \/><\/figure><\/div><div class=\"swiper-slide\" role=\"group\" aria-roledescription=\"slide\" aria-label=\"2 de 4\"><figure class=\"swiper-slide-inner\"><img decoding=\"async\" class=\"swiper-slide-image\" src=\"https:\/\/fenomensassociacio.org\/wp-content\/uploads\/2025\/11\/IMG-20251112-WA0003-400x400.webp\" alt=\"Grupo comiendo en un restaurante\" \/><\/figure><\/div><div class=\"swiper-slide\" role=\"group\" aria-roledescription=\"slide\" aria-label=\"3 de 4\"><figure class=\"swiper-slide-inner\"><img decoding=\"async\" class=\"swiper-slide-image\" src=\"https:\/\/fenomensassociacio.org\/wp-content\/uploads\/2025\/11\/IMG-20251112-WA0009-400x400.webp\" alt=\"Fen\u00f2mens en el musical el Rey Le\u00f3n\" \/><\/figure><\/div><div class=\"swiper-slide\" role=\"group\" aria-roledescription=\"slide\" aria-label=\"4 de 4\"><figure class=\"swiper-slide-inner\"><img decoding=\"async\" class=\"swiper-slide-image\" src=\"https:\/\/fenomensassociacio.org\/wp-content\/uploads\/2025\/11\/IMG-20251112-WA0010-400x400.webp\" alt=\"Foto grupo en templo Debod\" \/><\/figure><\/div>\t\t\t<\/div>\n\t\t\t\t\t\t\t\t\t\t\t\t<div class=\"elementor-swiper-button elementor-swiper-button-prev\" role=\"button\" tabindex=\"0\">\n\t\t\t\t\t\t<svg aria-hidden=\"true\" class=\"e-font-icon-svg e-eicon-chevron-left\" viewbox=\"0 0 1000 1000\" xmlns=\"http:\/\/www.w3.org\/2000\/svg\"><path d=\"M646 125C629 125 613 133 604 142L308 442C296 454 292 471 292 487 292 504 296 521 308 533L604 854C617 867 629 875 646 875 663 875 679 871 692 858 704 846 713 829 713 812 713 796 708 779 692 767L438 487 692 225C700 217 708 204 708 187 708 171 704 154 692 142 675 129 663 125 646 125Z\"><\/path><\/svg>\t\t\t\t\t<\/div>\n\t\t\t\t\t<div class=\"elementor-swiper-button elementor-swiper-button-next\" role=\"button\" tabindex=\"0\">\n\t\t\t\t\t\t<svg aria-hidden=\"true\" class=\"e-font-icon-svg e-eicon-chevron-right\" viewbox=\"0 0 1000 1000\" xmlns=\"http:\/\/www.w3.org\/2000\/svg\"><path d=\"M696 533C708 521 713 504 713 487 713 471 708 454 696 446L400 146C388 133 375 125 354 125 338 125 325 129 313 142 300 154 292 171 292 187 292 204 296 221 308 233L563 492 304 771C292 783 288 800 288 817 288 833 296 850 308 863 321 871 338 875 354 875 371 875 388 867 400 854L696 533Z\"><\/path><\/svg>\t\t\t\t\t<\/div>\n\t\t\t\t\n\t\t\t\t\t\t\t\t\t<div class=\"swiper-pagination\"><\/div>\n\t\t\t\t\t\t\t\t\t<\/div>\n\t\t\t\t\t\t<\/div>\n\t\t\t\t<\/div>\n\t\t\t\t\t<\/div>\n\t\t\t\t<\/div>\n\t\t\t\t<\/div>","protected":false},"excerpt":{"rendered":"<p>El pasado 7, 8 y 9 de noviembre, la Asociaci\u00f3n \u00a0FEN\u00d2MENS disfrut\u00f3 de una maravillosa excursi\u00f3n a Madrid, una experiencia repleta de momentos \u00fanicos, risas y descubrimientos. Durante tres d\u00edas, participantes ,\u00a0 voluntarios y voluntarias compartieron vivencias que quedar\u00e1n para siempre en el recuerdo. S\u00e1bado: Paseo por el coraz\u00f3n de Madrid y una noche m\u00e1gica [&hellip;]<\/p>\n","protected":false},"author":1,"featured_media":5744,"comment_status":"open","ping_status":"closed","sticky":false,"template":"","format":"standard","meta":{"footnotes":""},"categories":[1],"tags":[],"class_list":["post-5741","post","type-post","status-publish","format-standard","has-post-thumbnail","hentry","category-uncategorized"],"yoast_head":"<!-- This site is optimized with the Yoast SEO plugin v27.5 - https:\/\/yoast.com\/product\/yoast-seo-wordpress\/ -->\n<title>FEN\u00d2MENS vive una experiencia \u00fanica en Madrid: teatro, historia y sabores - Fenomens<\/title>\n<meta name=\"description\" content=\"FEN\u00d2MENS disfruta de un fin de semana en Madrid lleno de cultura, diversi\u00f3n y buena comida. Museo de las Ilusiones, El Rey Le\u00f3n y mucho m\u00e1s\" \/>\n<meta name=\"robots\" content=\"index, follow, max-snippet:-1, max-image-preview:large, max-video-preview:-1\" \/>\n<link rel=\"canonical\" href=\"https:\/\/fenomensassociacio.org\/va\/aventura-cultural-madrid-fenomens\/\" \/>\n<meta property=\"og:locale\" content=\"ca_ES\" \/>\n<meta property=\"og:type\" content=\"article\" \/>\n<meta property=\"og:title\" content=\"FEN\u00d2MENS vive una experiencia \u00fanica en Madrid: teatro, historia y sabores - Fenomens\" \/>\n<meta property=\"og:description\" content=\"FEN\u00d2MENS disfruta de un fin de semana en Madrid lleno de cultura, diversi\u00f3n y buena comida. Museo de las Ilusiones, El Rey Le\u00f3n y mucho m\u00e1s\" \/>\n<meta property=\"og:url\" content=\"https:\/\/fenomensassociacio.org\/va\/aventura-cultural-madrid-fenomens\/\" \/>\n<meta property=\"og:site_name\" content=\"Fenomens\" \/>\n<meta property=\"article:publisher\" content=\"https:\/\/www.facebook.com\/elsfenomens\/?locale=es_ES\" \/>\n<meta property=\"article:published_time\" content=\"2025-11-17T10:18:08+00:00\" \/>\n<meta property=\"article:modified_time\" content=\"2025-11-17T10:32:15+00:00\" \/>\n<meta property=\"og:image\" content=\"https:\/\/fenomensassociacio.org\/wp-content\/uploads\/2025\/11\/IMG-20251112-WA0004.webp\" \/>\n\t<meta property=\"og:image:width\" content=\"1536\" \/>\n\t<meta property=\"og:image:height\" content=\"2048\" \/>\n\t<meta property=\"og:image:type\" content=\"image\/webp\" \/>\n<meta name=\"author\" content=\"admin\" \/>\n<meta name=\"twitter:card\" content=\"summary_large_image\" \/>\n<meta name=\"twitter:label1\" content=\"Escrit per\" \/>\n\t<meta name=\"twitter:data1\" content=\"admin\" \/>\n\t<meta name=\"twitter:label2\" content=\"Temps estimat de lectura\" \/>\n\t<meta name=\"twitter:data2\" content=\"4 minuts\" \/>\n<script type=\"application\/ld+json\" class=\"yoast-schema-graph\">{\"@context\":\"https:\\\/\\\/schema.org\",\"@graph\":[{\"@type\":\"Article\",\"@id\":\"https:\\\/\\\/fenomensassociacio.org\\\/aventura-cultural-madrid-fenomens\\\/#article\",\"isPartOf\":{\"@id\":\"https:\\\/\\\/fenomensassociacio.org\\\/aventura-cultural-madrid-fenomens\\\/\"},\"author\":{\"name\":\"admin\",\"@id\":\"https:\\\/\\\/fenomensassociacio.org\\\/#\\\/schema\\\/person\\\/c1734ce1d720ad761110f905c22e4a6a\"},\"headline\":\"FEN\u00d2MENS vive una experiencia \u00fanica en Madrid: teatro, historia y sabores\",\"datePublished\":\"2025-11-17T10:18:08+00:00\",\"dateModified\":\"2025-11-17T10:32:15+00:00\",\"mainEntityOfPage\":{\"@id\":\"https:\\\/\\\/fenomensassociacio.org\\\/aventura-cultural-madrid-fenomens\\\/\"},\"wordCount\":404,\"commentCount\":0,\"publisher\":{\"@id\":\"https:\\\/\\\/fenomensassociacio.org\\\/#organization\"},\"image\":{\"@id\":\"https:\\\/\\\/fenomensassociacio.org\\\/aventura-cultural-madrid-fenomens\\\/#primaryimage\"},\"thumbnailUrl\":\"https:\\\/\\\/fenomensassociacio.org\\\/wp-content\\\/uploads\\\/2025\\\/11\\\/IMG-20251112-WA0004.webp\",\"articleSection\":[\"Uncategorized\"],\"inLanguage\":\"ca\",\"potentialAction\":[{\"@type\":\"CommentAction\",\"name\":\"Comment\",\"target\":[\"https:\\\/\\\/fenomensassociacio.org\\\/aventura-cultural-madrid-fenomens\\\/#respond\"]}]},{\"@type\":\"WebPage\",\"@id\":\"https:\\\/\\\/fenomensassociacio.org\\\/aventura-cultural-madrid-fenomens\\\/\",\"url\":\"https:\\\/\\\/fenomensassociacio.org\\\/aventura-cultural-madrid-fenomens\\\/\",\"name\":\"FEN\u00d2MENS vive una experiencia \u00fanica en Madrid: teatro, historia y sabores - Fenomens\",\"isPartOf\":{\"@id\":\"https:\\\/\\\/fenomensassociacio.org\\\/#website\"},\"primaryImageOfPage\":{\"@id\":\"https:\\\/\\\/fenomensassociacio.org\\\/aventura-cultural-madrid-fenomens\\\/#primaryimage\"},\"image\":{\"@id\":\"https:\\\/\\\/fenomensassociacio.org\\\/aventura-cultural-madrid-fenomens\\\/#primaryimage\"},\"thumbnailUrl\":\"https:\\\/\\\/fenomensassociacio.org\\\/wp-content\\\/uploads\\\/2025\\\/11\\\/IMG-20251112-WA0004.webp\",\"datePublished\":\"2025-11-17T10:18:08+00:00\",\"dateModified\":\"2025-11-17T10:32:15+00:00\",\"description\":\"FEN\u00d2MENS disfruta de un fin de semana en Madrid lleno de cultura, diversi\u00f3n y buena comida. Museo de las Ilusiones, El Rey Le\u00f3n y mucho m\u00e1s\",\"breadcrumb\":{\"@id\":\"https:\\\/\\\/fenomensassociacio.org\\\/aventura-cultural-madrid-fenomens\\\/#breadcrumb\"},\"inLanguage\":\"ca\",\"potentialAction\":[{\"@type\":\"ReadAction\",\"target\":[\"https:\\\/\\\/fenomensassociacio.org\\\/aventura-cultural-madrid-fenomens\\\/\"]}]},{\"@type\":\"ImageObject\",\"inLanguage\":\"ca\",\"@id\":\"https:\\\/\\\/fenomensassociacio.org\\\/aventura-cultural-madrid-fenomens\\\/#primaryimage\",\"url\":\"https:\\\/\\\/fenomensassociacio.org\\\/wp-content\\\/uploads\\\/2025\\\/11\\\/IMG-20251112-WA0004.webp\",\"contentUrl\":\"https:\\\/\\\/fenomensassociacio.org\\\/wp-content\\\/uploads\\\/2025\\\/11\\\/IMG-20251112-WA0004.webp\",\"width\":1536,\"height\":2048,\"caption\":\"Foto de Grupo en el centro de Madrid\"},{\"@type\":\"BreadcrumbList\",\"@id\":\"https:\\\/\\\/fenomensassociacio.org\\\/aventura-cultural-madrid-fenomens\\\/#breadcrumb\",\"itemListElement\":[{\"@type\":\"ListItem\",\"position\":1,\"name\":\"Portada\",\"item\":\"https:\\\/\\\/fenomensassociacio.org\\\/\"},{\"@type\":\"ListItem\",\"position\":2,\"name\":\"FEN\u00d2MENS vive una experiencia \u00fanica en Madrid: teatro, historia y sabores\"}]},{\"@type\":\"WebSite\",\"@id\":\"https:\\\/\\\/fenomensassociacio.org\\\/#website\",\"url\":\"https:\\\/\\\/fenomensassociacio.org\\\/\",\"name\":\"Fenomens\",\"description\":\"Associaci\u00f3 de persones amb discapacitat intel.lectual\",\"publisher\":{\"@id\":\"https:\\\/\\\/fenomensassociacio.org\\\/#organization\"},\"potentialAction\":[{\"@type\":\"SearchAction\",\"target\":{\"@type\":\"EntryPoint\",\"urlTemplate\":\"https:\\\/\\\/fenomensassociacio.org\\\/?s={search_term_string}\"},\"query-input\":{\"@type\":\"PropertyValueSpecification\",\"valueRequired\":true,\"valueName\":\"search_term_string\"}}],\"inLanguage\":\"ca\"},{\"@type\":\"Organization\",\"@id\":\"https:\\\/\\\/fenomensassociacio.org\\\/#organization\",\"name\":\"Fenomens\",\"url\":\"https:\\\/\\\/fenomensassociacio.org\\\/\",\"logo\":{\"@type\":\"ImageObject\",\"inLanguage\":\"ca\",\"@id\":\"https:\\\/\\\/fenomensassociacio.org\\\/#\\\/schema\\\/logo\\\/image\\\/\",\"url\":\"https:\\\/\\\/fenomensassociacio.org\\\/wp-content\\\/uploads\\\/2020\\\/06\\\/logo_fenomens_color_sin_fondo_subtitulo.webp\",\"contentUrl\":\"https:\\\/\\\/fenomensassociacio.org\\\/wp-content\\\/uploads\\\/2020\\\/06\\\/logo_fenomens_color_sin_fondo_subtitulo.webp\",\"width\":2048,\"height\":1707,\"caption\":\"Fenomens\"},\"image\":{\"@id\":\"https:\\\/\\\/fenomensassociacio.org\\\/#\\\/schema\\\/logo\\\/image\\\/\"},\"sameAs\":[\"https:\\\/\\\/www.facebook.com\\\/elsfenomens\\\/?locale=es_ES\",\"https:\\\/\\\/www.instagram.com\\\/associacio_fenomens\\\/p\\\/DDjl2kbIsrU\\\/?img_index=1\"]},{\"@type\":\"Person\",\"@id\":\"https:\\\/\\\/fenomensassociacio.org\\\/#\\\/schema\\\/person\\\/c1734ce1d720ad761110f905c22e4a6a\",\"name\":\"admin\",\"image\":{\"@type\":\"ImageObject\",\"inLanguage\":\"ca\",\"@id\":\"https:\\\/\\\/fenomensassociacio.org\\\/wp-content\\\/litespeed\\\/avatar\\\/8a4c5022de4aad7118ebd8830ae8ea5f.jpg?ver=1776947167\",\"url\":\"https:\\\/\\\/fenomensassociacio.org\\\/wp-content\\\/litespeed\\\/avatar\\\/8a4c5022de4aad7118ebd8830ae8ea5f.jpg?ver=1776947167\",\"contentUrl\":\"https:\\\/\\\/fenomensassociacio.org\\\/wp-content\\\/litespeed\\\/avatar\\\/8a4c5022de4aad7118ebd8830ae8ea5f.jpg?ver=1776947167\",\"caption\":\"admin\"},\"sameAs\":[\"https:\\\/\\\/fenomensassociacio.org\"],\"url\":\"https:\\\/\\\/fenomensassociacio.org\\\/va\\\/author\\\/fenomensa\\\/\"}]}<\/script>\n<!-- \/ Yoast SEO plugin. -->","yoast_head_json":{"title":"FEN\u00d2MENS vive una experiencia \u00fanica en Madrid: teatro, historia y sabores - Fenomens","description":"FEN\u00d2MENS disfruta de un fin de semana en Madrid lleno de cultura, diversi\u00f3n y buena comida. Museo de las Ilusiones, El Rey Le\u00f3n y mucho m\u00e1s","robots":{"index":"index","follow":"follow","max-snippet":"max-snippet:-1","max-image-preview":"max-image-preview:large","max-video-preview":"max-video-preview:-1"},"canonical":"https:\/\/fenomensassociacio.org\/va\/aventura-cultural-madrid-fenomens\/","og_locale":"ca_ES","og_type":"article","og_title":"FEN\u00d2MENS vive una experiencia \u00fanica en Madrid: teatro, historia y sabores - Fenomens","og_description":"FEN\u00d2MENS disfruta de un fin de semana en Madrid lleno de cultura, diversi\u00f3n y buena comida. Museo de las Ilusiones, El Rey Le\u00f3n y mucho m\u00e1s","og_url":"https:\/\/fenomensassociacio.org\/va\/aventura-cultural-madrid-fenomens\/","og_site_name":"Fenomens","article_publisher":"https:\/\/www.facebook.com\/elsfenomens\/?locale=es_ES","article_published_time":"2025-11-17T10:18:08+00:00","article_modified_time":"2025-11-17T10:32:15+00:00","og_image":[{"width":1536,"height":2048,"url":"https:\/\/fenomensassociacio.org\/wp-content\/uploads\/2025\/11\/IMG-20251112-WA0004.webp","type":"image\/webp"}],"author":"admin","twitter_card":"summary_large_image","twitter_misc":{"Escrit per":"admin","Temps estimat de lectura":"4 minuts"},"schema":{"@context":"https:\/\/schema.org","@graph":[{"@type":"Article","@id":"https:\/\/fenomensassociacio.org\/aventura-cultural-madrid-fenomens\/#article","isPartOf":{"@id":"https:\/\/fenomensassociacio.org\/aventura-cultural-madrid-fenomens\/"},"author":{"name":"admin","@id":"https:\/\/fenomensassociacio.org\/#\/schema\/person\/c1734ce1d720ad761110f905c22e4a6a"},"headline":"FEN\u00d2MENS vive una experiencia \u00fanica en Madrid: teatro, historia y sabores","datePublished":"2025-11-17T10:18:08+00:00","dateModified":"2025-11-17T10:32:15+00:00","mainEntityOfPage":{"@id":"https:\/\/fenomensassociacio.org\/aventura-cultural-madrid-fenomens\/"},"wordCount":404,"commentCount":0,"publisher":{"@id":"https:\/\/fenomensassociacio.org\/#organization"},"image":{"@id":"https:\/\/fenomensassociacio.org\/aventura-cultural-madrid-fenomens\/#primaryimage"},"thumbnailUrl":"https:\/\/fenomensassociacio.org\/wp-content\/uploads\/2025\/11\/IMG-20251112-WA0004.webp","articleSection":["Uncategorized"],"inLanguage":"ca","potentialAction":[{"@type":"CommentAction","name":"Comment","target":["https:\/\/fenomensassociacio.org\/aventura-cultural-madrid-fenomens\/#respond"]}]},{"@type":"WebPage","@id":"https:\/\/fenomensassociacio.org\/aventura-cultural-madrid-fenomens\/","url":"https:\/\/fenomensassociacio.org\/aventura-cultural-madrid-fenomens\/","name":"FEN\u00d2MENS vive una experiencia \u00fanica en Madrid: teatro, historia y sabores - Fenomens","isPartOf":{"@id":"https:\/\/fenomensassociacio.org\/#website"},"primaryImageOfPage":{"@id":"https:\/\/fenomensassociacio.org\/aventura-cultural-madrid-fenomens\/#primaryimage"},"image":{"@id":"https:\/\/fenomensassociacio.org\/aventura-cultural-madrid-fenomens\/#primaryimage"},"thumbnailUrl":"https:\/\/fenomensassociacio.org\/wp-content\/uploads\/2025\/11\/IMG-20251112-WA0004.webp","datePublished":"2025-11-17T10:18:08+00:00","dateModified":"2025-11-17T10:32:15+00:00","description":"FEN\u00d2MENS disfruta de un fin de semana en Madrid lleno de cultura, diversi\u00f3n y buena comida. Museo de las Ilusiones, El Rey Le\u00f3n y mucho m\u00e1s","breadcrumb":{"@id":"https:\/\/fenomensassociacio.org\/aventura-cultural-madrid-fenomens\/#breadcrumb"},"inLanguage":"ca","potentialAction":[{"@type":"ReadAction","target":["https:\/\/fenomensassociacio.org\/aventura-cultural-madrid-fenomens\/"]}]},{"@type":"ImageObject","inLanguage":"ca","@id":"https:\/\/fenomensassociacio.org\/aventura-cultural-madrid-fenomens\/#primaryimage","url":"https:\/\/fenomensassociacio.org\/wp-content\/uploads\/2025\/11\/IMG-20251112-WA0004.webp","contentUrl":"https:\/\/fenomensassociacio.org\/wp-content\/uploads\/2025\/11\/IMG-20251112-WA0004.webp","width":1536,"height":2048,"caption":"Foto de Grupo en el centro de Madrid"},{"@type":"BreadcrumbList","@id":"https:\/\/fenomensassociacio.org\/aventura-cultural-madrid-fenomens\/#breadcrumb","itemListElement":[{"@type":"ListItem","position":1,"name":"Portada","item":"https:\/\/fenomensassociacio.org\/"},{"@type":"ListItem","position":2,"name":"FEN\u00d2MENS vive una experiencia \u00fanica en Madrid: teatro, historia y sabores"}]},{"@type":"WebSite","@id":"https:\/\/fenomensassociacio.org\/#website","url":"https:\/\/fenomensassociacio.org\/","name":"Fenomens","description":"Associaci\u00f3 de persones amb discapacitat intel.lectual","publisher":{"@id":"https:\/\/fenomensassociacio.org\/#organization"},"potentialAction":[{"@type":"SearchAction","target":{"@type":"EntryPoint","urlTemplate":"https:\/\/fenomensassociacio.org\/?s={search_term_string}"},"query-input":{"@type":"PropertyValueSpecification","valueRequired":true,"valueName":"search_term_string"}}],"inLanguage":"ca"},{"@type":"Organization","@id":"https:\/\/fenomensassociacio.org\/#organization","name":"Fenomens","url":"https:\/\/fenomensassociacio.org\/","logo":{"@type":"ImageObject","inLanguage":"ca","@id":"https:\/\/fenomensassociacio.org\/#\/schema\/logo\/image\/","url":"https:\/\/fenomensassociacio.org\/wp-content\/uploads\/2020\/06\/logo_fenomens_color_sin_fondo_subtitulo.webp","contentUrl":"https:\/\/fenomensassociacio.org\/wp-content\/uploads\/2020\/06\/logo_fenomens_color_sin_fondo_subtitulo.webp","width":2048,"height":1707,"caption":"Fenomens"},"image":{"@id":"https:\/\/fenomensassociacio.org\/#\/schema\/logo\/image\/"},"sameAs":["https:\/\/www.facebook.com\/elsfenomens\/?locale=es_ES","https:\/\/www.instagram.com\/associacio_fenomens\/p\/DDjl2kbIsrU\/?img_index=1"]},{"@type":"Person","@id":"https:\/\/fenomensassociacio.org\/#\/schema\/person\/c1734ce1d720ad761110f905c22e4a6a","name":"admin","image":{"@type":"ImageObject","inLanguage":"ca","@id":"https:\/\/fenomensassociacio.org\/wp-content\/litespeed\/avatar\/8a4c5022de4aad7118ebd8830ae8ea5f.jpg?ver=1776947167","url":"https:\/\/fenomensassociacio.org\/wp-content\/litespeed\/avatar\/8a4c5022de4aad7118ebd8830ae8ea5f.jpg?ver=1776947167","contentUrl":"https:\/\/fenomensassociacio.org\/wp-content\/litespeed\/avatar\/8a4c5022de4aad7118ebd8830ae8ea5f.jpg?ver=1776947167","caption":"admin"},"sameAs":["https:\/\/fenomensassociacio.org"],"url":"https:\/\/fenomensassociacio.org\/va\/author\/fenomensa\/"}]}},"_links":{"self":[{"href":"https:\/\/fenomensassociacio.org\/va\/wp-json\/wp\/v2\/posts\/5741","targetHints":{"allow":["GET"]}}],"collection":[{"href":"https:\/\/fenomensassociacio.org\/va\/wp-json\/wp\/v2\/posts"}],"about":[{"href":"https:\/\/fenomensassociacio.org\/va\/wp-json\/wp\/v2\/types\/post"}],"author":[{"embeddable":true,"href":"https:\/\/fenomensassociacio.org\/va\/wp-json\/wp\/v2\/users\/1"}],"replies":[{"embeddable":true,"href":"https:\/\/fenomensassociacio.org\/va\/wp-json\/wp\/v2\/comments?post=5741"}],"version-history":[{"count":4,"href":"https:\/\/fenomensassociacio.org\/va\/wp-json\/wp\/v2\/posts\/5741\/revisions"}],"predecessor-version":[{"id":5751,"href":"https:\/\/fenomensassociacio.org\/va\/wp-json\/wp\/v2\/posts\/5741\/revisions\/5751"}],"wp:featuredmedia":[{"embeddable":true,"href":"https:\/\/fenomensassociacio.org\/va\/wp-json\/wp\/v2\/media\/5744"}],"wp:attachment":[{"href":"https:\/\/fenomensassociacio.org\/va\/wp-json\/wp\/v2\/media?parent=5741"}],"wp:term":[{"taxonomy":"category","embeddable":true,"href":"https:\/\/fenomensassociacio.org\/va\/wp-json\/wp\/v2\/categories?post=5741"},{"taxonomy":"post_tag","embeddable":true,"href":"https:\/\/fenomensassociacio.org\/va\/wp-json\/wp\/v2\/tags?post=5741"}],"curies":[{"name":"wp","href":"https:\/\/api.w.org\/{rel}","templated":true}]}}