{"id":5759,"date":"2025-11-26T11:17:55","date_gmt":"2025-11-26T10:17:55","guid":{"rendered":"https:\/\/fenomensassociacio.org\/?p=5759"},"modified":"2025-11-26T11:24:41","modified_gmt":"2025-11-26T10:24:41","slug":"comida-hermandad-fenomens-benicarlo","status":"publish","type":"post","link":"https:\/\/fenomensassociacio.org\/va\/comida-hermandad-fenomens-benicarlo\/","title":{"rendered":"Dinar de germanor de FEN\u00d2MENS a l'Ermita de Sant Gregori"},"content":{"rendered":"<div data-elementor-type=\"wp-post\" data-elementor-id=\"5759\" class=\"elementor elementor-5759\" data-elementor-post-type=\"post\">\n\t\t\t\t<div class=\"elementor-element elementor-element-8866239 e-flex e-con-boxed e-con e-parent\" data-id=\"8866239\" data-element_type=\"container\" data-e-type=\"container\" data-settings=\"{&quot;jet_parallax_layout_list&quot;:[]}\">\n\t\t\t\t\t<div class=\"e-con-inner\">\n\t\t\t\t<div class=\"elementor-element elementor-element-7d2bda6 elementor-drop-cap-yes elementor-drop-cap-view-default elementor-widget elementor-widget-text-editor\" data-id=\"7d2bda6\" data-element_type=\"widget\" data-e-type=\"widget\" data-settings=\"{&quot;drop_cap&quot;:&quot;yes&quot;}\" data-widget_type=\"text-editor.default\">\n\t\t\t\t<div class=\"elementor-widget-container\">\n\t\t\t\t\t\t\t\t\t<p data-start=\"172\" data-end=\"462\">Diumenge passat 16 de novembre, l'associaci\u00f3 <strong data-start=\"225\" data-end=\"237\">\u00a0<a href=\"https:\/\/fenomensassociacio.org\/va\/\"><span style=\"color: #ff6600;\">FEN\u00d2MENS <\/span><\/a><\/strong>\u00a0va celebrar un entranyable dinar de germanor a l'emblem\u00e0tica Ermita de Sant Gregori de Benicarl\u00f3. Va ser una jornada marcada per la conviv\u00e8ncia, la col\u00b7laboraci\u00f3 i l'esperit solidari que caracteritza la nostra entitat.<\/p><p data-start=\"464\" data-end=\"768\">A la trobada van acudir socis, familiars i simpatitzants, que van voler compartir aquest dia especial i mostrar el suport a l'associaci\u00f3. La participaci\u00f3 va ser excepcional, creant un ambient c\u00e0lid i proper on tots van poder gaudir de la natura i enfortir els lla\u00e7os de comunitat.<\/p><p data-start=\"770\" data-end=\"941\">La celebraci\u00f3 va comptar, a m\u00e9s, amb la pres\u00e8ncia de Dj Eric, que va posar m\u00fasica i ambient durant tota la jornada, donant un toc festiu que va animar tots els assistents.<\/p><p data-start=\"943\" data-end=\"1270\">Un dels moments m\u00e9s destacats va ser la preparaci\u00f3 de dues grans paelles, elaborades amb dedicaci\u00f3 i afecte, que van reunir tothom al voltant de la taula. Tamb\u00e9 es va organitzar una rifa solid\u00e0ria, la recaptaci\u00f3 de la qual contribuir\u00e0 a futurs projectes de l'associaci\u00f3 i que va despertar gran entusiasme entre els participants.<\/p><p data-start=\"1272\" data-end=\"1473\">La jornada va tenir un gest encara m\u00e9s especial amb la celebraci\u00f3 de l'aniversari de la nostra companya Laura, una dels Fen\u00f2mens, que va rebre un aplaudiment calor\u00f3s i mostres d'afecte per part de tots.<\/p><p data-start=\"1475\" data-end=\"1763\">Des de <span style=\"color: #ff6600;\"><strong>\u00a0<span style=\"color: #ff6600;\"><a style=\"color: #ff6600;\" href=\"https:\/\/fenomensassociacio.org\/va\/\">FEN\u00d2MENS <\/a><\/span><\/strong><\/span>\u00a0volem expressar el nostre <strong data-start=\"1516\" data-end=\"1546\">agra\u00efment m\u00e9s sincer<\/strong> totes les persones que van assistir, van col\u00b7laborar o van contribuir perqu\u00e8 aquesta jornada fos un \u00e8xit. Gr\u00e0cies pel vostre suport constant i per continuar construint, junts, un projecte que ens uneix i ens fa cr\u00e9ixer.<\/p><p data-start=\"1765\" data-end=\"1790\" data-is-last-node=\"\" data-is-only-node=\"\">Ens veiem a la propera!<\/p>\t\t\t\t\t\t\t\t<\/div>\n\t\t\t\t<\/div>\n\t\t\t\t\t<\/div>\n\t\t\t\t<\/div>\n\t\t<div class=\"elementor-element elementor-element-377f110 e-flex e-con-boxed e-con e-parent\" data-id=\"377f110\" data-element_type=\"container\" data-e-type=\"container\" data-settings=\"{&quot;jet_parallax_layout_list&quot;:[]}\">\n\t\t\t\t\t<div class=\"e-con-inner\">\n\t\t\t\t<div class=\"elementor-element elementor-element-3ca530c elementor-arrows-position-inside elementor-pagination-position-outside elementor-widget elementor-widget-image-carousel\" data-id=\"3ca530c\" data-element_type=\"widget\" data-e-type=\"widget\" data-settings=\"{&quot;slides_to_show&quot;:&quot;2&quot;,&quot;navigation&quot;:&quot;both&quot;,&quot;autoplay&quot;:&quot;yes&quot;,&quot;pause_on_hover&quot;:&quot;yes&quot;,&quot;pause_on_interaction&quot;:&quot;yes&quot;,&quot;autoplay_speed&quot;:5000,&quot;infinite&quot;:&quot;yes&quot;,&quot;speed&quot;:500}\" data-widget_type=\"image-carousel.default\">\n\t\t\t\t<div class=\"elementor-widget-container\">\n\t\t\t\t\t\t\t<div class=\"elementor-image-carousel-wrapper swiper\" role=\"region\" aria-roledescription=\"carousel\" aria-label=\"Carrusel d&#039;imatges\" dir=\"ltr\">\n\t\t\t<div class=\"elementor-image-carousel swiper-wrapper\" aria-live=\"off\">\n\t\t\t\t\t\t\t\t<div class=\"swiper-slide\" role=\"group\" aria-roledescription=\"slide\" aria-label=\"1 de 5\" data-no-translation-aria-label=\"\"><figure class=\"swiper-slide-inner\"><img decoding=\"async\" class=\"swiper-slide-image\" src=\"https:\/\/fenomensassociacio.org\/wp-content\/uploads\/2025\/11\/IMG_20251116_142145-400x400.webp\" alt=\"asistentes a las paellas\" \/><\/figure><\/div><div class=\"swiper-slide\" role=\"group\" aria-roledescription=\"slide\" aria-label=\"2 de 5\" data-no-translation-aria-label=\"\"><figure class=\"swiper-slide-inner\"><img decoding=\"async\" class=\"swiper-slide-image\" src=\"https:\/\/fenomensassociacio.org\/wp-content\/uploads\/2025\/11\/IMG_20251116_142132-400x400.webp\" alt=\"Fen\u00f2mens en las paellas\" \/><\/figure><\/div><div class=\"swiper-slide\" role=\"group\" aria-roledescription=\"slide\" aria-label=\"3 de 5\" data-no-translation-aria-label=\"\"><figure class=\"swiper-slide-inner\"><img decoding=\"async\" class=\"swiper-slide-image\" src=\"https:\/\/fenomensassociacio.org\/wp-content\/uploads\/2025\/11\/IMG_20251116_142128-400x400.webp\" alt=\"asistentes a las paellas\" \/><\/figure><\/div><div class=\"swiper-slide\" role=\"group\" aria-roledescription=\"slide\" aria-label=\"4 de 5\" data-no-translation-aria-label=\"\"><figure class=\"swiper-slide-inner\"><img decoding=\"async\" class=\"swiper-slide-image\" src=\"https:\/\/fenomensassociacio.org\/wp-content\/uploads\/2025\/11\/IMG_20251116_142102-400x400.webp\" alt=\"Fen\u00f2mens en las paellas\" \/><\/figure><\/div><div class=\"swiper-slide\" role=\"group\" aria-roledescription=\"slide\" aria-label=\"5 de 5\" data-no-translation-aria-label=\"\"><figure class=\"swiper-slide-inner\"><img decoding=\"async\" class=\"swiper-slide-image\" src=\"https:\/\/fenomensassociacio.org\/wp-content\/uploads\/2025\/11\/IMG_20251116_134655-400x400.webp\" alt=\"Repartiendo las paellas\" \/><\/figure><\/div>\t\t\t<\/div>\n\t\t\t\t\t\t\t\t\t\t\t\t<div class=\"elementor-swiper-button elementor-swiper-button-prev\" role=\"button\" tabindex=\"0\">\n\t\t\t\t\t\t<svg aria-hidden=\"true\" class=\"e-font-icon-svg e-eicon-chevron-left\" viewbox=\"0 0 1000 1000\" xmlns=\"http:\/\/www.w3.org\/2000\/svg\"><path d=\"M646 125C629 125 613 133 604 142L308 442C296 454 292 471 292 487 292 504 296 521 308 533L604 854C617 867 629 875 646 875 663 875 679 871 692 858 704 846 713 829 713 812 713 796 708 779 692 767L438 487 692 225C700 217 708 204 708 187 708 171 704 154 692 142 675 129 663 125 646 125Z\"><\/path><\/svg>\t\t\t\t\t<\/div>\n\t\t\t\t\t<div class=\"elementor-swiper-button elementor-swiper-button-next\" role=\"button\" tabindex=\"0\">\n\t\t\t\t\t\t<svg aria-hidden=\"true\" class=\"e-font-icon-svg e-eicon-chevron-right\" viewbox=\"0 0 1000 1000\" xmlns=\"http:\/\/www.w3.org\/2000\/svg\"><path d=\"M696 533C708 521 713 504 713 487 713 471 708 454 696 446L400 146C388 133 375 125 354 125 338 125 325 129 313 142 300 154 292 171 292 187 292 204 296 221 308 233L563 492 304 771C292 783 288 800 288 817 288 833 296 850 308 863 321 871 338 875 354 875 371 875 388 867 400 854L696 533Z\"><\/path><\/svg>\t\t\t\t\t<\/div>\n\t\t\t\t\n\t\t\t\t\t\t\t\t\t<div class=\"swiper-pagination\"><\/div>\n\t\t\t\t\t\t\t\t\t<\/div>\n\t\t\t\t\t\t<\/div>\n\t\t\t\t<\/div>\n\t\t\t\t\t<\/div>\n\t\t\t\t<\/div>\n\t\t\t\t<\/div>","protected":false},"excerpt":{"rendered":"<p>El pasado domingo 16 de noviembre, la asociaci\u00f3n \u00a0FEN\u00d2MENS \u00a0celebr\u00f3 una entra\u00f1able comida de hermandad en la emblem\u00e1tica Ermita de Sant Gregori de Benicarl\u00f3. Fue una jornada marcada por la convivencia, la colaboraci\u00f3n y el esp\u00edritu solidario que caracteriza a nuestra entidad. Al encuentro acudieron socios, familiares y simpatizantes, quienes quisieron compartir este d\u00eda especial [&hellip;]<\/p>\n","protected":false},"author":1,"featured_media":5765,"comment_status":"open","ping_status":"closed","sticky":false,"template":"","format":"standard","meta":{"footnotes":""},"categories":[1],"tags":[],"class_list":["post-5759","post","type-post","status-publish","format-standard","has-post-thumbnail","hentry","category-uncategorized"],"yoast_head":"<!-- This site is optimized with the Yoast SEO plugin v27.4 - https:\/\/yoast.com\/product\/yoast-seo-wordpress\/ -->\n<title>Comida de hermandad de FEN\u00d2MENS en la Ermita de Sant Gregori - Fenomens<\/title>\n<meta name=\"description\" content=\"La asociaci\u00f3n FEN\u00d2MENS celebr\u00f3 una comida de hermandad en la Ermita de Sant Gregori con paellas, rifa solidaria, m\u00fasica de Dj Eric y el cumplea\u00f1os de Laura.\" \/>\n<meta name=\"robots\" content=\"index, follow, max-snippet:-1, max-image-preview:large, max-video-preview:-1\" \/>\n<link rel=\"canonical\" href=\"https:\/\/fenomensassociacio.org\/va\/comida-hermandad-fenomens-benicarlo\/\" \/>\n<meta property=\"og:locale\" content=\"ca_ES\" \/>\n<meta property=\"og:type\" content=\"article\" \/>\n<meta property=\"og:title\" content=\"Comida de hermandad de FEN\u00d2MENS en la Ermita de Sant Gregori - Fenomens\" \/>\n<meta property=\"og:description\" content=\"La asociaci\u00f3n FEN\u00d2MENS celebr\u00f3 una comida de hermandad en la Ermita de Sant Gregori con paellas, rifa solidaria, m\u00fasica de Dj Eric y el cumplea\u00f1os de Laura.\" \/>\n<meta property=\"og:url\" content=\"https:\/\/fenomensassociacio.org\/va\/comida-hermandad-fenomens-benicarlo\/\" \/>\n<meta property=\"og:site_name\" content=\"Fenomens\" \/>\n<meta property=\"article:publisher\" content=\"https:\/\/www.facebook.com\/elsfenomens\/?locale=es_ES\" \/>\n<meta property=\"article:published_time\" content=\"2025-11-26T10:17:55+00:00\" \/>\n<meta property=\"article:modified_time\" content=\"2025-11-26T10:24:41+00:00\" \/>\n<meta property=\"og:image\" content=\"https:\/\/fenomensassociacio.org\/wp-content\/uploads\/2025\/11\/IMG_20251116_134020-scaled.webp\" \/>\n\t<meta property=\"og:image:width\" content=\"2560\" \/>\n\t<meta property=\"og:image:height\" content=\"1441\" \/>\n\t<meta property=\"og:image:type\" content=\"image\/webp\" \/>\n<meta name=\"author\" content=\"admin\" \/>\n<meta name=\"twitter:card\" content=\"summary_large_image\" \/>\n<meta name=\"twitter:label1\" content=\"Escrit per\" \/>\n\t<meta name=\"twitter:data1\" content=\"admin\" \/>\n\t<meta name=\"twitter:label2\" content=\"Temps estimat de lectura\" \/>\n\t<meta name=\"twitter:data2\" content=\"3 minuts\" \/>\n<script type=\"application\/ld+json\" class=\"yoast-schema-graph\">{\"@context\":\"https:\\\/\\\/schema.org\",\"@graph\":[{\"@type\":\"Article\",\"@id\":\"https:\\\/\\\/fenomensassociacio.org\\\/comida-hermandad-fenomens-benicarlo\\\/#article\",\"isPartOf\":{\"@id\":\"https:\\\/\\\/fenomensassociacio.org\\\/comida-hermandad-fenomens-benicarlo\\\/\"},\"author\":{\"name\":\"admin\",\"@id\":\"https:\\\/\\\/fenomensassociacio.org\\\/#\\\/schema\\\/person\\\/c1734ce1d720ad761110f905c22e4a6a\"},\"headline\":\"Comida de hermandad de FEN\u00d2MENS en la Ermita de Sant Gregori\",\"datePublished\":\"2025-11-26T10:17:55+00:00\",\"dateModified\":\"2025-11-26T10:24:41+00:00\",\"mainEntityOfPage\":{\"@id\":\"https:\\\/\\\/fenomensassociacio.org\\\/comida-hermandad-fenomens-benicarlo\\\/\"},\"wordCount\":288,\"commentCount\":0,\"publisher\":{\"@id\":\"https:\\\/\\\/fenomensassociacio.org\\\/#organization\"},\"image\":{\"@id\":\"https:\\\/\\\/fenomensassociacio.org\\\/comida-hermandad-fenomens-benicarlo\\\/#primaryimage\"},\"thumbnailUrl\":\"https:\\\/\\\/fenomensassociacio.org\\\/wp-content\\\/uploads\\\/2025\\\/11\\\/IMG_20251116_134020-scaled.webp\",\"articleSection\":[\"Uncategorized\"],\"inLanguage\":\"ca\",\"potentialAction\":[{\"@type\":\"CommentAction\",\"name\":\"Comment\",\"target\":[\"https:\\\/\\\/fenomensassociacio.org\\\/comida-hermandad-fenomens-benicarlo\\\/#respond\"]}]},{\"@type\":\"WebPage\",\"@id\":\"https:\\\/\\\/fenomensassociacio.org\\\/comida-hermandad-fenomens-benicarlo\\\/\",\"url\":\"https:\\\/\\\/fenomensassociacio.org\\\/comida-hermandad-fenomens-benicarlo\\\/\",\"name\":\"Comida de hermandad de FEN\u00d2MENS en la Ermita de Sant Gregori - Fenomens\",\"isPartOf\":{\"@id\":\"https:\\\/\\\/fenomensassociacio.org\\\/#website\"},\"primaryImageOfPage\":{\"@id\":\"https:\\\/\\\/fenomensassociacio.org\\\/comida-hermandad-fenomens-benicarlo\\\/#primaryimage\"},\"image\":{\"@id\":\"https:\\\/\\\/fenomensassociacio.org\\\/comida-hermandad-fenomens-benicarlo\\\/#primaryimage\"},\"thumbnailUrl\":\"https:\\\/\\\/fenomensassociacio.org\\\/wp-content\\\/uploads\\\/2025\\\/11\\\/IMG_20251116_134020-scaled.webp\",\"datePublished\":\"2025-11-26T10:17:55+00:00\",\"dateModified\":\"2025-11-26T10:24:41+00:00\",\"description\":\"La asociaci\u00f3n FEN\u00d2MENS celebr\u00f3 una comida de hermandad en la Ermita de Sant Gregori con paellas, rifa solidaria, m\u00fasica de Dj Eric y el cumplea\u00f1os de Laura.\",\"breadcrumb\":{\"@id\":\"https:\\\/\\\/fenomensassociacio.org\\\/comida-hermandad-fenomens-benicarlo\\\/#breadcrumb\"},\"inLanguage\":\"ca\",\"potentialAction\":[{\"@type\":\"ReadAction\",\"target\":[\"https:\\\/\\\/fenomensassociacio.org\\\/comida-hermandad-fenomens-benicarlo\\\/\"]}]},{\"@type\":\"ImageObject\",\"inLanguage\":\"ca\",\"@id\":\"https:\\\/\\\/fenomensassociacio.org\\\/comida-hermandad-fenomens-benicarlo\\\/#primaryimage\",\"url\":\"https:\\\/\\\/fenomensassociacio.org\\\/wp-content\\\/uploads\\\/2025\\\/11\\\/IMG_20251116_134020-scaled.webp\",\"contentUrl\":\"https:\\\/\\\/fenomensassociacio.org\\\/wp-content\\\/uploads\\\/2025\\\/11\\\/IMG_20251116_134020-scaled.webp\",\"width\":2560,\"height\":1441,\"caption\":\"Cocineros de las paellas\"},{\"@type\":\"BreadcrumbList\",\"@id\":\"https:\\\/\\\/fenomensassociacio.org\\\/comida-hermandad-fenomens-benicarlo\\\/#breadcrumb\",\"itemListElement\":[{\"@type\":\"ListItem\",\"position\":1,\"name\":\"Portada\",\"item\":\"https:\\\/\\\/fenomensassociacio.org\\\/\"},{\"@type\":\"ListItem\",\"position\":2,\"name\":\"Comida de hermandad de FEN\u00d2MENS en la Ermita de Sant Gregori\"}]},{\"@type\":\"WebSite\",\"@id\":\"https:\\\/\\\/fenomensassociacio.org\\\/#website\",\"url\":\"https:\\\/\\\/fenomensassociacio.org\\\/\",\"name\":\"Fenomens\",\"description\":\"Associaci\u00f3 de persones amb discapacitat intel.lectual\",\"publisher\":{\"@id\":\"https:\\\/\\\/fenomensassociacio.org\\\/#organization\"},\"potentialAction\":[{\"@type\":\"SearchAction\",\"target\":{\"@type\":\"EntryPoint\",\"urlTemplate\":\"https:\\\/\\\/fenomensassociacio.org\\\/?s={search_term_string}\"},\"query-input\":{\"@type\":\"PropertyValueSpecification\",\"valueRequired\":true,\"valueName\":\"search_term_string\"}}],\"inLanguage\":\"ca\"},{\"@type\":\"Organization\",\"@id\":\"https:\\\/\\\/fenomensassociacio.org\\\/#organization\",\"name\":\"Fenomens\",\"url\":\"https:\\\/\\\/fenomensassociacio.org\\\/\",\"logo\":{\"@type\":\"ImageObject\",\"inLanguage\":\"ca\",\"@id\":\"https:\\\/\\\/fenomensassociacio.org\\\/#\\\/schema\\\/logo\\\/image\\\/\",\"url\":\"https:\\\/\\\/fenomensassociacio.org\\\/wp-content\\\/uploads\\\/2020\\\/06\\\/logo_fenomens_color_sin_fondo_subtitulo.webp\",\"contentUrl\":\"https:\\\/\\\/fenomensassociacio.org\\\/wp-content\\\/uploads\\\/2020\\\/06\\\/logo_fenomens_color_sin_fondo_subtitulo.webp\",\"width\":2048,\"height\":1707,\"caption\":\"Fenomens\"},\"image\":{\"@id\":\"https:\\\/\\\/fenomensassociacio.org\\\/#\\\/schema\\\/logo\\\/image\\\/\"},\"sameAs\":[\"https:\\\/\\\/www.facebook.com\\\/elsfenomens\\\/?locale=es_ES\",\"https:\\\/\\\/www.instagram.com\\\/associacio_fenomens\\\/p\\\/DDjl2kbIsrU\\\/?img_index=1\"]},{\"@type\":\"Person\",\"@id\":\"https:\\\/\\\/fenomensassociacio.org\\\/#\\\/schema\\\/person\\\/c1734ce1d720ad761110f905c22e4a6a\",\"name\":\"admin\",\"image\":{\"@type\":\"ImageObject\",\"inLanguage\":\"ca\",\"@id\":\"https:\\\/\\\/fenomensassociacio.org\\\/wp-content\\\/litespeed\\\/avatar\\\/8a4c5022de4aad7118ebd8830ae8ea5f.jpg?ver=1776947167\",\"url\":\"https:\\\/\\\/fenomensassociacio.org\\\/wp-content\\\/litespeed\\\/avatar\\\/8a4c5022de4aad7118ebd8830ae8ea5f.jpg?ver=1776947167\",\"contentUrl\":\"https:\\\/\\\/fenomensassociacio.org\\\/wp-content\\\/litespeed\\\/avatar\\\/8a4c5022de4aad7118ebd8830ae8ea5f.jpg?ver=1776947167\",\"caption\":\"admin\"},\"sameAs\":[\"https:\\\/\\\/fenomensassociacio.org\"],\"url\":\"https:\\\/\\\/fenomensassociacio.org\\\/va\\\/author\\\/fenomensa\\\/\"}]}<\/script>\n<!-- \/ Yoast SEO plugin. -->","yoast_head_json":{"title":"Comida de hermandad de FEN\u00d2MENS en la Ermita de Sant Gregori - Fenomens","description":"La asociaci\u00f3n FEN\u00d2MENS celebr\u00f3 una comida de hermandad en la Ermita de Sant Gregori con paellas, rifa solidaria, m\u00fasica de Dj Eric y el cumplea\u00f1os de Laura.","robots":{"index":"index","follow":"follow","max-snippet":"max-snippet:-1","max-image-preview":"max-image-preview:large","max-video-preview":"max-video-preview:-1"},"canonical":"https:\/\/fenomensassociacio.org\/va\/comida-hermandad-fenomens-benicarlo\/","og_locale":"ca_ES","og_type":"article","og_title":"Comida de hermandad de FEN\u00d2MENS en la Ermita de Sant Gregori - Fenomens","og_description":"La asociaci\u00f3n FEN\u00d2MENS celebr\u00f3 una comida de hermandad en la Ermita de Sant Gregori con paellas, rifa solidaria, m\u00fasica de Dj Eric y el cumplea\u00f1os de Laura.","og_url":"https:\/\/fenomensassociacio.org\/va\/comida-hermandad-fenomens-benicarlo\/","og_site_name":"Fenomens","article_publisher":"https:\/\/www.facebook.com\/elsfenomens\/?locale=es_ES","article_published_time":"2025-11-26T10:17:55+00:00","article_modified_time":"2025-11-26T10:24:41+00:00","og_image":[{"width":2560,"height":1441,"url":"https:\/\/fenomensassociacio.org\/wp-content\/uploads\/2025\/11\/IMG_20251116_134020-scaled.webp","type":"image\/webp"}],"author":"admin","twitter_card":"summary_large_image","twitter_misc":{"Escrit per":"admin","Temps estimat de lectura":"3 minuts"},"schema":{"@context":"https:\/\/schema.org","@graph":[{"@type":"Article","@id":"https:\/\/fenomensassociacio.org\/comida-hermandad-fenomens-benicarlo\/#article","isPartOf":{"@id":"https:\/\/fenomensassociacio.org\/comida-hermandad-fenomens-benicarlo\/"},"author":{"name":"admin","@id":"https:\/\/fenomensassociacio.org\/#\/schema\/person\/c1734ce1d720ad761110f905c22e4a6a"},"headline":"Comida de hermandad de FEN\u00d2MENS en la Ermita de Sant Gregori","datePublished":"2025-11-26T10:17:55+00:00","dateModified":"2025-11-26T10:24:41+00:00","mainEntityOfPage":{"@id":"https:\/\/fenomensassociacio.org\/comida-hermandad-fenomens-benicarlo\/"},"wordCount":288,"commentCount":0,"publisher":{"@id":"https:\/\/fenomensassociacio.org\/#organization"},"image":{"@id":"https:\/\/fenomensassociacio.org\/comida-hermandad-fenomens-benicarlo\/#primaryimage"},"thumbnailUrl":"https:\/\/fenomensassociacio.org\/wp-content\/uploads\/2025\/11\/IMG_20251116_134020-scaled.webp","articleSection":["Uncategorized"],"inLanguage":"ca","potentialAction":[{"@type":"CommentAction","name":"Comment","target":["https:\/\/fenomensassociacio.org\/comida-hermandad-fenomens-benicarlo\/#respond"]}]},{"@type":"WebPage","@id":"https:\/\/fenomensassociacio.org\/comida-hermandad-fenomens-benicarlo\/","url":"https:\/\/fenomensassociacio.org\/comida-hermandad-fenomens-benicarlo\/","name":"Comida de hermandad de FEN\u00d2MENS en la Ermita de Sant Gregori - Fenomens","isPartOf":{"@id":"https:\/\/fenomensassociacio.org\/#website"},"primaryImageOfPage":{"@id":"https:\/\/fenomensassociacio.org\/comida-hermandad-fenomens-benicarlo\/#primaryimage"},"image":{"@id":"https:\/\/fenomensassociacio.org\/comida-hermandad-fenomens-benicarlo\/#primaryimage"},"thumbnailUrl":"https:\/\/fenomensassociacio.org\/wp-content\/uploads\/2025\/11\/IMG_20251116_134020-scaled.webp","datePublished":"2025-11-26T10:17:55+00:00","dateModified":"2025-11-26T10:24:41+00:00","description":"La asociaci\u00f3n FEN\u00d2MENS celebr\u00f3 una comida de hermandad en la Ermita de Sant Gregori con paellas, rifa solidaria, m\u00fasica de Dj Eric y el cumplea\u00f1os de Laura.","breadcrumb":{"@id":"https:\/\/fenomensassociacio.org\/comida-hermandad-fenomens-benicarlo\/#breadcrumb"},"inLanguage":"ca","potentialAction":[{"@type":"ReadAction","target":["https:\/\/fenomensassociacio.org\/comida-hermandad-fenomens-benicarlo\/"]}]},{"@type":"ImageObject","inLanguage":"ca","@id":"https:\/\/fenomensassociacio.org\/comida-hermandad-fenomens-benicarlo\/#primaryimage","url":"https:\/\/fenomensassociacio.org\/wp-content\/uploads\/2025\/11\/IMG_20251116_134020-scaled.webp","contentUrl":"https:\/\/fenomensassociacio.org\/wp-content\/uploads\/2025\/11\/IMG_20251116_134020-scaled.webp","width":2560,"height":1441,"caption":"Cocineros de las paellas"},{"@type":"BreadcrumbList","@id":"https:\/\/fenomensassociacio.org\/comida-hermandad-fenomens-benicarlo\/#breadcrumb","itemListElement":[{"@type":"ListItem","position":1,"name":"Portada","item":"https:\/\/fenomensassociacio.org\/"},{"@type":"ListItem","position":2,"name":"Comida de hermandad de FEN\u00d2MENS en la Ermita de Sant Gregori"}]},{"@type":"WebSite","@id":"https:\/\/fenomensassociacio.org\/#website","url":"https:\/\/fenomensassociacio.org\/","name":"Fenomens","description":"Associaci\u00f3 de persones amb discapacitat intel.lectual","publisher":{"@id":"https:\/\/fenomensassociacio.org\/#organization"},"potentialAction":[{"@type":"SearchAction","target":{"@type":"EntryPoint","urlTemplate":"https:\/\/fenomensassociacio.org\/?s={search_term_string}"},"query-input":{"@type":"PropertyValueSpecification","valueRequired":true,"valueName":"search_term_string"}}],"inLanguage":"ca"},{"@type":"Organization","@id":"https:\/\/fenomensassociacio.org\/#organization","name":"Fenomens","url":"https:\/\/fenomensassociacio.org\/","logo":{"@type":"ImageObject","inLanguage":"ca","@id":"https:\/\/fenomensassociacio.org\/#\/schema\/logo\/image\/","url":"https:\/\/fenomensassociacio.org\/wp-content\/uploads\/2020\/06\/logo_fenomens_color_sin_fondo_subtitulo.webp","contentUrl":"https:\/\/fenomensassociacio.org\/wp-content\/uploads\/2020\/06\/logo_fenomens_color_sin_fondo_subtitulo.webp","width":2048,"height":1707,"caption":"Fenomens"},"image":{"@id":"https:\/\/fenomensassociacio.org\/#\/schema\/logo\/image\/"},"sameAs":["https:\/\/www.facebook.com\/elsfenomens\/?locale=es_ES","https:\/\/www.instagram.com\/associacio_fenomens\/p\/DDjl2kbIsrU\/?img_index=1"]},{"@type":"Person","@id":"https:\/\/fenomensassociacio.org\/#\/schema\/person\/c1734ce1d720ad761110f905c22e4a6a","name":"admin","image":{"@type":"ImageObject","inLanguage":"ca","@id":"https:\/\/fenomensassociacio.org\/wp-content\/litespeed\/avatar\/8a4c5022de4aad7118ebd8830ae8ea5f.jpg?ver=1776947167","url":"https:\/\/fenomensassociacio.org\/wp-content\/litespeed\/avatar\/8a4c5022de4aad7118ebd8830ae8ea5f.jpg?ver=1776947167","contentUrl":"https:\/\/fenomensassociacio.org\/wp-content\/litespeed\/avatar\/8a4c5022de4aad7118ebd8830ae8ea5f.jpg?ver=1776947167","caption":"admin"},"sameAs":["https:\/\/fenomensassociacio.org"],"url":"https:\/\/fenomensassociacio.org\/va\/author\/fenomensa\/"}]}},"_links":{"self":[{"href":"https:\/\/fenomensassociacio.org\/va\/wp-json\/wp\/v2\/posts\/5759","targetHints":{"allow":["GET"]}}],"collection":[{"href":"https:\/\/fenomensassociacio.org\/va\/wp-json\/wp\/v2\/posts"}],"about":[{"href":"https:\/\/fenomensassociacio.org\/va\/wp-json\/wp\/v2\/types\/post"}],"author":[{"embeddable":true,"href":"https:\/\/fenomensassociacio.org\/va\/wp-json\/wp\/v2\/users\/1"}],"replies":[{"embeddable":true,"href":"https:\/\/fenomensassociacio.org\/va\/wp-json\/wp\/v2\/comments?post=5759"}],"version-history":[{"count":4,"href":"https:\/\/fenomensassociacio.org\/va\/wp-json\/wp\/v2\/posts\/5759\/revisions"}],"predecessor-version":[{"id":5770,"href":"https:\/\/fenomensassociacio.org\/va\/wp-json\/wp\/v2\/posts\/5759\/revisions\/5770"}],"wp:featuredmedia":[{"embeddable":true,"href":"https:\/\/fenomensassociacio.org\/va\/wp-json\/wp\/v2\/media\/5765"}],"wp:attachment":[{"href":"https:\/\/fenomensassociacio.org\/va\/wp-json\/wp\/v2\/media?parent=5759"}],"wp:term":[{"taxonomy":"category","embeddable":true,"href":"https:\/\/fenomensassociacio.org\/va\/wp-json\/wp\/v2\/categories?post=5759"},{"taxonomy":"post_tag","embeddable":true,"href":"https:\/\/fenomensassociacio.org\/va\/wp-json\/wp\/v2\/tags?post=5759"}],"curies":[{"name":"wp","href":"https:\/\/api.w.org\/{rel}","templated":true}]}}