{"id":5772,"date":"2025-12-07T12:06:49","date_gmt":"2025-12-07T11:06:49","guid":{"rendered":"https:\/\/fenomensassociacio.org\/?p=5772"},"modified":"2025-12-07T12:15:52","modified_gmt":"2025-12-07T11:15:52","slug":"chocolatada-solidaria-benicarlo-fira-nadal-fenomens","status":"publish","type":"post","link":"https:\/\/fenomensassociacio.org\/va\/chocolatada-solidaria-benicarlo-fira-nadal-fenomens\/","title":{"rendered":"Fen\u00f2mens a la Fira de Nadal"},"content":{"rendered":"<div data-elementor-type=\"wp-post\" data-elementor-id=\"5772\" class=\"elementor elementor-5772\" data-elementor-post-type=\"post\">\n\t\t\t\t<div class=\"elementor-element elementor-element-fa6d049 e-flex e-con-boxed e-con e-parent\" data-id=\"fa6d049\" data-element_type=\"container\" data-e-type=\"container\" data-settings=\"{&quot;jet_parallax_layout_list&quot;:[]}\">\n\t\t\t\t\t<div class=\"e-con-inner\">\n\t\t\t\t<div class=\"elementor-element elementor-element-cd47263 elementor-drop-cap-yes elementor-drop-cap-view-default elementor-widget elementor-widget-text-editor\" data-id=\"cd47263\" data-element_type=\"widget\" data-e-type=\"widget\" data-settings=\"{&quot;drop_cap&quot;:&quot;yes&quot;}\" data-widget_type=\"text-editor.default\">\n\t\t\t\t<div class=\"elementor-widget-container\">\n\t\t\t\t\t\t\t\t\t<p data-start=\"351\" data-end=\"602\">El passat 6 de desembre, la Pla\u00e7a Sant Bertomeu de Benicarl\u00f3 es va omplir d'ambient nadalenc amb la celebraci\u00f3 de la <strong><span style=\"color: #ff6600;\">\u00a0Fira de Nadal <\/span><\/strong>, una trobada que va reunir ve\u00efns, visitants i entitats locals en un dia festiu i ple de solidaritat.<\/p><p data-start=\"604\" data-end=\"899\">En aquesta edici\u00f3, l\u00b4 <span style=\"color: #ff6600;\"><strong data-start=\"624\" data-end=\"675\">\u00a0Associaci\u00f3 de la Dona Agricultora de Benicarl\u00f3 <\/strong><\/span>\u00a0va tenir un paper destacat organitzant una xocolatada popular que va atreure desenes de persones. L'aroma de la xocolata calenta, unida a l'esperit nadalenc, va crear un ambient acollidor que convidava a participar i compartir.<\/p><p data-start=\"901\" data-end=\"1255\">La xocolatada va tenir una fi totalment solid\u00e0ria, ja que tots els beneficis recaptats aniran destinats a l'Associaci\u00f3 <span style=\"color: #ff6600;\"><strong>\u00a0<span style=\"color: #ff6600;\"><a style=\"color: #ff6600;\" href=\"https:\/\/fenomensassociacio.org\/va\/\">FEN\u00d2MENS<\/a><\/span><\/strong><\/span> .<\/p><p data-start=\"1257\" data-end=\"1609\">A m\u00e9s, l'Associaci\u00f3 de la Dona Agricultora va voler fer un pas m\u00e9s i va mostrar el seu comprom\u00eds cedint el seu propi estand a l'Associaci\u00f3 <span style=\"color: #ff6600;\"><strong>\u00a0<span style=\"color: #ff6600;\"><a style=\"color: #ff6600;\" href=\"https:\/\/fenomensassociacio.org\/va\/\">FEN\u00d2MENS<\/a><\/span><\/strong><\/span> , perqu\u00e8 poguessin dur a terme la venda dels seus calendaris solidaris. Gr\u00e0cies a aquest gest, <span style=\"color: #ff6600;\"><strong>\u00a0<span style=\"color: #ff6600;\"><a style=\"color: #ff6600;\" href=\"https:\/\/fenomensassociacio.org\/va\/\">FEN\u00d2MENS <\/a><\/span><\/strong><\/span>\u00a0 va tenir m\u00e9s visibilitat dins de la fira i va poder acostar el seu projecte a moltes m\u00e9s persones.<\/p><p data-start=\"1611\" data-end=\"1807\">La col\u00b7laboraci\u00f3 entre les dues associacions es va convertir en un dels moments m\u00e9s emotius de la jornada, demostrant que quan Benicarl\u00f3 uneix forces, \u00e9s capa\u00e7 de generar un impacte positiu real.<\/p><p data-start=\"1809\" data-end=\"2143\">L'ambient festiu, la participaci\u00f3 ve\u00efnal i el comprom\u00eds social van fer que aquesta Fira de Nadal fos una cita inoblidable a l'inici de la temporada nadalenca. Des d'aqu\u00ed volem transmetre un agra\u00efment especial a l\u00b4 <span style=\"color: #ff6600;\"><strong data-start=\"2043\" data-end=\"2094\">\u00a0Associaci\u00f3 de la Dona Agricultora de Benicarl\u00f3 <\/strong><\/span>\u00a0per la seva generositat, esfor\u00e7 i dedicaci\u00f3.<\/p><p data-start=\"2145\" data-end=\"2271\" data-is-last-node=\"\" data-is-only-node=\"\">Gr\u00e0cies per aportar calor, solidaritat i uni\u00f3 en un dia tan especial pel nostre poble.<br data-start=\"2235\" data-end=\"2238\" \/>Ens veiem a la propera edici\u00f3!<\/p>\t\t\t\t\t\t\t\t<\/div>\n\t\t\t\t<\/div>\n\t\t\t\t\t<\/div>\n\t\t\t\t<\/div>\n\t\t<div class=\"elementor-element elementor-element-8308a91 e-flex e-con-boxed e-con e-parent\" data-id=\"8308a91\" data-element_type=\"container\" data-e-type=\"container\" data-settings=\"{&quot;jet_parallax_layout_list&quot;:[]}\">\n\t\t\t\t\t<div class=\"e-con-inner\">\n\t\t\t\t<div class=\"elementor-element elementor-element-b3cdd02 elementor-arrows-position-inside elementor-pagination-position-outside elementor-widget elementor-widget-image-carousel\" data-id=\"b3cdd02\" data-element_type=\"widget\" data-e-type=\"widget\" data-settings=\"{&quot;slides_to_show&quot;:&quot;2&quot;,&quot;navigation&quot;:&quot;both&quot;,&quot;autoplay&quot;:&quot;yes&quot;,&quot;pause_on_hover&quot;:&quot;yes&quot;,&quot;pause_on_interaction&quot;:&quot;yes&quot;,&quot;autoplay_speed&quot;:5000,&quot;infinite&quot;:&quot;yes&quot;,&quot;speed&quot;:500}\" data-widget_type=\"image-carousel.default\">\n\t\t\t\t<div class=\"elementor-widget-container\">\n\t\t\t\t\t\t\t<div class=\"elementor-image-carousel-wrapper swiper\" role=\"region\" aria-roledescription=\"carousel\" aria-label=\"Carrusel d&#039;imatges\" dir=\"ltr\">\n\t\t\t<div class=\"elementor-image-carousel swiper-wrapper\" aria-live=\"off\">\n\t\t\t\t\t\t\t\t<div class=\"swiper-slide\" role=\"group\" aria-roledescription=\"slide\" aria-label=\"1 de 4\"><figure class=\"swiper-slide-inner\"><img decoding=\"async\" class=\"swiper-slide-image\" src=\"https:\/\/fenomensassociacio.org\/wp-content\/uploads\/2025\/12\/IMG_20251206_174527-400x400.webp\" alt=\"Foto calendario solidario\" \/><\/figure><\/div><div class=\"swiper-slide\" role=\"group\" aria-roledescription=\"slide\" aria-label=\"2 de 4\"><figure class=\"swiper-slide-inner\"><img decoding=\"async\" class=\"swiper-slide-image\" src=\"https:\/\/fenomensassociacio.org\/wp-content\/uploads\/2025\/12\/IMG_20251206_174311-400x400.webp\" alt=\"Stand mujer agricultora Benicarl\u00f3\" \/><\/figure><\/div><div class=\"swiper-slide\" role=\"group\" aria-roledescription=\"slide\" aria-label=\"3 de 4\"><figure class=\"swiper-slide-inner\"><img decoding=\"async\" class=\"swiper-slide-image\" src=\"https:\/\/fenomensassociacio.org\/wp-content\/uploads\/2025\/12\/IMG_20251206_174259-400x400.webp\" alt=\"Stand mujer agricultora Benicarl\u00f3\" \/><\/figure><\/div><div class=\"swiper-slide\" role=\"group\" aria-roledescription=\"slide\" aria-label=\"4 de 4\"><figure class=\"swiper-slide-inner\"><img decoding=\"async\" class=\"swiper-slide-image\" src=\"https:\/\/fenomensassociacio.org\/wp-content\/uploads\/2025\/12\/IMG_20251206_174242-400x400.webp\" alt=\"participantes en la venta del calendario solidario\" \/><\/figure><\/div>\t\t\t<\/div>\n\t\t\t\t\t\t\t\t\t\t\t\t<div class=\"elementor-swiper-button elementor-swiper-button-prev\" role=\"button\" tabindex=\"0\">\n\t\t\t\t\t\t<svg aria-hidden=\"true\" class=\"e-font-icon-svg e-eicon-chevron-left\" viewbox=\"0 0 1000 1000\" xmlns=\"http:\/\/www.w3.org\/2000\/svg\"><path d=\"M646 125C629 125 613 133 604 142L308 442C296 454 292 471 292 487 292 504 296 521 308 533L604 854C617 867 629 875 646 875 663 875 679 871 692 858 704 846 713 829 713 812 713 796 708 779 692 767L438 487 692 225C700 217 708 204 708 187 708 171 704 154 692 142 675 129 663 125 646 125Z\"><\/path><\/svg>\t\t\t\t\t<\/div>\n\t\t\t\t\t<div class=\"elementor-swiper-button elementor-swiper-button-next\" role=\"button\" tabindex=\"0\">\n\t\t\t\t\t\t<svg aria-hidden=\"true\" class=\"e-font-icon-svg e-eicon-chevron-right\" viewbox=\"0 0 1000 1000\" xmlns=\"http:\/\/www.w3.org\/2000\/svg\"><path d=\"M696 533C708 521 713 504 713 487 713 471 708 454 696 446L400 146C388 133 375 125 354 125 338 125 325 129 313 142 300 154 292 171 292 187 292 204 296 221 308 233L563 492 304 771C292 783 288 800 288 817 288 833 296 850 308 863 321 871 338 875 354 875 371 875 388 867 400 854L696 533Z\"><\/path><\/svg>\t\t\t\t\t<\/div>\n\t\t\t\t\n\t\t\t\t\t\t\t\t\t<div class=\"swiper-pagination\"><\/div>\n\t\t\t\t\t\t\t\t\t<\/div>\n\t\t\t\t\t\t<\/div>\n\t\t\t\t<\/div>\n\t\t\t\t\t<\/div>\n\t\t\t\t<\/div>\n\t\t\t\t<\/div>","protected":false},"excerpt":{"rendered":"<p>El pasado 6 de diciembre, la Plaza Sant Bertomeu de Benicarl\u00f3 se llen\u00f3 de ambiente navide\u00f1o con la celebraci\u00f3n de la \u00a0Fira de Nadal , un encuentro que reuni\u00f3 a vecinos, visitantes y entidades locales en un d\u00eda festivo y lleno de solidaridad. En esta edici\u00f3n, la \u00a0Asociaci\u00f3n de la Mujer Agricultora de Benicarl\u00f3 \u00a0tuvo [&hellip;]<\/p>\n","protected":false},"author":1,"featured_media":5777,"comment_status":"open","ping_status":"closed","sticky":false,"template":"","format":"standard","meta":{"footnotes":""},"categories":[1],"tags":[],"class_list":["post-5772","post","type-post","status-publish","format-standard","has-post-thumbnail","hentry","category-uncategorized"],"yoast_head":"<!-- This site is optimized with the Yoast SEO plugin v27.4 - https:\/\/yoast.com\/product\/yoast-seo-wordpress\/ -->\n<title>Fen\u00f2mens a la Fira de Nadal - Fenomens<\/title>\n<meta name=\"description\" content=\"Fen\u00f2mens y la Asociaci\u00f3n de la Mujer Agricultora de Benicarl\u00f3 participan en la Fira de Nadal con una chocolatada solidaria.\" \/>\n<meta name=\"robots\" content=\"index, follow, max-snippet:-1, max-image-preview:large, max-video-preview:-1\" \/>\n<link rel=\"canonical\" href=\"https:\/\/fenomensassociacio.org\/va\/chocolatada-solidaria-benicarlo-fira-nadal-fenomens\/\" \/>\n<meta property=\"og:locale\" content=\"ca_ES\" \/>\n<meta property=\"og:type\" content=\"article\" \/>\n<meta property=\"og:title\" content=\"Fen\u00f2mens a la Fira de Nadal - Fenomens\" \/>\n<meta property=\"og:description\" content=\"Fen\u00f2mens y la Asociaci\u00f3n de la Mujer Agricultora de Benicarl\u00f3 participan en la Fira de Nadal con una chocolatada solidaria.\" \/>\n<meta property=\"og:url\" content=\"https:\/\/fenomensassociacio.org\/va\/chocolatada-solidaria-benicarlo-fira-nadal-fenomens\/\" \/>\n<meta property=\"og:site_name\" content=\"Fenomens\" \/>\n<meta property=\"article:publisher\" content=\"https:\/\/www.facebook.com\/elsfenomens\/?locale=es_ES\" \/>\n<meta property=\"article:published_time\" content=\"2025-12-07T11:06:49+00:00\" \/>\n<meta property=\"article:modified_time\" content=\"2025-12-07T11:15:52+00:00\" \/>\n<meta property=\"og:image\" content=\"https:\/\/fenomensassociacio.org\/wp-content\/uploads\/2025\/12\/IMG_20251206_193102-scaled.webp\" \/>\n\t<meta property=\"og:image:width\" content=\"2560\" \/>\n\t<meta property=\"og:image:height\" content=\"1441\" \/>\n\t<meta property=\"og:image:type\" content=\"image\/webp\" \/>\n<meta name=\"author\" content=\"admin\" \/>\n<meta name=\"twitter:card\" content=\"summary_large_image\" \/>\n<meta name=\"twitter:label1\" content=\"Escrit per\" \/>\n\t<meta name=\"twitter:data1\" content=\"admin\" \/>\n\t<meta name=\"twitter:label2\" content=\"Temps estimat de lectura\" \/>\n\t<meta name=\"twitter:data2\" content=\"3 minuts\" \/>\n<script type=\"application\/ld+json\" class=\"yoast-schema-graph\">{\"@context\":\"https:\\\/\\\/schema.org\",\"@graph\":[{\"@type\":\"Article\",\"@id\":\"https:\\\/\\\/fenomensassociacio.org\\\/chocolatada-solidaria-benicarlo-fira-nadal-fenomens\\\/#article\",\"isPartOf\":{\"@id\":\"https:\\\/\\\/fenomensassociacio.org\\\/chocolatada-solidaria-benicarlo-fira-nadal-fenomens\\\/\"},\"author\":{\"name\":\"admin\",\"@id\":\"https:\\\/\\\/fenomensassociacio.org\\\/#\\\/schema\\\/person\\\/c1734ce1d720ad761110f905c22e4a6a\"},\"headline\":\"Fen\u00f2mens a la Fira de Nadal\",\"datePublished\":\"2025-12-07T11:06:49+00:00\",\"dateModified\":\"2025-12-07T11:15:52+00:00\",\"mainEntityOfPage\":{\"@id\":\"https:\\\/\\\/fenomensassociacio.org\\\/chocolatada-solidaria-benicarlo-fira-nadal-fenomens\\\/\"},\"wordCount\":299,\"commentCount\":0,\"publisher\":{\"@id\":\"https:\\\/\\\/fenomensassociacio.org\\\/#organization\"},\"image\":{\"@id\":\"https:\\\/\\\/fenomensassociacio.org\\\/chocolatada-solidaria-benicarlo-fira-nadal-fenomens\\\/#primaryimage\"},\"thumbnailUrl\":\"https:\\\/\\\/fenomensassociacio.org\\\/wp-content\\\/uploads\\\/2025\\\/12\\\/IMG_20251206_193102-scaled.webp\",\"articleSection\":[\"Uncategorized\"],\"inLanguage\":\"ca\",\"potentialAction\":[{\"@type\":\"CommentAction\",\"name\":\"Comment\",\"target\":[\"https:\\\/\\\/fenomensassociacio.org\\\/chocolatada-solidaria-benicarlo-fira-nadal-fenomens\\\/#respond\"]}]},{\"@type\":\"WebPage\",\"@id\":\"https:\\\/\\\/fenomensassociacio.org\\\/chocolatada-solidaria-benicarlo-fira-nadal-fenomens\\\/\",\"url\":\"https:\\\/\\\/fenomensassociacio.org\\\/chocolatada-solidaria-benicarlo-fira-nadal-fenomens\\\/\",\"name\":\"Fen\u00f2mens a la Fira de Nadal - Fenomens\",\"isPartOf\":{\"@id\":\"https:\\\/\\\/fenomensassociacio.org\\\/#website\"},\"primaryImageOfPage\":{\"@id\":\"https:\\\/\\\/fenomensassociacio.org\\\/chocolatada-solidaria-benicarlo-fira-nadal-fenomens\\\/#primaryimage\"},\"image\":{\"@id\":\"https:\\\/\\\/fenomensassociacio.org\\\/chocolatada-solidaria-benicarlo-fira-nadal-fenomens\\\/#primaryimage\"},\"thumbnailUrl\":\"https:\\\/\\\/fenomensassociacio.org\\\/wp-content\\\/uploads\\\/2025\\\/12\\\/IMG_20251206_193102-scaled.webp\",\"datePublished\":\"2025-12-07T11:06:49+00:00\",\"dateModified\":\"2025-12-07T11:15:52+00:00\",\"description\":\"Fen\u00f2mens y la Asociaci\u00f3n de la Mujer Agricultora de Benicarl\u00f3 participan en la Fira de Nadal con una chocolatada solidaria.\",\"breadcrumb\":{\"@id\":\"https:\\\/\\\/fenomensassociacio.org\\\/chocolatada-solidaria-benicarlo-fira-nadal-fenomens\\\/#breadcrumb\"},\"inLanguage\":\"ca\",\"potentialAction\":[{\"@type\":\"ReadAction\",\"target\":[\"https:\\\/\\\/fenomensassociacio.org\\\/chocolatada-solidaria-benicarlo-fira-nadal-fenomens\\\/\"]}]},{\"@type\":\"ImageObject\",\"inLanguage\":\"ca\",\"@id\":\"https:\\\/\\\/fenomensassociacio.org\\\/chocolatada-solidaria-benicarlo-fira-nadal-fenomens\\\/#primaryimage\",\"url\":\"https:\\\/\\\/fenomensassociacio.org\\\/wp-content\\\/uploads\\\/2025\\\/12\\\/IMG_20251206_193102-scaled.webp\",\"contentUrl\":\"https:\\\/\\\/fenomensassociacio.org\\\/wp-content\\\/uploads\\\/2025\\\/12\\\/IMG_20251206_193102-scaled.webp\",\"width\":2560,\"height\":1441,\"caption\":\"participantes en la chocolatada popular con fen\u00f2mens\"},{\"@type\":\"BreadcrumbList\",\"@id\":\"https:\\\/\\\/fenomensassociacio.org\\\/chocolatada-solidaria-benicarlo-fira-nadal-fenomens\\\/#breadcrumb\",\"itemListElement\":[{\"@type\":\"ListItem\",\"position\":1,\"name\":\"Portada\",\"item\":\"https:\\\/\\\/fenomensassociacio.org\\\/\"},{\"@type\":\"ListItem\",\"position\":2,\"name\":\"Fen\u00f2mens a la Fira de Nadal\"}]},{\"@type\":\"WebSite\",\"@id\":\"https:\\\/\\\/fenomensassociacio.org\\\/#website\",\"url\":\"https:\\\/\\\/fenomensassociacio.org\\\/\",\"name\":\"Fenomens\",\"description\":\"Associaci\u00f3 de persones amb discapacitat intel.lectual\",\"publisher\":{\"@id\":\"https:\\\/\\\/fenomensassociacio.org\\\/#organization\"},\"potentialAction\":[{\"@type\":\"SearchAction\",\"target\":{\"@type\":\"EntryPoint\",\"urlTemplate\":\"https:\\\/\\\/fenomensassociacio.org\\\/?s={search_term_string}\"},\"query-input\":{\"@type\":\"PropertyValueSpecification\",\"valueRequired\":true,\"valueName\":\"search_term_string\"}}],\"inLanguage\":\"ca\"},{\"@type\":\"Organization\",\"@id\":\"https:\\\/\\\/fenomensassociacio.org\\\/#organization\",\"name\":\"Fenomens\",\"url\":\"https:\\\/\\\/fenomensassociacio.org\\\/\",\"logo\":{\"@type\":\"ImageObject\",\"inLanguage\":\"ca\",\"@id\":\"https:\\\/\\\/fenomensassociacio.org\\\/#\\\/schema\\\/logo\\\/image\\\/\",\"url\":\"https:\\\/\\\/fenomensassociacio.org\\\/wp-content\\\/uploads\\\/2020\\\/06\\\/logo_fenomens_color_sin_fondo_subtitulo.webp\",\"contentUrl\":\"https:\\\/\\\/fenomensassociacio.org\\\/wp-content\\\/uploads\\\/2020\\\/06\\\/logo_fenomens_color_sin_fondo_subtitulo.webp\",\"width\":2048,\"height\":1707,\"caption\":\"Fenomens\"},\"image\":{\"@id\":\"https:\\\/\\\/fenomensassociacio.org\\\/#\\\/schema\\\/logo\\\/image\\\/\"},\"sameAs\":[\"https:\\\/\\\/www.facebook.com\\\/elsfenomens\\\/?locale=es_ES\",\"https:\\\/\\\/www.instagram.com\\\/associacio_fenomens\\\/p\\\/DDjl2kbIsrU\\\/?img_index=1\"]},{\"@type\":\"Person\",\"@id\":\"https:\\\/\\\/fenomensassociacio.org\\\/#\\\/schema\\\/person\\\/c1734ce1d720ad761110f905c22e4a6a\",\"name\":\"admin\",\"image\":{\"@type\":\"ImageObject\",\"inLanguage\":\"ca\",\"@id\":\"https:\\\/\\\/fenomensassociacio.org\\\/wp-content\\\/litespeed\\\/avatar\\\/8a4c5022de4aad7118ebd8830ae8ea5f.jpg?ver=1776947167\",\"url\":\"https:\\\/\\\/fenomensassociacio.org\\\/wp-content\\\/litespeed\\\/avatar\\\/8a4c5022de4aad7118ebd8830ae8ea5f.jpg?ver=1776947167\",\"contentUrl\":\"https:\\\/\\\/fenomensassociacio.org\\\/wp-content\\\/litespeed\\\/avatar\\\/8a4c5022de4aad7118ebd8830ae8ea5f.jpg?ver=1776947167\",\"caption\":\"admin\"},\"sameAs\":[\"https:\\\/\\\/fenomensassociacio.org\"],\"url\":\"https:\\\/\\\/fenomensassociacio.org\\\/va\\\/author\\\/fenomensa\\\/\"}]}<\/script>\n<!-- \/ Yoast SEO plugin. -->","yoast_head_json":{"title":"Fen\u00f2mens a la Fira de Nadal - Fenomens","description":"Fen\u00f2mens y la Asociaci\u00f3n de la Mujer Agricultora de Benicarl\u00f3 participan en la Fira de Nadal con una chocolatada solidaria.","robots":{"index":"index","follow":"follow","max-snippet":"max-snippet:-1","max-image-preview":"max-image-preview:large","max-video-preview":"max-video-preview:-1"},"canonical":"https:\/\/fenomensassociacio.org\/va\/chocolatada-solidaria-benicarlo-fira-nadal-fenomens\/","og_locale":"ca_ES","og_type":"article","og_title":"Fen\u00f2mens a la Fira de Nadal - Fenomens","og_description":"Fen\u00f2mens y la Asociaci\u00f3n de la Mujer Agricultora de Benicarl\u00f3 participan en la Fira de Nadal con una chocolatada solidaria.","og_url":"https:\/\/fenomensassociacio.org\/va\/chocolatada-solidaria-benicarlo-fira-nadal-fenomens\/","og_site_name":"Fenomens","article_publisher":"https:\/\/www.facebook.com\/elsfenomens\/?locale=es_ES","article_published_time":"2025-12-07T11:06:49+00:00","article_modified_time":"2025-12-07T11:15:52+00:00","og_image":[{"width":2560,"height":1441,"url":"https:\/\/fenomensassociacio.org\/wp-content\/uploads\/2025\/12\/IMG_20251206_193102-scaled.webp","type":"image\/webp"}],"author":"admin","twitter_card":"summary_large_image","twitter_misc":{"Escrit per":"admin","Temps estimat de lectura":"3 minuts"},"schema":{"@context":"https:\/\/schema.org","@graph":[{"@type":"Article","@id":"https:\/\/fenomensassociacio.org\/chocolatada-solidaria-benicarlo-fira-nadal-fenomens\/#article","isPartOf":{"@id":"https:\/\/fenomensassociacio.org\/chocolatada-solidaria-benicarlo-fira-nadal-fenomens\/"},"author":{"name":"admin","@id":"https:\/\/fenomensassociacio.org\/#\/schema\/person\/c1734ce1d720ad761110f905c22e4a6a"},"headline":"Fen\u00f2mens a la Fira de Nadal","datePublished":"2025-12-07T11:06:49+00:00","dateModified":"2025-12-07T11:15:52+00:00","mainEntityOfPage":{"@id":"https:\/\/fenomensassociacio.org\/chocolatada-solidaria-benicarlo-fira-nadal-fenomens\/"},"wordCount":299,"commentCount":0,"publisher":{"@id":"https:\/\/fenomensassociacio.org\/#organization"},"image":{"@id":"https:\/\/fenomensassociacio.org\/chocolatada-solidaria-benicarlo-fira-nadal-fenomens\/#primaryimage"},"thumbnailUrl":"https:\/\/fenomensassociacio.org\/wp-content\/uploads\/2025\/12\/IMG_20251206_193102-scaled.webp","articleSection":["Uncategorized"],"inLanguage":"ca","potentialAction":[{"@type":"CommentAction","name":"Comment","target":["https:\/\/fenomensassociacio.org\/chocolatada-solidaria-benicarlo-fira-nadal-fenomens\/#respond"]}]},{"@type":"WebPage","@id":"https:\/\/fenomensassociacio.org\/chocolatada-solidaria-benicarlo-fira-nadal-fenomens\/","url":"https:\/\/fenomensassociacio.org\/chocolatada-solidaria-benicarlo-fira-nadal-fenomens\/","name":"Fen\u00f2mens a la Fira de Nadal - Fenomens","isPartOf":{"@id":"https:\/\/fenomensassociacio.org\/#website"},"primaryImageOfPage":{"@id":"https:\/\/fenomensassociacio.org\/chocolatada-solidaria-benicarlo-fira-nadal-fenomens\/#primaryimage"},"image":{"@id":"https:\/\/fenomensassociacio.org\/chocolatada-solidaria-benicarlo-fira-nadal-fenomens\/#primaryimage"},"thumbnailUrl":"https:\/\/fenomensassociacio.org\/wp-content\/uploads\/2025\/12\/IMG_20251206_193102-scaled.webp","datePublished":"2025-12-07T11:06:49+00:00","dateModified":"2025-12-07T11:15:52+00:00","description":"Fen\u00f2mens y la Asociaci\u00f3n de la Mujer Agricultora de Benicarl\u00f3 participan en la Fira de Nadal con una chocolatada solidaria.","breadcrumb":{"@id":"https:\/\/fenomensassociacio.org\/chocolatada-solidaria-benicarlo-fira-nadal-fenomens\/#breadcrumb"},"inLanguage":"ca","potentialAction":[{"@type":"ReadAction","target":["https:\/\/fenomensassociacio.org\/chocolatada-solidaria-benicarlo-fira-nadal-fenomens\/"]}]},{"@type":"ImageObject","inLanguage":"ca","@id":"https:\/\/fenomensassociacio.org\/chocolatada-solidaria-benicarlo-fira-nadal-fenomens\/#primaryimage","url":"https:\/\/fenomensassociacio.org\/wp-content\/uploads\/2025\/12\/IMG_20251206_193102-scaled.webp","contentUrl":"https:\/\/fenomensassociacio.org\/wp-content\/uploads\/2025\/12\/IMG_20251206_193102-scaled.webp","width":2560,"height":1441,"caption":"participantes en la chocolatada popular con fen\u00f2mens"},{"@type":"BreadcrumbList","@id":"https:\/\/fenomensassociacio.org\/chocolatada-solidaria-benicarlo-fira-nadal-fenomens\/#breadcrumb","itemListElement":[{"@type":"ListItem","position":1,"name":"Portada","item":"https:\/\/fenomensassociacio.org\/"},{"@type":"ListItem","position":2,"name":"Fen\u00f2mens a la Fira de Nadal"}]},{"@type":"WebSite","@id":"https:\/\/fenomensassociacio.org\/#website","url":"https:\/\/fenomensassociacio.org\/","name":"Fenomens","description":"Associaci\u00f3 de persones amb discapacitat intel.lectual","publisher":{"@id":"https:\/\/fenomensassociacio.org\/#organization"},"potentialAction":[{"@type":"SearchAction","target":{"@type":"EntryPoint","urlTemplate":"https:\/\/fenomensassociacio.org\/?s={search_term_string}"},"query-input":{"@type":"PropertyValueSpecification","valueRequired":true,"valueName":"search_term_string"}}],"inLanguage":"ca"},{"@type":"Organization","@id":"https:\/\/fenomensassociacio.org\/#organization","name":"Fenomens","url":"https:\/\/fenomensassociacio.org\/","logo":{"@type":"ImageObject","inLanguage":"ca","@id":"https:\/\/fenomensassociacio.org\/#\/schema\/logo\/image\/","url":"https:\/\/fenomensassociacio.org\/wp-content\/uploads\/2020\/06\/logo_fenomens_color_sin_fondo_subtitulo.webp","contentUrl":"https:\/\/fenomensassociacio.org\/wp-content\/uploads\/2020\/06\/logo_fenomens_color_sin_fondo_subtitulo.webp","width":2048,"height":1707,"caption":"Fenomens"},"image":{"@id":"https:\/\/fenomensassociacio.org\/#\/schema\/logo\/image\/"},"sameAs":["https:\/\/www.facebook.com\/elsfenomens\/?locale=es_ES","https:\/\/www.instagram.com\/associacio_fenomens\/p\/DDjl2kbIsrU\/?img_index=1"]},{"@type":"Person","@id":"https:\/\/fenomensassociacio.org\/#\/schema\/person\/c1734ce1d720ad761110f905c22e4a6a","name":"admin","image":{"@type":"ImageObject","inLanguage":"ca","@id":"https:\/\/fenomensassociacio.org\/wp-content\/litespeed\/avatar\/8a4c5022de4aad7118ebd8830ae8ea5f.jpg?ver=1776947167","url":"https:\/\/fenomensassociacio.org\/wp-content\/litespeed\/avatar\/8a4c5022de4aad7118ebd8830ae8ea5f.jpg?ver=1776947167","contentUrl":"https:\/\/fenomensassociacio.org\/wp-content\/litespeed\/avatar\/8a4c5022de4aad7118ebd8830ae8ea5f.jpg?ver=1776947167","caption":"admin"},"sameAs":["https:\/\/fenomensassociacio.org"],"url":"https:\/\/fenomensassociacio.org\/va\/author\/fenomensa\/"}]}},"_links":{"self":[{"href":"https:\/\/fenomensassociacio.org\/va\/wp-json\/wp\/v2\/posts\/5772","targetHints":{"allow":["GET"]}}],"collection":[{"href":"https:\/\/fenomensassociacio.org\/va\/wp-json\/wp\/v2\/posts"}],"about":[{"href":"https:\/\/fenomensassociacio.org\/va\/wp-json\/wp\/v2\/types\/post"}],"author":[{"embeddable":true,"href":"https:\/\/fenomensassociacio.org\/va\/wp-json\/wp\/v2\/users\/1"}],"replies":[{"embeddable":true,"href":"https:\/\/fenomensassociacio.org\/va\/wp-json\/wp\/v2\/comments?post=5772"}],"version-history":[{"count":4,"href":"https:\/\/fenomensassociacio.org\/va\/wp-json\/wp\/v2\/posts\/5772\/revisions"}],"predecessor-version":[{"id":5781,"href":"https:\/\/fenomensassociacio.org\/va\/wp-json\/wp\/v2\/posts\/5772\/revisions\/5781"}],"wp:featuredmedia":[{"embeddable":true,"href":"https:\/\/fenomensassociacio.org\/va\/wp-json\/wp\/v2\/media\/5777"}],"wp:attachment":[{"href":"https:\/\/fenomensassociacio.org\/va\/wp-json\/wp\/v2\/media?parent=5772"}],"wp:term":[{"taxonomy":"category","embeddable":true,"href":"https:\/\/fenomensassociacio.org\/va\/wp-json\/wp\/v2\/categories?post=5772"},{"taxonomy":"post_tag","embeddable":true,"href":"https:\/\/fenomensassociacio.org\/va\/wp-json\/wp\/v2\/tags?post=5772"}],"curies":[{"name":"wp","href":"https:\/\/api.w.org\/{rel}","templated":true}]}}