{"id":5793,"date":"2025-12-15T11:30:37","date_gmt":"2025-12-15T10:30:37","guid":{"rendered":"https:\/\/fenomensassociacio.org\/?p=5793"},"modified":"2025-12-15T11:38:15","modified_gmt":"2025-12-15T10:38:15","slug":"fenomens-fira-sant-antoni-benicarlo","status":"publish","type":"post","link":"https:\/\/fenomensassociacio.org\/va\/fenomens-fira-sant-antoni-benicarlo\/","title":{"rendered":"Fen\u00f2mens present a la Fira de Sant Antoni de Benicarl\u00f3"},"content":{"rendered":"<div data-elementor-type=\"wp-post\" data-elementor-id=\"5793\" class=\"elementor elementor-5793\" data-elementor-post-type=\"post\">\n\t\t\t\t<div class=\"elementor-element elementor-element-0fb4564 e-flex e-con-boxed e-con e-parent\" data-id=\"0fb4564\" data-element_type=\"container\" data-e-type=\"container\" data-settings=\"{&quot;jet_parallax_layout_list&quot;:[]}\">\n\t\t\t\t\t<div class=\"e-con-inner\">\n\t\t\t\t<div class=\"elementor-element elementor-element-4fd9319 elementor-drop-cap-yes elementor-drop-cap-view-default elementor-widget elementor-widget-text-editor\" data-id=\"4fd9319\" data-element_type=\"widget\" data-e-type=\"widget\" data-settings=\"{&quot;drop_cap&quot;:&quot;yes&quot;}\" data-widget_type=\"text-editor.default\">\n\t\t\t\t<div class=\"elementor-widget-container\">\n\t\t\t\t\t\t\t\t\t<p data-start=\"134\" data-end=\"402\">Els passats 13 i 14 de desembre, l'associaci\u00f3 <span style=\"color: #ff6600;\"><strong data-start=\"186\" data-end=\"198\">\u00a0<span style=\"color: #ff6600;\"><a style=\"color: #ff6600;\" href=\"https:\/\/fenomensassociacio.org\/va\/\">FEN\u00d2MENS <\/a><\/span><\/strong><\/span>\u00a0va tenir el plaer de participar a la Fira de Sant Antoni, celebrada a la localitat de Benicarl\u00f3. Un cap de setmana molt especial en qu\u00e8 compartim espai, il\u00b7lusi\u00f3 i comprom\u00eds amb la comunitat.<\/p><p data-start=\"404\" data-end=\"953\">Durant la fira, <strong><span style=\"color: #ff6600;\">\u00a0<a href=\"https:\/\/fenomensassociacio.org\/va\/\"><span style=\"color: #ff6600;\">FEN\u00d2MENS<\/span> <\/a><\/span><\/strong>\u00a0 va comptar amb un estand on es van posar a la venda les manualitats realitzades al llarg de l'any al taller de manualitats de l'associaci\u00f3. Cadascun d'aquests treballs reflecteix l'esfor\u00e7, la creativitat i la dedicaci\u00f3 de les persones participants al taller i es converteixen en peces \u00faniques plenes de valor hum\u00e0.<br data-start=\"755\" data-end=\"758\" \/>A m\u00e9s, tamb\u00e9 es va oferir el calendari solidari de l'entitat, una iniciativa que any rere any contribueix a donar visibilitat al nostre projecte ia seguir impulsant les nostres activitats.<\/p><p data-start=\"955\" data-end=\"1364\">Volem agrair de cor a totes les persones que van participar al taller de manualitats, ja que sense la seva feina i entusiasme res d'aix\u00f2 no hauria estat possible. De la mateixa manera, el nostre agra\u00efment va dirigit als voluntaris i volunt\u00e0ries que van estar presents a l'estand de <strong><span style=\"color: #ff6600;\">\u00a0<a style=\"color: #ff6600;\" href=\"https:\/\/fenomensassociacio.org\/va\/\">FEN\u00d2MENS<\/a><\/span><\/strong>, dedicant el seu temps i energia perqu\u00e8 tot funcion\u00e9s a la perfecci\u00f3 durant els dos dies de fira.<\/p><p data-start=\"1366\" data-end=\"1537\">Menci\u00f3 especial mereixen <strong data-start=\"1391\" data-end=\"1410\">Ainoa y Alberto<\/strong>, el suport, implicaci\u00f3 i comprom\u00eds del qual van ser fonamentals per al desenvolupament d'aquesta participaci\u00f3 a la Fira de Sant Antoni.<\/p><p data-start=\"1539\" data-end=\"1815\">Des de <span style=\"color: #ff6600;\"><strong>\u00a0<span style=\"color: #ff6600;\"><a style=\"color: #ff6600;\" href=\"https:\/\/fenomensassociacio.org\/va\/\">FEN\u00d2MENS<\/a><\/span><\/strong><\/span>, ens sentim profundament agra\u00efts per l'acolliment rebut a Benicarl\u00f3 i pel suport de totes les persones que es van acostar a con\u00e8ixer-nos i col\u00b7laborar amb la nostra causa. Continuem treballant amb il\u00b7lusi\u00f3 per construir una societat m\u00e9s inclusiva i solid\u00e0ria.<\/p>\t\t\t\t\t\t\t\t<\/div>\n\t\t\t\t<\/div>\n\t\t\t\t<div class=\"elementor-element elementor-element-55129bd elementor-arrows-position-inside elementor-pagination-position-outside elementor-widget elementor-widget-image-carousel\" data-id=\"55129bd\" data-element_type=\"widget\" data-e-type=\"widget\" data-settings=\"{&quot;slides_to_show&quot;:&quot;2&quot;,&quot;navigation&quot;:&quot;both&quot;,&quot;autoplay&quot;:&quot;yes&quot;,&quot;pause_on_hover&quot;:&quot;yes&quot;,&quot;pause_on_interaction&quot;:&quot;yes&quot;,&quot;autoplay_speed&quot;:5000,&quot;infinite&quot;:&quot;yes&quot;,&quot;speed&quot;:500}\" data-widget_type=\"image-carousel.default\">\n\t\t\t\t<div class=\"elementor-widget-container\">\n\t\t\t\t\t\t\t<div class=\"elementor-image-carousel-wrapper swiper\" role=\"region\" aria-roledescription=\"carousel\" aria-label=\"Carrusel d&#039;imatges\" dir=\"ltr\">\n\t\t\t<div class=\"elementor-image-carousel swiper-wrapper\" aria-live=\"off\">\n\t\t\t\t\t\t\t\t<div class=\"swiper-slide\" role=\"group\" aria-roledescription=\"slide\" aria-label=\"1 de 7\" data-no-translation-aria-label=\"\"><figure class=\"swiper-slide-inner\"><img decoding=\"async\" class=\"swiper-slide-image\" src=\"https:\/\/fenomensassociacio.org\/wp-content\/uploads\/2025\/12\/venta-objetos-stand-400x400.webp\" alt=\"venta objetos stand\" \/><\/figure><\/div><div class=\"swiper-slide\" role=\"group\" aria-roledescription=\"slide\" aria-label=\"2 de 7\" data-no-translation-aria-label=\"\"><figure class=\"swiper-slide-inner\"><img decoding=\"async\" class=\"swiper-slide-image\" src=\"https:\/\/fenomensassociacio.org\/wp-content\/uploads\/2025\/12\/stand-de-fenomens-con-clientes-400x400.webp\" alt=\"stand de fen\u00f2mens con clientes\" \/><\/figure><\/div><div class=\"swiper-slide\" role=\"group\" aria-roledescription=\"slide\" aria-label=\"3 de 7\" data-no-translation-aria-label=\"\"><figure class=\"swiper-slide-inner\"><img decoding=\"async\" class=\"swiper-slide-image\" src=\"https:\/\/fenomensassociacio.org\/wp-content\/uploads\/2025\/12\/IMG-20251215-WA0009-400x400.webp\" alt=\"voluntarios stand Fen\u00f2mens\" \/><\/figure><\/div><div class=\"swiper-slide\" role=\"group\" aria-roledescription=\"slide\" aria-label=\"4 de 7\" data-no-translation-aria-label=\"\"><figure class=\"swiper-slide-inner\"><img decoding=\"async\" class=\"swiper-slide-image\" src=\"https:\/\/fenomensassociacio.org\/wp-content\/uploads\/2025\/12\/IMG-20251215-WA0007-400x400.webp\" alt=\"voluntarios stand Fen\u00f2mens\" \/><\/figure><\/div><div class=\"swiper-slide\" role=\"group\" aria-roledescription=\"slide\" aria-label=\"5 de 7\" data-no-translation-aria-label=\"\"><figure class=\"swiper-slide-inner\"><img decoding=\"async\" class=\"swiper-slide-image\" src=\"https:\/\/fenomensassociacio.org\/wp-content\/uploads\/2025\/12\/IMG-20251215-WA0005-400x400.webp\" alt=\"voluntarios stand Fen\u00f2mens\" \/><\/figure><\/div><div class=\"swiper-slide\" role=\"group\" aria-roledescription=\"slide\" aria-label=\"6 de 7\" data-no-translation-aria-label=\"\"><figure class=\"swiper-slide-inner\"><img decoding=\"async\" class=\"swiper-slide-image\" src=\"https:\/\/fenomensassociacio.org\/wp-content\/uploads\/2025\/12\/IMG-20251215-WA0004-400x400.webp\" alt=\"voluntarios stand Fen\u00f2mens\" \/><\/figure><\/div><div class=\"swiper-slide\" role=\"group\" aria-roledescription=\"slide\" aria-label=\"7 de 7\" data-no-translation-aria-label=\"\"><figure class=\"swiper-slide-inner\"><img decoding=\"async\" class=\"swiper-slide-image\" src=\"https:\/\/fenomensassociacio.org\/wp-content\/uploads\/2025\/12\/IMG-20251215-WA0002-400x400.webp\" alt=\"voluntarios stand Fen\u00f2mens\" \/><\/figure><\/div>\t\t\t<\/div>\n\t\t\t\t\t\t\t\t\t\t\t\t<div class=\"elementor-swiper-button elementor-swiper-button-prev\" role=\"button\" tabindex=\"0\">\n\t\t\t\t\t\t<svg aria-hidden=\"true\" class=\"e-font-icon-svg e-eicon-chevron-left\" viewbox=\"0 0 1000 1000\" xmlns=\"http:\/\/www.w3.org\/2000\/svg\"><path d=\"M646 125C629 125 613 133 604 142L308 442C296 454 292 471 292 487 292 504 296 521 308 533L604 854C617 867 629 875 646 875 663 875 679 871 692 858 704 846 713 829 713 812 713 796 708 779 692 767L438 487 692 225C700 217 708 204 708 187 708 171 704 154 692 142 675 129 663 125 646 125Z\"><\/path><\/svg>\t\t\t\t\t<\/div>\n\t\t\t\t\t<div class=\"elementor-swiper-button elementor-swiper-button-next\" role=\"button\" tabindex=\"0\">\n\t\t\t\t\t\t<svg aria-hidden=\"true\" class=\"e-font-icon-svg e-eicon-chevron-right\" viewbox=\"0 0 1000 1000\" xmlns=\"http:\/\/www.w3.org\/2000\/svg\"><path d=\"M696 533C708 521 713 504 713 487 713 471 708 454 696 446L400 146C388 133 375 125 354 125 338 125 325 129 313 142 300 154 292 171 292 187 292 204 296 221 308 233L563 492 304 771C292 783 288 800 288 817 288 833 296 850 308 863 321 871 338 875 354 875 371 875 388 867 400 854L696 533Z\"><\/path><\/svg>\t\t\t\t\t<\/div>\n\t\t\t\t\n\t\t\t\t\t\t\t\t\t<div class=\"swiper-pagination\"><\/div>\n\t\t\t\t\t\t\t\t\t<\/div>\n\t\t\t\t\t\t<\/div>\n\t\t\t\t<\/div>\n\t\t\t\t\t<\/div>\n\t\t\t\t<\/div>\n\t\t\t\t<\/div>","protected":false},"excerpt":{"rendered":"<p>Los pasados 13 y 14 de diciembre, la asociaci\u00f3n \u00a0FEN\u00d2MENS \u00a0tuvo el placer de participar en la Fira de Sant Antoni, celebrada en la localidad de Benicarl\u00f3. Un fin de semana muy especial en el que compartimos espacio, ilusi\u00f3n y compromiso con la comunidad. Durante la feria, \u00a0FEN\u00d2MENS \u00a0 cont\u00f3 con un stand donde se [&hellip;]<\/p>\n","protected":false},"author":1,"featured_media":5791,"comment_status":"open","ping_status":"closed","sticky":false,"template":"","format":"standard","meta":{"footnotes":""},"categories":[1],"tags":[],"class_list":["post-5793","post","type-post","status-publish","format-standard","has-post-thumbnail","hentry","category-uncategorized"],"yoast_head":"<!-- This site is optimized with the Yoast SEO plugin v27.4 - https:\/\/yoast.com\/product\/yoast-seo-wordpress\/ -->\n<title>Fen\u00f2mens presente en la Fira de Sant Antoni de Benicarl\u00f3 - Fenomens<\/title>\n<meta name=\"description\" content=\"Fen\u00f2mens particip\u00f3 en la Fira de Sant Antoni de Benicarl\u00f3, vendiendo manualidades y su calendario solidario. Gracias a los participantes, voluntarios y en especial a Ainoa y Alberto.\" \/>\n<meta name=\"robots\" content=\"index, follow, max-snippet:-1, max-image-preview:large, max-video-preview:-1\" \/>\n<link rel=\"canonical\" href=\"https:\/\/fenomensassociacio.org\/va\/fenomens-fira-sant-antoni-benicarlo\/\" \/>\n<meta property=\"og:locale\" content=\"ca_ES\" \/>\n<meta property=\"og:type\" content=\"article\" \/>\n<meta property=\"og:title\" content=\"Fen\u00f2mens presente en la Fira de Sant Antoni de Benicarl\u00f3 - Fenomens\" \/>\n<meta property=\"og:description\" content=\"Fen\u00f2mens particip\u00f3 en la Fira de Sant Antoni de Benicarl\u00f3, vendiendo manualidades y su calendario solidario. Gracias a los participantes, voluntarios y en especial a Ainoa y Alberto.\" \/>\n<meta property=\"og:url\" content=\"https:\/\/fenomensassociacio.org\/va\/fenomens-fira-sant-antoni-benicarlo\/\" \/>\n<meta property=\"og:site_name\" content=\"Fenomens\" \/>\n<meta property=\"article:publisher\" content=\"https:\/\/www.facebook.com\/elsfenomens\/?locale=es_ES\" \/>\n<meta property=\"article:published_time\" content=\"2025-12-15T10:30:37+00:00\" \/>\n<meta property=\"article:modified_time\" content=\"2025-12-15T10:38:15+00:00\" \/>\n<meta property=\"og:image\" content=\"https:\/\/fenomensassociacio.org\/wp-content\/uploads\/2025\/12\/voluntarios-stand-Fenomens.webp\" \/>\n\t<meta property=\"og:image:width\" content=\"2040\" \/>\n\t<meta property=\"og:image:height\" content=\"1530\" \/>\n\t<meta property=\"og:image:type\" content=\"image\/webp\" \/>\n<meta name=\"author\" content=\"admin\" \/>\n<meta name=\"twitter:card\" content=\"summary_large_image\" \/>\n<meta name=\"twitter:label1\" content=\"Escrit per\" \/>\n\t<meta name=\"twitter:data1\" content=\"admin\" \/>\n\t<meta name=\"twitter:label2\" content=\"Temps estimat de lectura\" \/>\n\t<meta name=\"twitter:data2\" content=\"4 minuts\" \/>\n<script type=\"application\/ld+json\" class=\"yoast-schema-graph\">{\"@context\":\"https:\\\/\\\/schema.org\",\"@graph\":[{\"@type\":\"Article\",\"@id\":\"https:\\\/\\\/fenomensassociacio.org\\\/fenomens-fira-sant-antoni-benicarlo\\\/#article\",\"isPartOf\":{\"@id\":\"https:\\\/\\\/fenomensassociacio.org\\\/fenomens-fira-sant-antoni-benicarlo\\\/\"},\"author\":{\"name\":\"admin\",\"@id\":\"https:\\\/\\\/fenomensassociacio.org\\\/#\\\/schema\\\/person\\\/c1734ce1d720ad761110f905c22e4a6a\"},\"headline\":\"Fen\u00f2mens presente en la Fira de Sant Antoni de Benicarl\u00f3\",\"datePublished\":\"2025-12-15T10:30:37+00:00\",\"dateModified\":\"2025-12-15T10:38:15+00:00\",\"mainEntityOfPage\":{\"@id\":\"https:\\\/\\\/fenomensassociacio.org\\\/fenomens-fira-sant-antoni-benicarlo\\\/\"},\"wordCount\":297,\"commentCount\":0,\"publisher\":{\"@id\":\"https:\\\/\\\/fenomensassociacio.org\\\/#organization\"},\"image\":{\"@id\":\"https:\\\/\\\/fenomensassociacio.org\\\/fenomens-fira-sant-antoni-benicarlo\\\/#primaryimage\"},\"thumbnailUrl\":\"https:\\\/\\\/fenomensassociacio.org\\\/wp-content\\\/uploads\\\/2025\\\/12\\\/voluntarios-stand-Fenomens.webp\",\"articleSection\":[\"Uncategorized\"],\"inLanguage\":\"ca\",\"potentialAction\":[{\"@type\":\"CommentAction\",\"name\":\"Comment\",\"target\":[\"https:\\\/\\\/fenomensassociacio.org\\\/fenomens-fira-sant-antoni-benicarlo\\\/#respond\"]}]},{\"@type\":\"WebPage\",\"@id\":\"https:\\\/\\\/fenomensassociacio.org\\\/fenomens-fira-sant-antoni-benicarlo\\\/\",\"url\":\"https:\\\/\\\/fenomensassociacio.org\\\/fenomens-fira-sant-antoni-benicarlo\\\/\",\"name\":\"Fen\u00f2mens presente en la Fira de Sant Antoni de Benicarl\u00f3 - Fenomens\",\"isPartOf\":{\"@id\":\"https:\\\/\\\/fenomensassociacio.org\\\/#website\"},\"primaryImageOfPage\":{\"@id\":\"https:\\\/\\\/fenomensassociacio.org\\\/fenomens-fira-sant-antoni-benicarlo\\\/#primaryimage\"},\"image\":{\"@id\":\"https:\\\/\\\/fenomensassociacio.org\\\/fenomens-fira-sant-antoni-benicarlo\\\/#primaryimage\"},\"thumbnailUrl\":\"https:\\\/\\\/fenomensassociacio.org\\\/wp-content\\\/uploads\\\/2025\\\/12\\\/voluntarios-stand-Fenomens.webp\",\"datePublished\":\"2025-12-15T10:30:37+00:00\",\"dateModified\":\"2025-12-15T10:38:15+00:00\",\"description\":\"Fen\u00f2mens particip\u00f3 en la Fira de Sant Antoni de Benicarl\u00f3, vendiendo manualidades y su calendario solidario. Gracias a los participantes, voluntarios y en especial a Ainoa y Alberto.\",\"breadcrumb\":{\"@id\":\"https:\\\/\\\/fenomensassociacio.org\\\/fenomens-fira-sant-antoni-benicarlo\\\/#breadcrumb\"},\"inLanguage\":\"ca\",\"potentialAction\":[{\"@type\":\"ReadAction\",\"target\":[\"https:\\\/\\\/fenomensassociacio.org\\\/fenomens-fira-sant-antoni-benicarlo\\\/\"]}]},{\"@type\":\"ImageObject\",\"inLanguage\":\"ca\",\"@id\":\"https:\\\/\\\/fenomensassociacio.org\\\/fenomens-fira-sant-antoni-benicarlo\\\/#primaryimage\",\"url\":\"https:\\\/\\\/fenomensassociacio.org\\\/wp-content\\\/uploads\\\/2025\\\/12\\\/voluntarios-stand-Fenomens.webp\",\"contentUrl\":\"https:\\\/\\\/fenomensassociacio.org\\\/wp-content\\\/uploads\\\/2025\\\/12\\\/voluntarios-stand-Fenomens.webp\",\"width\":2040,\"height\":1530,\"caption\":\"voluntarios stand Fen\u00f2mens\"},{\"@type\":\"BreadcrumbList\",\"@id\":\"https:\\\/\\\/fenomensassociacio.org\\\/fenomens-fira-sant-antoni-benicarlo\\\/#breadcrumb\",\"itemListElement\":[{\"@type\":\"ListItem\",\"position\":1,\"name\":\"Portada\",\"item\":\"https:\\\/\\\/fenomensassociacio.org\\\/\"},{\"@type\":\"ListItem\",\"position\":2,\"name\":\"Fen\u00f2mens presente en la Fira de Sant Antoni de Benicarl\u00f3\"}]},{\"@type\":\"WebSite\",\"@id\":\"https:\\\/\\\/fenomensassociacio.org\\\/#website\",\"url\":\"https:\\\/\\\/fenomensassociacio.org\\\/\",\"name\":\"Fenomens\",\"description\":\"Associaci\u00f3 de persones amb discapacitat intel.lectual\",\"publisher\":{\"@id\":\"https:\\\/\\\/fenomensassociacio.org\\\/#organization\"},\"potentialAction\":[{\"@type\":\"SearchAction\",\"target\":{\"@type\":\"EntryPoint\",\"urlTemplate\":\"https:\\\/\\\/fenomensassociacio.org\\\/?s={search_term_string}\"},\"query-input\":{\"@type\":\"PropertyValueSpecification\",\"valueRequired\":true,\"valueName\":\"search_term_string\"}}],\"inLanguage\":\"ca\"},{\"@type\":\"Organization\",\"@id\":\"https:\\\/\\\/fenomensassociacio.org\\\/#organization\",\"name\":\"Fenomens\",\"url\":\"https:\\\/\\\/fenomensassociacio.org\\\/\",\"logo\":{\"@type\":\"ImageObject\",\"inLanguage\":\"ca\",\"@id\":\"https:\\\/\\\/fenomensassociacio.org\\\/#\\\/schema\\\/logo\\\/image\\\/\",\"url\":\"https:\\\/\\\/fenomensassociacio.org\\\/wp-content\\\/uploads\\\/2020\\\/06\\\/logo_fenomens_color_sin_fondo_subtitulo.webp\",\"contentUrl\":\"https:\\\/\\\/fenomensassociacio.org\\\/wp-content\\\/uploads\\\/2020\\\/06\\\/logo_fenomens_color_sin_fondo_subtitulo.webp\",\"width\":2048,\"height\":1707,\"caption\":\"Fenomens\"},\"image\":{\"@id\":\"https:\\\/\\\/fenomensassociacio.org\\\/#\\\/schema\\\/logo\\\/image\\\/\"},\"sameAs\":[\"https:\\\/\\\/www.facebook.com\\\/elsfenomens\\\/?locale=es_ES\",\"https:\\\/\\\/www.instagram.com\\\/associacio_fenomens\\\/p\\\/DDjl2kbIsrU\\\/?img_index=1\"]},{\"@type\":\"Person\",\"@id\":\"https:\\\/\\\/fenomensassociacio.org\\\/#\\\/schema\\\/person\\\/c1734ce1d720ad761110f905c22e4a6a\",\"name\":\"admin\",\"image\":{\"@type\":\"ImageObject\",\"inLanguage\":\"ca\",\"@id\":\"https:\\\/\\\/fenomensassociacio.org\\\/wp-content\\\/litespeed\\\/avatar\\\/8a4c5022de4aad7118ebd8830ae8ea5f.jpg?ver=1776947167\",\"url\":\"https:\\\/\\\/fenomensassociacio.org\\\/wp-content\\\/litespeed\\\/avatar\\\/8a4c5022de4aad7118ebd8830ae8ea5f.jpg?ver=1776947167\",\"contentUrl\":\"https:\\\/\\\/fenomensassociacio.org\\\/wp-content\\\/litespeed\\\/avatar\\\/8a4c5022de4aad7118ebd8830ae8ea5f.jpg?ver=1776947167\",\"caption\":\"admin\"},\"sameAs\":[\"https:\\\/\\\/fenomensassociacio.org\"],\"url\":\"https:\\\/\\\/fenomensassociacio.org\\\/va\\\/author\\\/fenomensa\\\/\"}]}<\/script>\n<!-- \/ Yoast SEO plugin. -->","yoast_head_json":{"title":"Fen\u00f2mens presente en la Fira de Sant Antoni de Benicarl\u00f3 - Fenomens","description":"Fen\u00f2mens particip\u00f3 en la Fira de Sant Antoni de Benicarl\u00f3, vendiendo manualidades y su calendario solidario. Gracias a los participantes, voluntarios y en especial a Ainoa y Alberto.","robots":{"index":"index","follow":"follow","max-snippet":"max-snippet:-1","max-image-preview":"max-image-preview:large","max-video-preview":"max-video-preview:-1"},"canonical":"https:\/\/fenomensassociacio.org\/va\/fenomens-fira-sant-antoni-benicarlo\/","og_locale":"ca_ES","og_type":"article","og_title":"Fen\u00f2mens presente en la Fira de Sant Antoni de Benicarl\u00f3 - Fenomens","og_description":"Fen\u00f2mens particip\u00f3 en la Fira de Sant Antoni de Benicarl\u00f3, vendiendo manualidades y su calendario solidario. Gracias a los participantes, voluntarios y en especial a Ainoa y Alberto.","og_url":"https:\/\/fenomensassociacio.org\/va\/fenomens-fira-sant-antoni-benicarlo\/","og_site_name":"Fenomens","article_publisher":"https:\/\/www.facebook.com\/elsfenomens\/?locale=es_ES","article_published_time":"2025-12-15T10:30:37+00:00","article_modified_time":"2025-12-15T10:38:15+00:00","og_image":[{"width":2040,"height":1530,"url":"https:\/\/fenomensassociacio.org\/wp-content\/uploads\/2025\/12\/voluntarios-stand-Fenomens.webp","type":"image\/webp"}],"author":"admin","twitter_card":"summary_large_image","twitter_misc":{"Escrit per":"admin","Temps estimat de lectura":"4 minuts"},"schema":{"@context":"https:\/\/schema.org","@graph":[{"@type":"Article","@id":"https:\/\/fenomensassociacio.org\/fenomens-fira-sant-antoni-benicarlo\/#article","isPartOf":{"@id":"https:\/\/fenomensassociacio.org\/fenomens-fira-sant-antoni-benicarlo\/"},"author":{"name":"admin","@id":"https:\/\/fenomensassociacio.org\/#\/schema\/person\/c1734ce1d720ad761110f905c22e4a6a"},"headline":"Fen\u00f2mens presente en la Fira de Sant Antoni de Benicarl\u00f3","datePublished":"2025-12-15T10:30:37+00:00","dateModified":"2025-12-15T10:38:15+00:00","mainEntityOfPage":{"@id":"https:\/\/fenomensassociacio.org\/fenomens-fira-sant-antoni-benicarlo\/"},"wordCount":297,"commentCount":0,"publisher":{"@id":"https:\/\/fenomensassociacio.org\/#organization"},"image":{"@id":"https:\/\/fenomensassociacio.org\/fenomens-fira-sant-antoni-benicarlo\/#primaryimage"},"thumbnailUrl":"https:\/\/fenomensassociacio.org\/wp-content\/uploads\/2025\/12\/voluntarios-stand-Fenomens.webp","articleSection":["Uncategorized"],"inLanguage":"ca","potentialAction":[{"@type":"CommentAction","name":"Comment","target":["https:\/\/fenomensassociacio.org\/fenomens-fira-sant-antoni-benicarlo\/#respond"]}]},{"@type":"WebPage","@id":"https:\/\/fenomensassociacio.org\/fenomens-fira-sant-antoni-benicarlo\/","url":"https:\/\/fenomensassociacio.org\/fenomens-fira-sant-antoni-benicarlo\/","name":"Fen\u00f2mens presente en la Fira de Sant Antoni de Benicarl\u00f3 - Fenomens","isPartOf":{"@id":"https:\/\/fenomensassociacio.org\/#website"},"primaryImageOfPage":{"@id":"https:\/\/fenomensassociacio.org\/fenomens-fira-sant-antoni-benicarlo\/#primaryimage"},"image":{"@id":"https:\/\/fenomensassociacio.org\/fenomens-fira-sant-antoni-benicarlo\/#primaryimage"},"thumbnailUrl":"https:\/\/fenomensassociacio.org\/wp-content\/uploads\/2025\/12\/voluntarios-stand-Fenomens.webp","datePublished":"2025-12-15T10:30:37+00:00","dateModified":"2025-12-15T10:38:15+00:00","description":"Fen\u00f2mens particip\u00f3 en la Fira de Sant Antoni de Benicarl\u00f3, vendiendo manualidades y su calendario solidario. Gracias a los participantes, voluntarios y en especial a Ainoa y Alberto.","breadcrumb":{"@id":"https:\/\/fenomensassociacio.org\/fenomens-fira-sant-antoni-benicarlo\/#breadcrumb"},"inLanguage":"ca","potentialAction":[{"@type":"ReadAction","target":["https:\/\/fenomensassociacio.org\/fenomens-fira-sant-antoni-benicarlo\/"]}]},{"@type":"ImageObject","inLanguage":"ca","@id":"https:\/\/fenomensassociacio.org\/fenomens-fira-sant-antoni-benicarlo\/#primaryimage","url":"https:\/\/fenomensassociacio.org\/wp-content\/uploads\/2025\/12\/voluntarios-stand-Fenomens.webp","contentUrl":"https:\/\/fenomensassociacio.org\/wp-content\/uploads\/2025\/12\/voluntarios-stand-Fenomens.webp","width":2040,"height":1530,"caption":"voluntarios stand Fen\u00f2mens"},{"@type":"BreadcrumbList","@id":"https:\/\/fenomensassociacio.org\/fenomens-fira-sant-antoni-benicarlo\/#breadcrumb","itemListElement":[{"@type":"ListItem","position":1,"name":"Portada","item":"https:\/\/fenomensassociacio.org\/"},{"@type":"ListItem","position":2,"name":"Fen\u00f2mens presente en la Fira de Sant Antoni de Benicarl\u00f3"}]},{"@type":"WebSite","@id":"https:\/\/fenomensassociacio.org\/#website","url":"https:\/\/fenomensassociacio.org\/","name":"Fenomens","description":"Associaci\u00f3 de persones amb discapacitat intel.lectual","publisher":{"@id":"https:\/\/fenomensassociacio.org\/#organization"},"potentialAction":[{"@type":"SearchAction","target":{"@type":"EntryPoint","urlTemplate":"https:\/\/fenomensassociacio.org\/?s={search_term_string}"},"query-input":{"@type":"PropertyValueSpecification","valueRequired":true,"valueName":"search_term_string"}}],"inLanguage":"ca"},{"@type":"Organization","@id":"https:\/\/fenomensassociacio.org\/#organization","name":"Fenomens","url":"https:\/\/fenomensassociacio.org\/","logo":{"@type":"ImageObject","inLanguage":"ca","@id":"https:\/\/fenomensassociacio.org\/#\/schema\/logo\/image\/","url":"https:\/\/fenomensassociacio.org\/wp-content\/uploads\/2020\/06\/logo_fenomens_color_sin_fondo_subtitulo.webp","contentUrl":"https:\/\/fenomensassociacio.org\/wp-content\/uploads\/2020\/06\/logo_fenomens_color_sin_fondo_subtitulo.webp","width":2048,"height":1707,"caption":"Fenomens"},"image":{"@id":"https:\/\/fenomensassociacio.org\/#\/schema\/logo\/image\/"},"sameAs":["https:\/\/www.facebook.com\/elsfenomens\/?locale=es_ES","https:\/\/www.instagram.com\/associacio_fenomens\/p\/DDjl2kbIsrU\/?img_index=1"]},{"@type":"Person","@id":"https:\/\/fenomensassociacio.org\/#\/schema\/person\/c1734ce1d720ad761110f905c22e4a6a","name":"admin","image":{"@type":"ImageObject","inLanguage":"ca","@id":"https:\/\/fenomensassociacio.org\/wp-content\/litespeed\/avatar\/8a4c5022de4aad7118ebd8830ae8ea5f.jpg?ver=1776947167","url":"https:\/\/fenomensassociacio.org\/wp-content\/litespeed\/avatar\/8a4c5022de4aad7118ebd8830ae8ea5f.jpg?ver=1776947167","contentUrl":"https:\/\/fenomensassociacio.org\/wp-content\/litespeed\/avatar\/8a4c5022de4aad7118ebd8830ae8ea5f.jpg?ver=1776947167","caption":"admin"},"sameAs":["https:\/\/fenomensassociacio.org"],"url":"https:\/\/fenomensassociacio.org\/va\/author\/fenomensa\/"}]}},"_links":{"self":[{"href":"https:\/\/fenomensassociacio.org\/va\/wp-json\/wp\/v2\/posts\/5793","targetHints":{"allow":["GET"]}}],"collection":[{"href":"https:\/\/fenomensassociacio.org\/va\/wp-json\/wp\/v2\/posts"}],"about":[{"href":"https:\/\/fenomensassociacio.org\/va\/wp-json\/wp\/v2\/types\/post"}],"author":[{"embeddable":true,"href":"https:\/\/fenomensassociacio.org\/va\/wp-json\/wp\/v2\/users\/1"}],"replies":[{"embeddable":true,"href":"https:\/\/fenomensassociacio.org\/va\/wp-json\/wp\/v2\/comments?post=5793"}],"version-history":[{"count":4,"href":"https:\/\/fenomensassociacio.org\/va\/wp-json\/wp\/v2\/posts\/5793\/revisions"}],"predecessor-version":[{"id":5797,"href":"https:\/\/fenomensassociacio.org\/va\/wp-json\/wp\/v2\/posts\/5793\/revisions\/5797"}],"wp:featuredmedia":[{"embeddable":true,"href":"https:\/\/fenomensassociacio.org\/va\/wp-json\/wp\/v2\/media\/5791"}],"wp:attachment":[{"href":"https:\/\/fenomensassociacio.org\/va\/wp-json\/wp\/v2\/media?parent=5793"}],"wp:term":[{"taxonomy":"category","embeddable":true,"href":"https:\/\/fenomensassociacio.org\/va\/wp-json\/wp\/v2\/categories?post=5793"},{"taxonomy":"post_tag","embeddable":true,"href":"https:\/\/fenomensassociacio.org\/va\/wp-json\/wp\/v2\/tags?post=5793"}],"curies":[{"name":"wp","href":"https:\/\/api.w.org\/{rel}","templated":true}]}}