{"id":5965,"date":"2026-02-09T12:15:32","date_gmt":"2026-02-09T11:15:32","guid":{"rendered":"https:\/\/fenomensassociacio.org\/?p=5965"},"modified":"2026-02-09T19:54:07","modified_gmt":"2026-02-09T18:54:07","slug":"fenomens-fenomia-terrassa","status":"publish","type":"post","link":"https:\/\/fenomensassociacio.org\/va\/fenomens-fenomia-terrassa\/","title":{"rendered":"FEN\u00d2MENS presenta Fen\u00f2mia: Jocs Ol\u00edmpics 2025 a Terrassa"},"content":{"rendered":"<div data-elementor-type=\"wp-post\" data-elementor-id=\"5965\" class=\"elementor elementor-5965\" data-elementor-post-type=\"post\">\n\t\t\t\t<div class=\"elementor-element elementor-element-cbc96ba e-flex e-con-boxed e-con e-parent\" data-id=\"cbc96ba\" data-element_type=\"container\" data-e-type=\"container\" data-settings=\"{&quot;jet_parallax_layout_list&quot;:[]}\">\n\t\t\t\t\t<div class=\"e-con-inner\">\n\t\t\t\t<div class=\"elementor-element elementor-element-446ead1 elementor-drop-cap-yes elementor-drop-cap-view-default elementor-widget elementor-widget-text-editor\" data-id=\"446ead1\" data-element_type=\"widget\" data-e-type=\"widget\" data-settings=\"{&quot;drop_cap&quot;:&quot;yes&quot;}\" data-widget_type=\"text-editor.default\">\n\t\t\t\t<div class=\"elementor-widget-container\">\n\t\t\t\t\t\t\t\t\t<p data-start=\"191\" data-end=\"491\">El passat dissabte 7 de febrer, el <span style=\"color: #ff00ff;\"><strong>\u00a0<span style=\"color: #ff00ff;\"><a style=\"color: #ff00ff;\" href=\"https:\/\/www.corovell.cat\/\">Cor Vell de Terrassa <\/a><\/span><\/strong><\/span>\u00a0es va omplir de rialles, emoci\u00f3 i molta energia amb l'actuaci\u00f3 del grup de teatre <span style=\"color: #ff6600;\"><strong><a style=\"color: #ff6600;\" href=\"https:\/\/fenomensassociacio.org\/va\/\">\u00a0FEN\u00d2MENS <\/a><\/strong><\/span> i la seva nova obra <strong data-start=\"351\" data-end=\"384\">\u201c<span style=\"color: #ff6600;\">Fen\u00f2mia: Jocs Ol\u00edmpics 2025<\/span>\u201d<\/strong>. Va ser una tarda especial, que es gaudeixen tant des de l'escenari com des del pati de butaques.<\/p><p data-start=\"493\" data-end=\"827\">L'obra ens va traslladar a uns jocs ol\u00edmpics molt particulars on l'humor, la creativitat i el treball en equip van ser els veritables protagonistes. A trav\u00e9s d'escenes din\u00e0miques i situacions quotidianes portades a l'extrem, el p\u00fablic va poder connectar f\u00e0cilment amb la hist\u00f2ria i deixar-se emportar per una proposta fresca i propera.<\/p><p data-start=\"829\" data-end=\"1140\">El grup <span style=\"color: #ff6600;\"><strong><a style=\"color: #ff6600;\" href=\"https:\/\/fenomensassociacio.org\/va\/\">\u00a0FEN\u00d2MENS <\/a><\/strong><\/span> va tornar a demostrar el comprom\u00eds amb el teatre com a espai d'expressi\u00f3, inclusi\u00f3 i diversi\u00f3 compartida. Cada interpretaci\u00f3 va reflectir hores d'assaig, il\u00b7lusi\u00f3 i ganes de fer-ne gaudir, cosa que es va notar en la resposta constant del p\u00fablic, que va acompanyar la funci\u00f3 amb aplaudiments i somriures.<\/p><p data-start=\"1142\" data-end=\"1455\">Des d'aqu\u00ed volem agrair de manera molt especial al <span style=\"color: #ff00ff;\"><strong data-start=\"1198\" data-end=\"1222\">\u00a0<span style=\"color: #ff00ff;\"><a style=\"color: #ff00ff;\" href=\"https:\/\/www.corovell.cat\/\">Cor Vell de Terrassa <\/a><\/span><\/strong><\/span>\u00a0per totes les facilitats que ens van oferir des del primer moment. El tracte rebut, la proximitat i la predisposici\u00f3 perqu\u00e8 tot sort\u00eds b\u00e9 van ser clau perqu\u00e8 l'actuaci\u00f3 es desenvolup\u00e9s en un ambient c\u00f2mode i acollidor.<\/p><p data-start=\"1457\" data-end=\"1672\">Actuar en un espai amb tanta hist\u00f2ria i tan ben cuidat va ser un aut\u00e8ntic plaer per a tot el grup. Ens sentim recolzats  en cada detall, cosa que sempre marca la difer\u00e8ncia i es valora enormement.<\/p><p data-start=\"1674\" data-end=\"1930\" data-is-last-node=\"\" data-is-only-node=\"\">Sens dubte, aquesta actuaci\u00f3 quedar\u00e0 en el record de <strong><span style=\"color: #ff6600;\"><a style=\"color: #ff6600;\" href=\"https:\/\/fenomensassociacio.org\/va\/\">\u00a0FEN\u00d2MENS <\/a><\/span><\/strong> com una experi\u00e8ncia molt positiva, tant a nivell art\u00edstic com a hum\u00e0. Gr\u00e0cies a totes les persones que ho van fer possible i, per descomptat, al p\u00fablic que ens va acompanyar en aquesta cita tan especial.<\/p>\t\t\t\t\t\t\t\t<\/div>\n\t\t\t\t<\/div>\n\t\t\t\t\t<\/div>\n\t\t\t\t<\/div>\n\t\t<div class=\"elementor-element elementor-element-98c965b e-flex e-con-boxed e-con e-parent\" data-id=\"98c965b\" data-element_type=\"container\" data-e-type=\"container\" data-settings=\"{&quot;jet_parallax_layout_list&quot;:[]}\">\n\t\t\t\t\t<div class=\"e-con-inner\">\n\t\t\t\t<div class=\"elementor-element elementor-element-54693be elementor-arrows-position-inside elementor-pagination-position-outside elementor-widget elementor-widget-image-carousel\" data-id=\"54693be\" data-element_type=\"widget\" data-e-type=\"widget\" data-settings=\"{&quot;slides_to_show&quot;:&quot;2&quot;,&quot;navigation&quot;:&quot;both&quot;,&quot;autoplay&quot;:&quot;yes&quot;,&quot;pause_on_hover&quot;:&quot;yes&quot;,&quot;pause_on_interaction&quot;:&quot;yes&quot;,&quot;autoplay_speed&quot;:5000,&quot;infinite&quot;:&quot;yes&quot;,&quot;speed&quot;:500}\" data-widget_type=\"image-carousel.default\">\n\t\t\t\t<div class=\"elementor-widget-container\">\n\t\t\t\t\t\t\t<div class=\"elementor-image-carousel-wrapper swiper\" role=\"region\" aria-roledescription=\"carousel\" aria-label=\"Carrusel d&#039;imatges\" dir=\"ltr\">\n\t\t\t<div class=\"elementor-image-carousel swiper-wrapper\" aria-live=\"off\">\n\t\t\t\t\t\t\t\t<div class=\"swiper-slide\" role=\"group\" aria-roledescription=\"slide\" aria-label=\"1 de 4\" data-no-translation-aria-label=\"\"><figure class=\"swiper-slide-inner\"><img decoding=\"async\" class=\"swiper-slide-image\" src=\"https:\/\/fenomensassociacio.org\/wp-content\/uploads\/2026\/02\/IMG-20260207-WA0033-400x400.webp\" alt=\"Foto levantamiento peso\" \/><\/figure><\/div><div class=\"swiper-slide\" role=\"group\" aria-roledescription=\"slide\" aria-label=\"2 de 4\" data-no-translation-aria-label=\"\"><figure class=\"swiper-slide-inner\"><img decoding=\"async\" class=\"swiper-slide-image\" src=\"https:\/\/fenomensassociacio.org\/wp-content\/uploads\/2026\/02\/IMG-20260207-WA0018-400x400.webp\" alt=\"Imagen final de la obra\" \/><\/figure><\/div><div class=\"swiper-slide\" role=\"group\" aria-roledescription=\"slide\" aria-label=\"3 de 4\" data-no-translation-aria-label=\"\"><figure class=\"swiper-slide-inner\"><img decoding=\"async\" class=\"swiper-slide-image\" src=\"https:\/\/fenomensassociacio.org\/wp-content\/uploads\/2026\/02\/IMG-20260207-WA0015-400x400.webp\" alt=\"Imagen final obra con todos los actores\" \/><\/figure><\/div><div class=\"swiper-slide\" role=\"group\" aria-roledescription=\"slide\" aria-label=\"4 de 4\" data-no-translation-aria-label=\"\"><figure class=\"swiper-slide-inner\"><img decoding=\"async\" class=\"swiper-slide-image\" src=\"https:\/\/fenomensassociacio.org\/wp-content\/uploads\/2026\/02\/IMG-20260208-WA0011-400x400.webp\" alt=\"Foto grupo despu\u00e9s actuaci\u00f3n\" \/><\/figure><\/div>\t\t\t<\/div>\n\t\t\t\t\t\t\t\t\t\t\t\t<div class=\"elementor-swiper-button elementor-swiper-button-prev\" role=\"button\" tabindex=\"0\">\n\t\t\t\t\t\t<svg aria-hidden=\"true\" class=\"e-font-icon-svg e-eicon-chevron-left\" viewbox=\"0 0 1000 1000\" xmlns=\"http:\/\/www.w3.org\/2000\/svg\"><path d=\"M646 125C629 125 613 133 604 142L308 442C296 454 292 471 292 487 292 504 296 521 308 533L604 854C617 867 629 875 646 875 663 875 679 871 692 858 704 846 713 829 713 812 713 796 708 779 692 767L438 487 692 225C700 217 708 204 708 187 708 171 704 154 692 142 675 129 663 125 646 125Z\"><\/path><\/svg>\t\t\t\t\t<\/div>\n\t\t\t\t\t<div class=\"elementor-swiper-button elementor-swiper-button-next\" role=\"button\" tabindex=\"0\">\n\t\t\t\t\t\t<svg aria-hidden=\"true\" class=\"e-font-icon-svg e-eicon-chevron-right\" viewbox=\"0 0 1000 1000\" xmlns=\"http:\/\/www.w3.org\/2000\/svg\"><path d=\"M696 533C708 521 713 504 713 487 713 471 708 454 696 446L400 146C388 133 375 125 354 125 338 125 325 129 313 142 300 154 292 171 292 187 292 204 296 221 308 233L563 492 304 771C292 783 288 800 288 817 288 833 296 850 308 863 321 871 338 875 354 875 371 875 388 867 400 854L696 533Z\"><\/path><\/svg>\t\t\t\t\t<\/div>\n\t\t\t\t\n\t\t\t\t\t\t\t\t\t<div class=\"swiper-pagination\"><\/div>\n\t\t\t\t\t\t\t\t\t<\/div>\n\t\t\t\t\t\t<\/div>\n\t\t\t\t<\/div>\n\t\t\t\t\t<\/div>\n\t\t\t\t<\/div>\n\t\t<div class=\"elementor-element elementor-element-c35ff8a e-flex e-con-boxed e-con e-parent\" data-id=\"c35ff8a\" data-element_type=\"container\" data-e-type=\"container\" data-settings=\"{&quot;jet_parallax_layout_list&quot;:[]}\">\n\t\t\t\t\t<div class=\"e-con-inner\">\n\t\t\t\t<div class=\"elementor-element elementor-element-3d5a9ae elementor-widget elementor-widget-video\" data-id=\"3d5a9ae\" data-element_type=\"widget\" data-e-type=\"widget\" data-settings=\"{&quot;youtube_url&quot;:&quot;https:\\\/\\\/youtu.be\\\/8A4_zq0lP5I&quot;,&quot;video_type&quot;:&quot;youtube&quot;,&quot;controls&quot;:&quot;yes&quot;}\" data-widget_type=\"video.default\">\n\t\t\t\t<div class=\"elementor-widget-container\">\n\t\t\t\t\t\t\t<div class=\"elementor-wrapper elementor-open-inline\">\n\t\t\t<div class=\"elementor-video\"><\/div>\t\t<\/div>\n\t\t\t\t\t\t<\/div>\n\t\t\t\t<\/div>\n\t\t\t\t\t<\/div>\n\t\t\t\t<\/div>\n\t\t\t\t<\/div>","protected":false},"excerpt":{"rendered":"<p>El pasado s\u00e1bado 7 de febrero, el \u00a0Cor Vell de Terrassa \u00a0se llen\u00f3 de risas, emoci\u00f3n y mucha energ\u00eda con la actuaci\u00f3n del grupo de teatro \u00a0FEN\u00d2MENS y su nueva obra \u201cFen\u00f2mia: Juegos Ol\u00edmpicos 2025\u201d. Fue una tarde especial, de esas que se disfrutan tanto desde el escenario como desde el patio de butacas. La [&hellip;]<\/p>\n","protected":false},"author":1,"featured_media":5972,"comment_status":"open","ping_status":"closed","sticky":false,"template":"","format":"standard","meta":{"footnotes":""},"categories":[1],"tags":[],"class_list":["post-5965","post","type-post","status-publish","format-standard","has-post-thumbnail","hentry","category-uncategorized"],"yoast_head":"<!-- This site is optimized with the Yoast SEO plugin v27.4 - https:\/\/yoast.com\/product\/yoast-seo-wordpress\/ -->\n<title>FEN\u00d2MENS presenta Fen\u00f2mia: Juegos Ol\u00edmpicos 2025 en Terrassa - Fenomens<\/title>\n<meta name=\"description\" content=\"FEN\u00d2MENS llev\u00f3 al Cor Vell de Terrassa la obra Fen\u00f2mia: Juegos Ol\u00edmpicos 2025, una actuaci\u00f3n cargada de humor, ritmo y trabajo en equipo.\" \/>\n<meta name=\"robots\" content=\"index, follow, max-snippet:-1, max-image-preview:large, max-video-preview:-1\" \/>\n<link rel=\"canonical\" href=\"https:\/\/fenomensassociacio.org\/va\/fenomens-fenomia-terrassa\/\" \/>\n<meta property=\"og:locale\" content=\"ca_ES\" \/>\n<meta property=\"og:type\" content=\"article\" \/>\n<meta property=\"og:title\" content=\"FEN\u00d2MENS presenta Fen\u00f2mia: Juegos Ol\u00edmpicos 2025 en Terrassa - Fenomens\" \/>\n<meta property=\"og:description\" content=\"FEN\u00d2MENS llev\u00f3 al Cor Vell de Terrassa la obra Fen\u00f2mia: Juegos Ol\u00edmpicos 2025, una actuaci\u00f3n cargada de humor, ritmo y trabajo en equipo.\" \/>\n<meta property=\"og:url\" content=\"https:\/\/fenomensassociacio.org\/va\/fenomens-fenomia-terrassa\/\" \/>\n<meta property=\"og:site_name\" content=\"Fenomens\" \/>\n<meta property=\"article:publisher\" content=\"https:\/\/www.facebook.com\/elsfenomens\/?locale=es_ES\" \/>\n<meta property=\"article:published_time\" content=\"2026-02-09T11:15:32+00:00\" \/>\n<meta property=\"article:modified_time\" content=\"2026-02-09T18:54:07+00:00\" \/>\n<meta property=\"og:image\" content=\"https:\/\/fenomensassociacio.org\/wp-content\/uploads\/2026\/02\/IMG-20260207-WA0036.webp\" \/>\n\t<meta property=\"og:image:width\" content=\"2000\" \/>\n\t<meta property=\"og:image:height\" content=\"1125\" \/>\n\t<meta property=\"og:image:type\" content=\"image\/webp\" \/>\n<meta name=\"author\" content=\"admin\" \/>\n<meta name=\"twitter:card\" content=\"summary_large_image\" \/>\n<meta name=\"twitter:label1\" content=\"Escrit per\" \/>\n\t<meta name=\"twitter:data1\" content=\"admin\" \/>\n\t<meta name=\"twitter:label2\" content=\"Temps estimat de lectura\" \/>\n\t<meta name=\"twitter:data2\" content=\"3 minuts\" \/>\n<script type=\"application\/ld+json\" class=\"yoast-schema-graph\">{\"@context\":\"https:\\\/\\\/schema.org\",\"@graph\":[{\"@type\":\"Article\",\"@id\":\"https:\\\/\\\/fenomensassociacio.org\\\/fenomens-fenomia-terrassa\\\/#article\",\"isPartOf\":{\"@id\":\"https:\\\/\\\/fenomensassociacio.org\\\/fenomens-fenomia-terrassa\\\/\"},\"author\":{\"name\":\"admin\",\"@id\":\"https:\\\/\\\/fenomensassociacio.org\\\/#\\\/schema\\\/person\\\/c1734ce1d720ad761110f905c22e4a6a\"},\"headline\":\"FEN\u00d2MENS presenta Fen\u00f2mia: Juegos Ol\u00edmpicos 2025 en Terrassa\",\"datePublished\":\"2026-02-09T11:15:32+00:00\",\"dateModified\":\"2026-02-09T18:54:07+00:00\",\"mainEntityOfPage\":{\"@id\":\"https:\\\/\\\/fenomensassociacio.org\\\/fenomens-fenomia-terrassa\\\/\"},\"wordCount\":330,\"commentCount\":0,\"publisher\":{\"@id\":\"https:\\\/\\\/fenomensassociacio.org\\\/#organization\"},\"image\":{\"@id\":\"https:\\\/\\\/fenomensassociacio.org\\\/fenomens-fenomia-terrassa\\\/#primaryimage\"},\"thumbnailUrl\":\"https:\\\/\\\/fenomensassociacio.org\\\/wp-content\\\/uploads\\\/2026\\\/02\\\/IMG-20260207-WA0036.webp\",\"articleSection\":[\"Uncategorized\"],\"inLanguage\":\"ca\",\"potentialAction\":[{\"@type\":\"CommentAction\",\"name\":\"Comment\",\"target\":[\"https:\\\/\\\/fenomensassociacio.org\\\/fenomens-fenomia-terrassa\\\/#respond\"]}]},{\"@type\":\"WebPage\",\"@id\":\"https:\\\/\\\/fenomensassociacio.org\\\/fenomens-fenomia-terrassa\\\/\",\"url\":\"https:\\\/\\\/fenomensassociacio.org\\\/fenomens-fenomia-terrassa\\\/\",\"name\":\"FEN\u00d2MENS presenta Fen\u00f2mia: Juegos Ol\u00edmpicos 2025 en Terrassa - Fenomens\",\"isPartOf\":{\"@id\":\"https:\\\/\\\/fenomensassociacio.org\\\/#website\"},\"primaryImageOfPage\":{\"@id\":\"https:\\\/\\\/fenomensassociacio.org\\\/fenomens-fenomia-terrassa\\\/#primaryimage\"},\"image\":{\"@id\":\"https:\\\/\\\/fenomensassociacio.org\\\/fenomens-fenomia-terrassa\\\/#primaryimage\"},\"thumbnailUrl\":\"https:\\\/\\\/fenomensassociacio.org\\\/wp-content\\\/uploads\\\/2026\\\/02\\\/IMG-20260207-WA0036.webp\",\"datePublished\":\"2026-02-09T11:15:32+00:00\",\"dateModified\":\"2026-02-09T18:54:07+00:00\",\"description\":\"FEN\u00d2MENS llev\u00f3 al Cor Vell de Terrassa la obra Fen\u00f2mia: Juegos Ol\u00edmpicos 2025, una actuaci\u00f3n cargada de humor, ritmo y trabajo en equipo.\",\"breadcrumb\":{\"@id\":\"https:\\\/\\\/fenomensassociacio.org\\\/fenomens-fenomia-terrassa\\\/#breadcrumb\"},\"inLanguage\":\"ca\",\"potentialAction\":[{\"@type\":\"ReadAction\",\"target\":[\"https:\\\/\\\/fenomensassociacio.org\\\/fenomens-fenomia-terrassa\\\/\"]}]},{\"@type\":\"ImageObject\",\"inLanguage\":\"ca\",\"@id\":\"https:\\\/\\\/fenomensassociacio.org\\\/fenomens-fenomia-terrassa\\\/#primaryimage\",\"url\":\"https:\\\/\\\/fenomensassociacio.org\\\/wp-content\\\/uploads\\\/2026\\\/02\\\/IMG-20260207-WA0036.webp\",\"contentUrl\":\"https:\\\/\\\/fenomensassociacio.org\\\/wp-content\\\/uploads\\\/2026\\\/02\\\/IMG-20260207-WA0036.webp\",\"width\":2000,\"height\":1125,\"caption\":\"Foto obra teatro\"},{\"@type\":\"BreadcrumbList\",\"@id\":\"https:\\\/\\\/fenomensassociacio.org\\\/fenomens-fenomia-terrassa\\\/#breadcrumb\",\"itemListElement\":[{\"@type\":\"ListItem\",\"position\":1,\"name\":\"Portada\",\"item\":\"https:\\\/\\\/fenomensassociacio.org\\\/\"},{\"@type\":\"ListItem\",\"position\":2,\"name\":\"FEN\u00d2MENS presenta Fen\u00f2mia: Juegos Ol\u00edmpicos 2025 en Terrassa\"}]},{\"@type\":\"WebSite\",\"@id\":\"https:\\\/\\\/fenomensassociacio.org\\\/#website\",\"url\":\"https:\\\/\\\/fenomensassociacio.org\\\/\",\"name\":\"Fenomens\",\"description\":\"Associaci\u00f3 de persones amb discapacitat intel.lectual\",\"publisher\":{\"@id\":\"https:\\\/\\\/fenomensassociacio.org\\\/#organization\"},\"potentialAction\":[{\"@type\":\"SearchAction\",\"target\":{\"@type\":\"EntryPoint\",\"urlTemplate\":\"https:\\\/\\\/fenomensassociacio.org\\\/?s={search_term_string}\"},\"query-input\":{\"@type\":\"PropertyValueSpecification\",\"valueRequired\":true,\"valueName\":\"search_term_string\"}}],\"inLanguage\":\"ca\"},{\"@type\":\"Organization\",\"@id\":\"https:\\\/\\\/fenomensassociacio.org\\\/#organization\",\"name\":\"Fenomens\",\"url\":\"https:\\\/\\\/fenomensassociacio.org\\\/\",\"logo\":{\"@type\":\"ImageObject\",\"inLanguage\":\"ca\",\"@id\":\"https:\\\/\\\/fenomensassociacio.org\\\/#\\\/schema\\\/logo\\\/image\\\/\",\"url\":\"https:\\\/\\\/fenomensassociacio.org\\\/wp-content\\\/uploads\\\/2020\\\/06\\\/logo_fenomens_color_sin_fondo_subtitulo.webp\",\"contentUrl\":\"https:\\\/\\\/fenomensassociacio.org\\\/wp-content\\\/uploads\\\/2020\\\/06\\\/logo_fenomens_color_sin_fondo_subtitulo.webp\",\"width\":2048,\"height\":1707,\"caption\":\"Fenomens\"},\"image\":{\"@id\":\"https:\\\/\\\/fenomensassociacio.org\\\/#\\\/schema\\\/logo\\\/image\\\/\"},\"sameAs\":[\"https:\\\/\\\/www.facebook.com\\\/elsfenomens\\\/?locale=es_ES\",\"https:\\\/\\\/www.instagram.com\\\/associacio_fenomens\\\/p\\\/DDjl2kbIsrU\\\/?img_index=1\"]},{\"@type\":\"Person\",\"@id\":\"https:\\\/\\\/fenomensassociacio.org\\\/#\\\/schema\\\/person\\\/c1734ce1d720ad761110f905c22e4a6a\",\"name\":\"admin\",\"image\":{\"@type\":\"ImageObject\",\"inLanguage\":\"ca\",\"@id\":\"https:\\\/\\\/fenomensassociacio.org\\\/wp-content\\\/litespeed\\\/avatar\\\/8a4c5022de4aad7118ebd8830ae8ea5f.jpg?ver=1776947167\",\"url\":\"https:\\\/\\\/fenomensassociacio.org\\\/wp-content\\\/litespeed\\\/avatar\\\/8a4c5022de4aad7118ebd8830ae8ea5f.jpg?ver=1776947167\",\"contentUrl\":\"https:\\\/\\\/fenomensassociacio.org\\\/wp-content\\\/litespeed\\\/avatar\\\/8a4c5022de4aad7118ebd8830ae8ea5f.jpg?ver=1776947167\",\"caption\":\"admin\"},\"sameAs\":[\"https:\\\/\\\/fenomensassociacio.org\"],\"url\":\"https:\\\/\\\/fenomensassociacio.org\\\/va\\\/author\\\/fenomensa\\\/\"}]}<\/script>\n<!-- \/ Yoast SEO plugin. -->","yoast_head_json":{"title":"FEN\u00d2MENS presenta Fen\u00f2mia: Juegos Ol\u00edmpicos 2025 en Terrassa - Fenomens","description":"FEN\u00d2MENS llev\u00f3 al Cor Vell de Terrassa la obra Fen\u00f2mia: Juegos Ol\u00edmpicos 2025, una actuaci\u00f3n cargada de humor, ritmo y trabajo en equipo.","robots":{"index":"index","follow":"follow","max-snippet":"max-snippet:-1","max-image-preview":"max-image-preview:large","max-video-preview":"max-video-preview:-1"},"canonical":"https:\/\/fenomensassociacio.org\/va\/fenomens-fenomia-terrassa\/","og_locale":"ca_ES","og_type":"article","og_title":"FEN\u00d2MENS presenta Fen\u00f2mia: Juegos Ol\u00edmpicos 2025 en Terrassa - Fenomens","og_description":"FEN\u00d2MENS llev\u00f3 al Cor Vell de Terrassa la obra Fen\u00f2mia: Juegos Ol\u00edmpicos 2025, una actuaci\u00f3n cargada de humor, ritmo y trabajo en equipo.","og_url":"https:\/\/fenomensassociacio.org\/va\/fenomens-fenomia-terrassa\/","og_site_name":"Fenomens","article_publisher":"https:\/\/www.facebook.com\/elsfenomens\/?locale=es_ES","article_published_time":"2026-02-09T11:15:32+00:00","article_modified_time":"2026-02-09T18:54:07+00:00","og_image":[{"width":2000,"height":1125,"url":"https:\/\/fenomensassociacio.org\/wp-content\/uploads\/2026\/02\/IMG-20260207-WA0036.webp","type":"image\/webp"}],"author":"admin","twitter_card":"summary_large_image","twitter_misc":{"Escrit per":"admin","Temps estimat de lectura":"3 minuts"},"schema":{"@context":"https:\/\/schema.org","@graph":[{"@type":"Article","@id":"https:\/\/fenomensassociacio.org\/fenomens-fenomia-terrassa\/#article","isPartOf":{"@id":"https:\/\/fenomensassociacio.org\/fenomens-fenomia-terrassa\/"},"author":{"name":"admin","@id":"https:\/\/fenomensassociacio.org\/#\/schema\/person\/c1734ce1d720ad761110f905c22e4a6a"},"headline":"FEN\u00d2MENS presenta Fen\u00f2mia: Juegos Ol\u00edmpicos 2025 en Terrassa","datePublished":"2026-02-09T11:15:32+00:00","dateModified":"2026-02-09T18:54:07+00:00","mainEntityOfPage":{"@id":"https:\/\/fenomensassociacio.org\/fenomens-fenomia-terrassa\/"},"wordCount":330,"commentCount":0,"publisher":{"@id":"https:\/\/fenomensassociacio.org\/#organization"},"image":{"@id":"https:\/\/fenomensassociacio.org\/fenomens-fenomia-terrassa\/#primaryimage"},"thumbnailUrl":"https:\/\/fenomensassociacio.org\/wp-content\/uploads\/2026\/02\/IMG-20260207-WA0036.webp","articleSection":["Uncategorized"],"inLanguage":"ca","potentialAction":[{"@type":"CommentAction","name":"Comment","target":["https:\/\/fenomensassociacio.org\/fenomens-fenomia-terrassa\/#respond"]}]},{"@type":"WebPage","@id":"https:\/\/fenomensassociacio.org\/fenomens-fenomia-terrassa\/","url":"https:\/\/fenomensassociacio.org\/fenomens-fenomia-terrassa\/","name":"FEN\u00d2MENS presenta Fen\u00f2mia: Juegos Ol\u00edmpicos 2025 en Terrassa - Fenomens","isPartOf":{"@id":"https:\/\/fenomensassociacio.org\/#website"},"primaryImageOfPage":{"@id":"https:\/\/fenomensassociacio.org\/fenomens-fenomia-terrassa\/#primaryimage"},"image":{"@id":"https:\/\/fenomensassociacio.org\/fenomens-fenomia-terrassa\/#primaryimage"},"thumbnailUrl":"https:\/\/fenomensassociacio.org\/wp-content\/uploads\/2026\/02\/IMG-20260207-WA0036.webp","datePublished":"2026-02-09T11:15:32+00:00","dateModified":"2026-02-09T18:54:07+00:00","description":"FEN\u00d2MENS llev\u00f3 al Cor Vell de Terrassa la obra Fen\u00f2mia: Juegos Ol\u00edmpicos 2025, una actuaci\u00f3n cargada de humor, ritmo y trabajo en equipo.","breadcrumb":{"@id":"https:\/\/fenomensassociacio.org\/fenomens-fenomia-terrassa\/#breadcrumb"},"inLanguage":"ca","potentialAction":[{"@type":"ReadAction","target":["https:\/\/fenomensassociacio.org\/fenomens-fenomia-terrassa\/"]}]},{"@type":"ImageObject","inLanguage":"ca","@id":"https:\/\/fenomensassociacio.org\/fenomens-fenomia-terrassa\/#primaryimage","url":"https:\/\/fenomensassociacio.org\/wp-content\/uploads\/2026\/02\/IMG-20260207-WA0036.webp","contentUrl":"https:\/\/fenomensassociacio.org\/wp-content\/uploads\/2026\/02\/IMG-20260207-WA0036.webp","width":2000,"height":1125,"caption":"Foto obra teatro"},{"@type":"BreadcrumbList","@id":"https:\/\/fenomensassociacio.org\/fenomens-fenomia-terrassa\/#breadcrumb","itemListElement":[{"@type":"ListItem","position":1,"name":"Portada","item":"https:\/\/fenomensassociacio.org\/"},{"@type":"ListItem","position":2,"name":"FEN\u00d2MENS presenta Fen\u00f2mia: Juegos Ol\u00edmpicos 2025 en Terrassa"}]},{"@type":"WebSite","@id":"https:\/\/fenomensassociacio.org\/#website","url":"https:\/\/fenomensassociacio.org\/","name":"Fenomens","description":"Associaci\u00f3 de persones amb discapacitat intel.lectual","publisher":{"@id":"https:\/\/fenomensassociacio.org\/#organization"},"potentialAction":[{"@type":"SearchAction","target":{"@type":"EntryPoint","urlTemplate":"https:\/\/fenomensassociacio.org\/?s={search_term_string}"},"query-input":{"@type":"PropertyValueSpecification","valueRequired":true,"valueName":"search_term_string"}}],"inLanguage":"ca"},{"@type":"Organization","@id":"https:\/\/fenomensassociacio.org\/#organization","name":"Fenomens","url":"https:\/\/fenomensassociacio.org\/","logo":{"@type":"ImageObject","inLanguage":"ca","@id":"https:\/\/fenomensassociacio.org\/#\/schema\/logo\/image\/","url":"https:\/\/fenomensassociacio.org\/wp-content\/uploads\/2020\/06\/logo_fenomens_color_sin_fondo_subtitulo.webp","contentUrl":"https:\/\/fenomensassociacio.org\/wp-content\/uploads\/2020\/06\/logo_fenomens_color_sin_fondo_subtitulo.webp","width":2048,"height":1707,"caption":"Fenomens"},"image":{"@id":"https:\/\/fenomensassociacio.org\/#\/schema\/logo\/image\/"},"sameAs":["https:\/\/www.facebook.com\/elsfenomens\/?locale=es_ES","https:\/\/www.instagram.com\/associacio_fenomens\/p\/DDjl2kbIsrU\/?img_index=1"]},{"@type":"Person","@id":"https:\/\/fenomensassociacio.org\/#\/schema\/person\/c1734ce1d720ad761110f905c22e4a6a","name":"admin","image":{"@type":"ImageObject","inLanguage":"ca","@id":"https:\/\/fenomensassociacio.org\/wp-content\/litespeed\/avatar\/8a4c5022de4aad7118ebd8830ae8ea5f.jpg?ver=1776947167","url":"https:\/\/fenomensassociacio.org\/wp-content\/litespeed\/avatar\/8a4c5022de4aad7118ebd8830ae8ea5f.jpg?ver=1776947167","contentUrl":"https:\/\/fenomensassociacio.org\/wp-content\/litespeed\/avatar\/8a4c5022de4aad7118ebd8830ae8ea5f.jpg?ver=1776947167","caption":"admin"},"sameAs":["https:\/\/fenomensassociacio.org"],"url":"https:\/\/fenomensassociacio.org\/va\/author\/fenomensa\/"}]}},"_links":{"self":[{"href":"https:\/\/fenomensassociacio.org\/va\/wp-json\/wp\/v2\/posts\/5965","targetHints":{"allow":["GET"]}}],"collection":[{"href":"https:\/\/fenomensassociacio.org\/va\/wp-json\/wp\/v2\/posts"}],"about":[{"href":"https:\/\/fenomensassociacio.org\/va\/wp-json\/wp\/v2\/types\/post"}],"author":[{"embeddable":true,"href":"https:\/\/fenomensassociacio.org\/va\/wp-json\/wp\/v2\/users\/1"}],"replies":[{"embeddable":true,"href":"https:\/\/fenomensassociacio.org\/va\/wp-json\/wp\/v2\/comments?post=5965"}],"version-history":[{"count":10,"href":"https:\/\/fenomensassociacio.org\/va\/wp-json\/wp\/v2\/posts\/5965\/revisions"}],"predecessor-version":[{"id":5983,"href":"https:\/\/fenomensassociacio.org\/va\/wp-json\/wp\/v2\/posts\/5965\/revisions\/5983"}],"wp:featuredmedia":[{"embeddable":true,"href":"https:\/\/fenomensassociacio.org\/va\/wp-json\/wp\/v2\/media\/5972"}],"wp:attachment":[{"href":"https:\/\/fenomensassociacio.org\/va\/wp-json\/wp\/v2\/media?parent=5965"}],"wp:term":[{"taxonomy":"category","embeddable":true,"href":"https:\/\/fenomensassociacio.org\/va\/wp-json\/wp\/v2\/categories?post=5965"},{"taxonomy":"post_tag","embeddable":true,"href":"https:\/\/fenomensassociacio.org\/va\/wp-json\/wp\/v2\/tags?post=5965"}],"curies":[{"name":"wp","href":"https:\/\/api.w.org\/{rel}","templated":true}]}}