{"id":5985,"date":"2026-03-01T18:10:24","date_gmt":"2026-03-01T17:10:24","guid":{"rendered":"https:\/\/fenomensassociacio.org\/?p=5985"},"modified":"2026-03-02T12:05:07","modified_gmt":"2026-03-02T11:05:07","slug":"falla-nou-barri-percufenomens-crida-2026-benicarlo","status":"publish","type":"post","link":"https:\/\/fenomensassociacio.org\/va\/falla-nou-barri-percufenomens-crida-2026-benicarlo\/","title":{"rendered":"Falla Nou Barri y Percufen\u00f2mens a la Crida 2026"},"content":{"rendered":"\t\t<div data-elementor-type=\"wp-post\" data-elementor-id=\"5985\" class=\"elementor elementor-5985\" data-elementor-post-type=\"post\">\n\t\t\t\t<div class=\"elementor-element elementor-element-f70fcf7 e-flex e-con-boxed e-con e-parent\" data-id=\"f70fcf7\" data-element_type=\"container\" data-e-type=\"container\" data-settings=\"{&quot;jet_parallax_layout_list&quot;:[]}\">\n\t\t\t\t\t<div class=\"e-con-inner\">\n\t\t\t\t<div class=\"elementor-element elementor-element-7c162a3 elementor-drop-cap-yes elementor-drop-cap-view-default elementor-widget elementor-widget-text-editor\" data-id=\"7c162a3\" data-element_type=\"widget\" data-e-type=\"widget\" data-settings=\"{&quot;drop_cap&quot;:&quot;yes&quot;}\" data-widget_type=\"text-editor.default\">\n\t\t\t\t<div class=\"elementor-widget-container\">\n\t\t\t\t\t\t\t\t\t<div class=\"flex flex-col text-sm pb-25\"><article class=\"text-token-text-primary w-full focus:outline-none [--shadow-height:45px] has-data-writing-block:pointer-events-none has-data-writing-block:-mt-(--shadow-height) has-data-writing-block:pt-(--shadow-height) [&amp;:has([data-writing-block])&gt;*]:pointer-events-auto scroll-mt-[calc(var(--header-height)+min(200px,max(70px,20svh)))]\" dir=\"auto\" tabindex=\"-1\" data-turn-id=\"request-WEB:f79f6e04-9365-4b43-b975-cc263c8874b5-2\" data-testid=\"conversation-turn-6\" data-scroll-anchor=\"true\" data-turn=\"assistant\"><div class=\"text-base my-auto mx-auto pb-10 [--thread-content-margin:--spacing(4)] @w-sm\/main:[--thread-content-margin:--spacing(6)] @w-lg\/main:[--thread-content-margin:--spacing(16)] px-(--thread-content-margin)\"><div class=\"[--thread-content-max-width:40rem] @w-lg\/main:[--thread-content-max-width:48rem] mx-auto max-w-(--thread-content-max-width) flex-1 group\/turn-messages focus-visible:outline-hidden relative flex w-full min-w-0 flex-col agent-turn\" tabindex=\"-1\"><div class=\"flex max-w-full flex-col grow\"><div class=\"min-h-8 text-message relative flex w-full flex-col items-end gap-2 text-start break-words whitespace-normal [.text-message+&amp;]:mt-1\" dir=\"auto\" data-message-author-role=\"assistant\" data-message-id=\"b9716559-d7b7-48ee-b0fe-fa3097ce92a9\" data-message-model-slug=\"gpt-5-2\"><div class=\"flex w-full flex-col gap-1 empty:hidden first:pt-[1px]\"><div class=\"markdown prose dark:prose-invert w-full wrap-break-word light markdown-new-styling\"><p data-start=\"564\" data-end=\"1014\">La tarde del 28 de febrero dio el pistoletazo de salida al calendario fallero en Benicarl\u00f3 con la celebraci\u00f3n de la Crida en la <span class=\"hover:entity-accent entity-underline inline cursor-pointer align-baseline\"><span class=\"whitespace-normal\">Plaza del Ayuntamiento de Benicarl\u00f3<\/span><\/span>. Como es tradici\u00f3n, las comisiones se dirigieron hasta el centro de la ciudad para participar en el acto que anuncia oficialmente la llegada de las Fallas, y la <a href=\"https:\/\/www.instagram.com\/fallanoubarri\/?hl=es\"><span style=\"color: #ffff99;\"><strong><span class=\"hover:entity-accent entity-underline inline cursor-pointer align-baseline\"><span class=\"whitespace-normal\">\u00a0Falla Nou Barri <\/span><\/span><\/strong><\/span><\/a> lo hizo acompa\u00f1ada por el grupo de percusi\u00f3n <strong><span class=\"hover:entity-accent entity-underline inline cursor-pointer align-baseline\" style=\"color: #ff6600;\"><span class=\"whitespace-normal\">\u00a0<span style=\"color: #ff6600;\"><a style=\"color: #ff6600;\" href=\"https:\/\/fenomensassociacio.org\/\">Percufen\u00f2mens<\/a><\/span><\/span><\/span><\/strong><span style=\"color: #ff6600;\">.<\/span><\/p><p data-start=\"1016\" data-end=\"1446\">El acompa\u00f1amiento musical comenz\u00f3 en la sede de la comisi\u00f3n. Desde all\u00ed, <strong><span style=\"color: #ff6600;\">\u00a0<a style=\"color: #ff6600;\" href=\"https:\/\/fenomensassociacio.org\/\">Percufen\u00f2mens <\/a><\/span><\/strong>\u00a0marc\u00f3 el ritmo del recorrido hasta la plaza, poniendo banda sonora al trayecto y sumando ambiente festivo a cada calle por la que pasaba la comitiva. Los tambores resonaban con fuerza, anunciando que la Falla Nou Barri se dirig\u00eda a uno de los actos m\u00e1s esperados del a\u00f1o, mientras vecinos y curiosos se asomaban para ver el paso del desfile.<\/p><p data-start=\"1448\" data-end=\"1902\">Fue un acompa\u00f1amiento cercano y directo, centrado en ese recorrido que une la vida interna de la comisi\u00f3n con el coraz\u00f3n institucional de la ciudad. La percusi\u00f3n sirvi\u00f3 para reforzar el sentimiento de grupo y para hacer m\u00e1s especial ese camino compartido antes de encontrarse con el resto de fallas. Una vez en la Plaza del Ayuntamiento, <span style=\"color: #ff6600;\"><strong>\u00a0<a href=\"https:\/\/fenomensassociacio.org\/\"><span style=\"color: #ff6600;\">Percufen\u00f2mens<\/span> <\/a><\/strong><\/span>\u00a0cerr\u00f3 su participaci\u00f3n, dejando paso al desarrollo oficial de la Crida junto al resto de comisiones.<\/p><p data-start=\"1904\" data-end=\"2201\">Ya frente al Ayuntamiento, la Falla Nou Barri se sum\u00f3 al ambiente colectivo que cada a\u00f1o re\u00fane a representantes falleros, vecinos y visitantes. La lectura de la Crida volvi\u00f3 a convertirse en el momento simb\u00f3lico que invita a toda la ciudad a vivir las Fallas 2026 con intensidad y participaci\u00f3n.<\/p><p data-start=\"2203\" data-end=\"2486\" data-is-last-node=\"\" data-is-only-node=\"\">As\u00ed, el 28 de febrero quedar\u00e1 en el recuerdo de la comisi\u00f3n como el d\u00eda en que comenz\u00f3 oficialmente el camino hacia las Fallas, con un recorrido desde su sede hasta la plaza acompa\u00f1ado por el ritmo de <strong><span style=\"color: #ff6600;\">\u00a0<a style=\"color: #ff6600;\" href=\"https:\/\/fenomensassociacio.org\/\">Percufen\u00f2mens<\/a><\/span><\/strong>, que puso sonido y energ\u00eda a ese primer paso del calendario festivo.<\/p><\/div><\/div><\/div><\/div><div class=\"z-0 flex min-h-[46px] justify-start\">\u00a0<\/div><div class=\"mt-3 w-full empty:hidden\"><div class=\"text-center\">\u00a0<\/div><\/div><\/div><\/div><\/article><\/div><div class=\"pointer-events-none h-px w-px absolute bottom-0\" aria-hidden=\"true\" data-edge=\"true\">\u00a0<\/div>\t\t\t\t\t\t\t\t<\/div>\n\t\t\t\t<\/div>\n\t\t\t\t\t<\/div>\n\t\t\t\t<\/div>\n\t\t<div class=\"elementor-element elementor-element-8a6cc00 e-flex e-con-boxed e-con e-parent\" data-id=\"8a6cc00\" data-element_type=\"container\" data-e-type=\"container\" data-settings=\"{&quot;jet_parallax_layout_list&quot;:[]}\">\n\t\t\t\t\t<div class=\"e-con-inner\">\n\t\t\t\t<div class=\"elementor-element elementor-element-e5a05c0 elementor-arrows-position-inside elementor-pagination-position-outside elementor-widget elementor-widget-image-carousel\" data-id=\"e5a05c0\" data-element_type=\"widget\" data-e-type=\"widget\" data-settings=\"{&quot;slides_to_show&quot;:&quot;2&quot;,&quot;navigation&quot;:&quot;both&quot;,&quot;autoplay&quot;:&quot;yes&quot;,&quot;pause_on_hover&quot;:&quot;yes&quot;,&quot;pause_on_interaction&quot;:&quot;yes&quot;,&quot;autoplay_speed&quot;:5000,&quot;infinite&quot;:&quot;yes&quot;,&quot;speed&quot;:500}\" data-widget_type=\"image-carousel.default\">\n\t\t\t\t<div class=\"elementor-widget-container\">\n\t\t\t\t\t\t\t<div class=\"elementor-image-carousel-wrapper swiper\" role=\"region\" aria-roledescription=\"carousel\" aria-label=\"Carrusel de im\u00e1genes\" dir=\"ltr\">\n\t\t\t<div class=\"elementor-image-carousel swiper-wrapper\" aria-live=\"off\">\n\t\t\t\t\t\t\t\t<div class=\"swiper-slide\" role=\"group\" aria-roledescription=\"slide\" aria-label=\"1 de 4\"><figure class=\"swiper-slide-inner\"><img decoding=\"async\" class=\"swiper-slide-image\" src=\"https:\/\/fenomensassociacio.org\/wp-content\/uploads\/2026\/03\/IMG_20260228_185742-400x400.webp\" alt=\"Actuaci\u00f3n Percufen\u00f2mens\" \/><\/figure><\/div><div class=\"swiper-slide\" role=\"group\" aria-roledescription=\"slide\" aria-label=\"2 de 4\"><figure class=\"swiper-slide-inner\"><img decoding=\"async\" class=\"swiper-slide-image\" src=\"https:\/\/fenomensassociacio.org\/wp-content\/uploads\/2026\/03\/IMG_20260228_185803-400x400.webp\" alt=\"Actuaci\u00f3n Percufen\u00f2mens\" \/><\/figure><\/div><div class=\"swiper-slide\" role=\"group\" aria-roledescription=\"slide\" aria-label=\"3 de 4\"><figure class=\"swiper-slide-inner\"><img decoding=\"async\" class=\"swiper-slide-image\" src=\"https:\/\/fenomensassociacio.org\/wp-content\/uploads\/2026\/03\/IMG_20260228_191154-400x400.webp\" alt=\"Foto en grupo de Percufen\u00f2mens y componentes falla Nou Barri\" \/><\/figure><\/div><div class=\"swiper-slide\" role=\"group\" aria-roledescription=\"slide\" aria-label=\"4 de 4\"><figure class=\"swiper-slide-inner\"><img decoding=\"async\" class=\"swiper-slide-image\" src=\"https:\/\/fenomensassociacio.org\/wp-content\/uploads\/2026\/03\/IMG_20260228_185718-400x400.webp\" alt=\"Percufen\u00f2mens al inicio\" \/><\/figure><\/div>\t\t\t<\/div>\n\t\t\t\t\t\t\t\t\t\t\t\t<div class=\"elementor-swiper-button elementor-swiper-button-prev\" role=\"button\" tabindex=\"0\">\n\t\t\t\t\t\t<svg aria-hidden=\"true\" class=\"e-font-icon-svg e-eicon-chevron-left\" viewBox=\"0 0 1000 1000\" xmlns=\"http:\/\/www.w3.org\/2000\/svg\"><path d=\"M646 125C629 125 613 133 604 142L308 442C296 454 292 471 292 487 292 504 296 521 308 533L604 854C617 867 629 875 646 875 663 875 679 871 692 858 704 846 713 829 713 812 713 796 708 779 692 767L438 487 692 225C700 217 708 204 708 187 708 171 704 154 692 142 675 129 663 125 646 125Z\"><\/path><\/svg>\t\t\t\t\t<\/div>\n\t\t\t\t\t<div class=\"elementor-swiper-button elementor-swiper-button-next\" role=\"button\" tabindex=\"0\">\n\t\t\t\t\t\t<svg aria-hidden=\"true\" class=\"e-font-icon-svg e-eicon-chevron-right\" viewBox=\"0 0 1000 1000\" xmlns=\"http:\/\/www.w3.org\/2000\/svg\"><path d=\"M696 533C708 521 713 504 713 487 713 471 708 454 696 446L400 146C388 133 375 125 354 125 338 125 325 129 313 142 300 154 292 171 292 187 292 204 296 221 308 233L563 492 304 771C292 783 288 800 288 817 288 833 296 850 308 863 321 871 338 875 354 875 371 875 388 867 400 854L696 533Z\"><\/path><\/svg>\t\t\t\t\t<\/div>\n\t\t\t\t\n\t\t\t\t\t\t\t\t\t<div class=\"swiper-pagination\"><\/div>\n\t\t\t\t\t\t\t\t\t<\/div>\n\t\t\t\t\t\t<\/div>\n\t\t\t\t<\/div>\n\t\t\t\t\t<\/div>\n\t\t\t\t<\/div>\n\t\t<div class=\"elementor-element elementor-element-acf227b e-flex e-con-boxed e-con e-parent\" data-id=\"acf227b\" data-element_type=\"container\" data-e-type=\"container\" data-settings=\"{&quot;jet_parallax_layout_list&quot;:[]}\">\n\t\t\t\t\t<div class=\"e-con-inner\">\n\t\t\t\t<div class=\"elementor-element elementor-element-999d20e elementor-widget elementor-widget-video\" data-id=\"999d20e\" data-element_type=\"widget\" data-e-type=\"widget\" data-settings=\"{&quot;youtube_url&quot;:&quot;https:\\\/\\\/youtu.be\\\/nX0R7xxXKnM&quot;,&quot;video_type&quot;:&quot;youtube&quot;,&quot;controls&quot;:&quot;yes&quot;}\" data-widget_type=\"video.default\">\n\t\t\t\t<div class=\"elementor-widget-container\">\n\t\t\t\t\t\t\t<div class=\"elementor-wrapper elementor-open-inline\">\n\t\t\t<div class=\"elementor-video\"><\/div>\t\t<\/div>\n\t\t\t\t\t\t<\/div>\n\t\t\t\t<\/div>\n\t\t\t\t\t<\/div>\n\t\t\t\t<\/div>\n\t\t\t\t<\/div>\n\t\t","protected":false},"excerpt":{"rendered":"<p>La tarde del 28 de febrero dio el pistoletazo de salida al calendario fallero en Benicarl\u00f3 con la celebraci\u00f3n de la Crida en la Plaza del Ayuntamiento de Benicarl\u00f3. Como es tradici\u00f3n, las comisiones se dirigieron hasta el centro de la ciudad para participar en el acto que anuncia oficialmente la llegada de las Fallas, [&hellip;]<\/p>\n","protected":false},"author":1,"featured_media":5986,"comment_status":"open","ping_status":"closed","sticky":false,"template":"","format":"standard","meta":{"footnotes":""},"categories":[1],"tags":[],"class_list":["post-5985","post","type-post","status-publish","format-standard","has-post-thumbnail","hentry","category-uncategorized"],"yoast_head":"<!-- This site is optimized with the Yoast SEO plugin v27.4 - https:\/\/yoast.com\/product\/yoast-seo-wordpress\/ -->\n<title>Falla Nou Barri y Percufen\u00f2mens a la Crida 2026 - Fenomens<\/title>\n<meta name=\"description\" content=\"La Falla Nou Barri particip\u00f3 el 28 de febrero en la Crida de las Fallas de Benicarl\u00f3 acompa\u00f1ada por el grupo de percusi\u00f3n Percufen\u00f2mens en la Plaza del Ayuntamiento.\" \/>\n<meta name=\"robots\" content=\"index, follow, max-snippet:-1, max-image-preview:large, max-video-preview:-1\" \/>\n<link rel=\"canonical\" href=\"https:\/\/fenomensassociacio.org\/va\/falla-nou-barri-percufenomens-crida-2026-benicarlo\/\" \/>\n<meta property=\"og:locale\" content=\"ca_ES\" \/>\n<meta property=\"og:type\" content=\"article\" \/>\n<meta property=\"og:title\" content=\"Falla Nou Barri y Percufen\u00f2mens a la Crida 2026 - Fenomens\" \/>\n<meta property=\"og:description\" content=\"La Falla Nou Barri particip\u00f3 el 28 de febrero en la Crida de las Fallas de Benicarl\u00f3 acompa\u00f1ada por el grupo de percusi\u00f3n Percufen\u00f2mens en la Plaza del Ayuntamiento.\" \/>\n<meta property=\"og:url\" content=\"https:\/\/fenomensassociacio.org\/va\/falla-nou-barri-percufenomens-crida-2026-benicarlo\/\" \/>\n<meta property=\"og:site_name\" content=\"Fenomens\" \/>\n<meta property=\"article:publisher\" content=\"https:\/\/www.facebook.com\/elsfenomens\/?locale=es_ES\" \/>\n<meta property=\"article:published_time\" content=\"2026-03-01T17:10:24+00:00\" \/>\n<meta property=\"article:modified_time\" content=\"2026-03-02T11:05:07+00:00\" \/>\n<meta property=\"og:image\" content=\"https:\/\/fenomensassociacio.org\/wp-content\/uploads\/2026\/03\/IMG_20260228_185718-scaled.webp\" \/>\n\t<meta property=\"og:image:width\" content=\"2560\" \/>\n\t<meta property=\"og:image:height\" content=\"1441\" \/>\n\t<meta property=\"og:image:type\" content=\"image\/webp\" \/>\n<meta name=\"author\" content=\"admin\" \/>\n<meta name=\"twitter:card\" content=\"summary_large_image\" \/>\n<meta name=\"twitter:label1\" content=\"Escrit per\" \/>\n\t<meta name=\"twitter:data1\" content=\"admin\" \/>\n\t<meta name=\"twitter:label2\" content=\"Temps estimat de lectura\" \/>\n\t<meta name=\"twitter:data2\" content=\"4 minuts\" \/>\n<script type=\"application\/ld+json\" class=\"yoast-schema-graph\">{\"@context\":\"https:\\\/\\\/schema.org\",\"@graph\":[{\"@type\":\"Article\",\"@id\":\"https:\\\/\\\/fenomensassociacio.org\\\/falla-nou-barri-percufenomens-crida-2026-benicarlo\\\/#article\",\"isPartOf\":{\"@id\":\"https:\\\/\\\/fenomensassociacio.org\\\/falla-nou-barri-percufenomens-crida-2026-benicarlo\\\/\"},\"author\":{\"name\":\"admin\",\"@id\":\"https:\\\/\\\/fenomensassociacio.org\\\/#\\\/schema\\\/person\\\/c1734ce1d720ad761110f905c22e4a6a\"},\"headline\":\"Falla Nou Barri y Percufen\u00f2mens a la Crida 2026\",\"datePublished\":\"2026-03-01T17:10:24+00:00\",\"dateModified\":\"2026-03-02T11:05:07+00:00\",\"mainEntityOfPage\":{\"@id\":\"https:\\\/\\\/fenomensassociacio.org\\\/falla-nou-barri-percufenomens-crida-2026-benicarlo\\\/\"},\"wordCount\":356,\"commentCount\":0,\"publisher\":{\"@id\":\"https:\\\/\\\/fenomensassociacio.org\\\/#organization\"},\"image\":{\"@id\":\"https:\\\/\\\/fenomensassociacio.org\\\/falla-nou-barri-percufenomens-crida-2026-benicarlo\\\/#primaryimage\"},\"thumbnailUrl\":\"https:\\\/\\\/fenomensassociacio.org\\\/wp-content\\\/uploads\\\/2026\\\/03\\\/IMG_20260228_185718-scaled.webp\",\"articleSection\":[\"Uncategorized\"],\"inLanguage\":\"ca\",\"potentialAction\":[{\"@type\":\"CommentAction\",\"name\":\"Comment\",\"target\":[\"https:\\\/\\\/fenomensassociacio.org\\\/falla-nou-barri-percufenomens-crida-2026-benicarlo\\\/#respond\"]}]},{\"@type\":\"WebPage\",\"@id\":\"https:\\\/\\\/fenomensassociacio.org\\\/falla-nou-barri-percufenomens-crida-2026-benicarlo\\\/\",\"url\":\"https:\\\/\\\/fenomensassociacio.org\\\/falla-nou-barri-percufenomens-crida-2026-benicarlo\\\/\",\"name\":\"Falla Nou Barri y Percufen\u00f2mens a la Crida 2026 - Fenomens\",\"isPartOf\":{\"@id\":\"https:\\\/\\\/fenomensassociacio.org\\\/#website\"},\"primaryImageOfPage\":{\"@id\":\"https:\\\/\\\/fenomensassociacio.org\\\/falla-nou-barri-percufenomens-crida-2026-benicarlo\\\/#primaryimage\"},\"image\":{\"@id\":\"https:\\\/\\\/fenomensassociacio.org\\\/falla-nou-barri-percufenomens-crida-2026-benicarlo\\\/#primaryimage\"},\"thumbnailUrl\":\"https:\\\/\\\/fenomensassociacio.org\\\/wp-content\\\/uploads\\\/2026\\\/03\\\/IMG_20260228_185718-scaled.webp\",\"datePublished\":\"2026-03-01T17:10:24+00:00\",\"dateModified\":\"2026-03-02T11:05:07+00:00\",\"description\":\"La Falla Nou Barri particip\u00f3 el 28 de febrero en la Crida de las Fallas de Benicarl\u00f3 acompa\u00f1ada por el grupo de percusi\u00f3n Percufen\u00f2mens en la Plaza del Ayuntamiento.\",\"breadcrumb\":{\"@id\":\"https:\\\/\\\/fenomensassociacio.org\\\/falla-nou-barri-percufenomens-crida-2026-benicarlo\\\/#breadcrumb\"},\"inLanguage\":\"ca\",\"potentialAction\":[{\"@type\":\"ReadAction\",\"target\":[\"https:\\\/\\\/fenomensassociacio.org\\\/falla-nou-barri-percufenomens-crida-2026-benicarlo\\\/\"]}]},{\"@type\":\"ImageObject\",\"inLanguage\":\"ca\",\"@id\":\"https:\\\/\\\/fenomensassociacio.org\\\/falla-nou-barri-percufenomens-crida-2026-benicarlo\\\/#primaryimage\",\"url\":\"https:\\\/\\\/fenomensassociacio.org\\\/wp-content\\\/uploads\\\/2026\\\/03\\\/IMG_20260228_185718-scaled.webp\",\"contentUrl\":\"https:\\\/\\\/fenomensassociacio.org\\\/wp-content\\\/uploads\\\/2026\\\/03\\\/IMG_20260228_185718-scaled.webp\",\"width\":2560,\"height\":1441,\"caption\":\"Percufen\u00f2mens al inicio\"},{\"@type\":\"BreadcrumbList\",\"@id\":\"https:\\\/\\\/fenomensassociacio.org\\\/falla-nou-barri-percufenomens-crida-2026-benicarlo\\\/#breadcrumb\",\"itemListElement\":[{\"@type\":\"ListItem\",\"position\":1,\"name\":\"Portada\",\"item\":\"https:\\\/\\\/fenomensassociacio.org\\\/\"},{\"@type\":\"ListItem\",\"position\":2,\"name\":\"Falla Nou Barri y Percufen\u00f2mens a la Crida 2026\"}]},{\"@type\":\"WebSite\",\"@id\":\"https:\\\/\\\/fenomensassociacio.org\\\/#website\",\"url\":\"https:\\\/\\\/fenomensassociacio.org\\\/\",\"name\":\"Fenomens\",\"description\":\"Associaci\u00f3 de persones amb discapacitat intel.lectual\",\"publisher\":{\"@id\":\"https:\\\/\\\/fenomensassociacio.org\\\/#organization\"},\"potentialAction\":[{\"@type\":\"SearchAction\",\"target\":{\"@type\":\"EntryPoint\",\"urlTemplate\":\"https:\\\/\\\/fenomensassociacio.org\\\/?s={search_term_string}\"},\"query-input\":{\"@type\":\"PropertyValueSpecification\",\"valueRequired\":true,\"valueName\":\"search_term_string\"}}],\"inLanguage\":\"ca\"},{\"@type\":\"Organization\",\"@id\":\"https:\\\/\\\/fenomensassociacio.org\\\/#organization\",\"name\":\"Fenomens\",\"url\":\"https:\\\/\\\/fenomensassociacio.org\\\/\",\"logo\":{\"@type\":\"ImageObject\",\"inLanguage\":\"ca\",\"@id\":\"https:\\\/\\\/fenomensassociacio.org\\\/#\\\/schema\\\/logo\\\/image\\\/\",\"url\":\"https:\\\/\\\/fenomensassociacio.org\\\/wp-content\\\/uploads\\\/2020\\\/06\\\/logo_fenomens_color_sin_fondo_subtitulo.webp\",\"contentUrl\":\"https:\\\/\\\/fenomensassociacio.org\\\/wp-content\\\/uploads\\\/2020\\\/06\\\/logo_fenomens_color_sin_fondo_subtitulo.webp\",\"width\":2048,\"height\":1707,\"caption\":\"Fenomens\"},\"image\":{\"@id\":\"https:\\\/\\\/fenomensassociacio.org\\\/#\\\/schema\\\/logo\\\/image\\\/\"},\"sameAs\":[\"https:\\\/\\\/www.facebook.com\\\/elsfenomens\\\/?locale=es_ES\",\"https:\\\/\\\/www.instagram.com\\\/associacio_fenomens\\\/p\\\/DDjl2kbIsrU\\\/?img_index=1\"]},{\"@type\":\"Person\",\"@id\":\"https:\\\/\\\/fenomensassociacio.org\\\/#\\\/schema\\\/person\\\/c1734ce1d720ad761110f905c22e4a6a\",\"name\":\"admin\",\"image\":{\"@type\":\"ImageObject\",\"inLanguage\":\"ca\",\"@id\":\"https:\\\/\\\/fenomensassociacio.org\\\/wp-content\\\/litespeed\\\/avatar\\\/8a4c5022de4aad7118ebd8830ae8ea5f.jpg?ver=1776947167\",\"url\":\"https:\\\/\\\/fenomensassociacio.org\\\/wp-content\\\/litespeed\\\/avatar\\\/8a4c5022de4aad7118ebd8830ae8ea5f.jpg?ver=1776947167\",\"contentUrl\":\"https:\\\/\\\/fenomensassociacio.org\\\/wp-content\\\/litespeed\\\/avatar\\\/8a4c5022de4aad7118ebd8830ae8ea5f.jpg?ver=1776947167\",\"caption\":\"admin\"},\"sameAs\":[\"https:\\\/\\\/fenomensassociacio.org\"],\"url\":\"https:\\\/\\\/fenomensassociacio.org\\\/va\\\/author\\\/fenomensa\\\/\"}]}<\/script>\n<!-- \/ Yoast SEO plugin. -->","yoast_head_json":{"title":"Falla Nou Barri y Percufen\u00f2mens a la Crida 2026 - Fenomens","description":"La Falla Nou Barri particip\u00f3 el 28 de febrero en la Crida de las Fallas de Benicarl\u00f3 acompa\u00f1ada por el grupo de percusi\u00f3n Percufen\u00f2mens en la Plaza del Ayuntamiento.","robots":{"index":"index","follow":"follow","max-snippet":"max-snippet:-1","max-image-preview":"max-image-preview:large","max-video-preview":"max-video-preview:-1"},"canonical":"https:\/\/fenomensassociacio.org\/va\/falla-nou-barri-percufenomens-crida-2026-benicarlo\/","og_locale":"ca_ES","og_type":"article","og_title":"Falla Nou Barri y Percufen\u00f2mens a la Crida 2026 - Fenomens","og_description":"La Falla Nou Barri particip\u00f3 el 28 de febrero en la Crida de las Fallas de Benicarl\u00f3 acompa\u00f1ada por el grupo de percusi\u00f3n Percufen\u00f2mens en la Plaza del Ayuntamiento.","og_url":"https:\/\/fenomensassociacio.org\/va\/falla-nou-barri-percufenomens-crida-2026-benicarlo\/","og_site_name":"Fenomens","article_publisher":"https:\/\/www.facebook.com\/elsfenomens\/?locale=es_ES","article_published_time":"2026-03-01T17:10:24+00:00","article_modified_time":"2026-03-02T11:05:07+00:00","og_image":[{"width":2560,"height":1441,"url":"https:\/\/fenomensassociacio.org\/wp-content\/uploads\/2026\/03\/IMG_20260228_185718-scaled.webp","type":"image\/webp"}],"author":"admin","twitter_card":"summary_large_image","twitter_misc":{"Escrit per":"admin","Temps estimat de lectura":"4 minuts"},"schema":{"@context":"https:\/\/schema.org","@graph":[{"@type":"Article","@id":"https:\/\/fenomensassociacio.org\/falla-nou-barri-percufenomens-crida-2026-benicarlo\/#article","isPartOf":{"@id":"https:\/\/fenomensassociacio.org\/falla-nou-barri-percufenomens-crida-2026-benicarlo\/"},"author":{"name":"admin","@id":"https:\/\/fenomensassociacio.org\/#\/schema\/person\/c1734ce1d720ad761110f905c22e4a6a"},"headline":"Falla Nou Barri y Percufen\u00f2mens a la Crida 2026","datePublished":"2026-03-01T17:10:24+00:00","dateModified":"2026-03-02T11:05:07+00:00","mainEntityOfPage":{"@id":"https:\/\/fenomensassociacio.org\/falla-nou-barri-percufenomens-crida-2026-benicarlo\/"},"wordCount":356,"commentCount":0,"publisher":{"@id":"https:\/\/fenomensassociacio.org\/#organization"},"image":{"@id":"https:\/\/fenomensassociacio.org\/falla-nou-barri-percufenomens-crida-2026-benicarlo\/#primaryimage"},"thumbnailUrl":"https:\/\/fenomensassociacio.org\/wp-content\/uploads\/2026\/03\/IMG_20260228_185718-scaled.webp","articleSection":["Uncategorized"],"inLanguage":"ca","potentialAction":[{"@type":"CommentAction","name":"Comment","target":["https:\/\/fenomensassociacio.org\/falla-nou-barri-percufenomens-crida-2026-benicarlo\/#respond"]}]},{"@type":"WebPage","@id":"https:\/\/fenomensassociacio.org\/falla-nou-barri-percufenomens-crida-2026-benicarlo\/","url":"https:\/\/fenomensassociacio.org\/falla-nou-barri-percufenomens-crida-2026-benicarlo\/","name":"Falla Nou Barri y Percufen\u00f2mens a la Crida 2026 - Fenomens","isPartOf":{"@id":"https:\/\/fenomensassociacio.org\/#website"},"primaryImageOfPage":{"@id":"https:\/\/fenomensassociacio.org\/falla-nou-barri-percufenomens-crida-2026-benicarlo\/#primaryimage"},"image":{"@id":"https:\/\/fenomensassociacio.org\/falla-nou-barri-percufenomens-crida-2026-benicarlo\/#primaryimage"},"thumbnailUrl":"https:\/\/fenomensassociacio.org\/wp-content\/uploads\/2026\/03\/IMG_20260228_185718-scaled.webp","datePublished":"2026-03-01T17:10:24+00:00","dateModified":"2026-03-02T11:05:07+00:00","description":"La Falla Nou Barri particip\u00f3 el 28 de febrero en la Crida de las Fallas de Benicarl\u00f3 acompa\u00f1ada por el grupo de percusi\u00f3n Percufen\u00f2mens en la Plaza del Ayuntamiento.","breadcrumb":{"@id":"https:\/\/fenomensassociacio.org\/falla-nou-barri-percufenomens-crida-2026-benicarlo\/#breadcrumb"},"inLanguage":"ca","potentialAction":[{"@type":"ReadAction","target":["https:\/\/fenomensassociacio.org\/falla-nou-barri-percufenomens-crida-2026-benicarlo\/"]}]},{"@type":"ImageObject","inLanguage":"ca","@id":"https:\/\/fenomensassociacio.org\/falla-nou-barri-percufenomens-crida-2026-benicarlo\/#primaryimage","url":"https:\/\/fenomensassociacio.org\/wp-content\/uploads\/2026\/03\/IMG_20260228_185718-scaled.webp","contentUrl":"https:\/\/fenomensassociacio.org\/wp-content\/uploads\/2026\/03\/IMG_20260228_185718-scaled.webp","width":2560,"height":1441,"caption":"Percufen\u00f2mens al inicio"},{"@type":"BreadcrumbList","@id":"https:\/\/fenomensassociacio.org\/falla-nou-barri-percufenomens-crida-2026-benicarlo\/#breadcrumb","itemListElement":[{"@type":"ListItem","position":1,"name":"Portada","item":"https:\/\/fenomensassociacio.org\/"},{"@type":"ListItem","position":2,"name":"Falla Nou Barri y Percufen\u00f2mens a la Crida 2026"}]},{"@type":"WebSite","@id":"https:\/\/fenomensassociacio.org\/#website","url":"https:\/\/fenomensassociacio.org\/","name":"Fenomens","description":"Associaci\u00f3 de persones amb discapacitat intel.lectual","publisher":{"@id":"https:\/\/fenomensassociacio.org\/#organization"},"potentialAction":[{"@type":"SearchAction","target":{"@type":"EntryPoint","urlTemplate":"https:\/\/fenomensassociacio.org\/?s={search_term_string}"},"query-input":{"@type":"PropertyValueSpecification","valueRequired":true,"valueName":"search_term_string"}}],"inLanguage":"ca"},{"@type":"Organization","@id":"https:\/\/fenomensassociacio.org\/#organization","name":"Fenomens","url":"https:\/\/fenomensassociacio.org\/","logo":{"@type":"ImageObject","inLanguage":"ca","@id":"https:\/\/fenomensassociacio.org\/#\/schema\/logo\/image\/","url":"https:\/\/fenomensassociacio.org\/wp-content\/uploads\/2020\/06\/logo_fenomens_color_sin_fondo_subtitulo.webp","contentUrl":"https:\/\/fenomensassociacio.org\/wp-content\/uploads\/2020\/06\/logo_fenomens_color_sin_fondo_subtitulo.webp","width":2048,"height":1707,"caption":"Fenomens"},"image":{"@id":"https:\/\/fenomensassociacio.org\/#\/schema\/logo\/image\/"},"sameAs":["https:\/\/www.facebook.com\/elsfenomens\/?locale=es_ES","https:\/\/www.instagram.com\/associacio_fenomens\/p\/DDjl2kbIsrU\/?img_index=1"]},{"@type":"Person","@id":"https:\/\/fenomensassociacio.org\/#\/schema\/person\/c1734ce1d720ad761110f905c22e4a6a","name":"admin","image":{"@type":"ImageObject","inLanguage":"ca","@id":"https:\/\/fenomensassociacio.org\/wp-content\/litespeed\/avatar\/8a4c5022de4aad7118ebd8830ae8ea5f.jpg?ver=1776947167","url":"https:\/\/fenomensassociacio.org\/wp-content\/litespeed\/avatar\/8a4c5022de4aad7118ebd8830ae8ea5f.jpg?ver=1776947167","contentUrl":"https:\/\/fenomensassociacio.org\/wp-content\/litespeed\/avatar\/8a4c5022de4aad7118ebd8830ae8ea5f.jpg?ver=1776947167","caption":"admin"},"sameAs":["https:\/\/fenomensassociacio.org"],"url":"https:\/\/fenomensassociacio.org\/va\/author\/fenomensa\/"}]}},"_links":{"self":[{"href":"https:\/\/fenomensassociacio.org\/va\/wp-json\/wp\/v2\/posts\/5985","targetHints":{"allow":["GET"]}}],"collection":[{"href":"https:\/\/fenomensassociacio.org\/va\/wp-json\/wp\/v2\/posts"}],"about":[{"href":"https:\/\/fenomensassociacio.org\/va\/wp-json\/wp\/v2\/types\/post"}],"author":[{"embeddable":true,"href":"https:\/\/fenomensassociacio.org\/va\/wp-json\/wp\/v2\/users\/1"}],"replies":[{"embeddable":true,"href":"https:\/\/fenomensassociacio.org\/va\/wp-json\/wp\/v2\/comments?post=5985"}],"version-history":[{"count":7,"href":"https:\/\/fenomensassociacio.org\/va\/wp-json\/wp\/v2\/posts\/5985\/revisions"}],"predecessor-version":[{"id":6004,"href":"https:\/\/fenomensassociacio.org\/va\/wp-json\/wp\/v2\/posts\/5985\/revisions\/6004"}],"wp:featuredmedia":[{"embeddable":true,"href":"https:\/\/fenomensassociacio.org\/va\/wp-json\/wp\/v2\/media\/5986"}],"wp:attachment":[{"href":"https:\/\/fenomensassociacio.org\/va\/wp-json\/wp\/v2\/media?parent=5985"}],"wp:term":[{"taxonomy":"category","embeddable":true,"href":"https:\/\/fenomensassociacio.org\/va\/wp-json\/wp\/v2\/categories?post=5985"},{"taxonomy":"post_tag","embeddable":true,"href":"https:\/\/fenomensassociacio.org\/va\/wp-json\/wp\/v2\/tags?post=5985"}],"curies":[{"name":"wp","href":"https:\/\/api.w.org\/{rel}","templated":true}]}}